{"id":61626,"date":"2015-09-03T09:10:59","date_gmt":"2015-09-03T12:10:59","guid":{"rendered":"http:\/\/www.eltrabajo.cl\/portal\/?p=61626"},"modified":"2015-09-03T09:10:59","modified_gmt":"2015-09-03T12:10:59","slug":"oficina-de-la-juventud-invita-a-participar-de-actividades-para-jovenes-en-septiembre","status":"publish","type":"post","link":"https:\/\/eltrabajo.cl\/portal\/oficina-de-la-juventud-invita-a-participar-de-actividades-para-jovenes-en-septiembre\/","title":{"rendered":"Oficina de la juventud invita a participar de actividades para j\u00f3venes en septiembre"},"content":{"rendered":"<figure id=\"attachment_61627\" aria-describedby=\"caption-attachment-61627\" style=\"width: 300px\" class=\"wp-caption alignleft\"><a href=\"https:\/\/i0.wp.com\/www.eltrabajo.cl\/portal\/wp-content\/uploads\/2015\/09\/sabina.jpg\"><img data-recalc-dims=\"1\" loading=\"lazy\" decoding=\"async\" class=\"wp-image-61627 size-medium\" src=\"https:\/\/i0.wp.com\/www.eltrabajo.cl\/portal\/wp-content\/uploads\/2015\/09\/sabina-300x197.jpg?resize=300%2C197\" alt=\"Sabina Castro, encargada de la Oficina de la Juventud de la Municipalidad de San Felipe.\" width=\"300\" height=\"197\" srcset=\"https:\/\/i0.wp.com\/eltrabajo.cl\/portal\/wp-content\/uploads\/2015\/09\/sabina.jpg?resize=300%2C197&amp;ssl=1 300w, https:\/\/i0.wp.com\/eltrabajo.cl\/portal\/wp-content\/uploads\/2015\/09\/sabina.jpg?resize=200%2C131&amp;ssl=1 200w, https:\/\/i0.wp.com\/eltrabajo.cl\/portal\/wp-content\/uploads\/2015\/09\/sabina.jpg?resize=228%2C150&amp;ssl=1 228w, https:\/\/i0.wp.com\/eltrabajo.cl\/portal\/wp-content\/uploads\/2015\/09\/sabina.jpg?resize=400%2C263&amp;ssl=1 400w, https:\/\/i0.wp.com\/eltrabajo.cl\/portal\/wp-content\/uploads\/2015\/09\/sabina.jpg?w=530&amp;ssl=1 530w\" sizes=\"auto, (max-width: 300px) 100vw, 300px\" \/><\/a><figcaption id=\"caption-attachment-61627\" class=\"wp-caption-text\">Sabina Castro, encargada de la Oficina de la Juventud de la Municipalidad de San Felipe.<\/figcaption><\/figure>\n<p>Una invitaci\u00f3n abierta a la comunidad, particularmente a los j\u00f3venes de la comuna, est\u00e1 formulando la Municipalidad de San Felipe, en el sentido de participar de las actividades que est\u00e1 organizando a trav\u00e9s de la Oficina de la Juventud.<br \/>\nSeg\u00fan explic\u00f3 la encargada de esta unidad, Sabina Castro, este s\u00e1bado 5 de septiembre se realizar\u00e1 una nueva edici\u00f3n de la actividad denominada \u2018Impacto Juvenil\u2019, la que ha permitido promocionar los grupos musicales emergentes de la ciudad y de todo el valle, pero que en esta oportunidad considera el lanzamiento oficial de \u2018Calles, Sangre, Amor y Desamor\u2019, el trabajo de Emtiei + Mat\u00edas, conocido artista local que contar\u00e1 con la participaci\u00f3n de otros exponentes de rap y hip hop.<br \/>\n\u201cPartimos en abril con la primera edici\u00f3n de Impacto Juvenil y desde entonces hemos realizado mes a mes actividades donde los j\u00f3venes artistas puedan participar, por lo tanto estamos invitando a la gente y en especial a todos los j\u00f3venes de la comuna, para que asistan, este s\u00e1bado desde las 17,00 horas\u201d, se\u00f1al\u00f3 Sabina Castro.<br \/>\nEl pr\u00f3ximo jueves 10 de septiembre en tanto, est\u00e1 contemplado en el sal\u00f3n subterr\u00e1neo de la Municipalidad de San Felipe, la realizaci\u00f3n de un taller tem\u00e1tico en torno a la juventud, que permita conocer su mirada sobre el desarrollo de San Felipe, esto, enmarcado en el proceso de elaboraci\u00f3n del Plan de Desarrollo Comunal, Pladeco.<br \/>\n\u201cEstamos convocando a los j\u00f3venes para que asistan el 10 de septiembre a las 18:00 horas en una actividad pionera que ha definido el alcalde Patricio Freire, pues su intenci\u00f3n es que en este proceso de definici\u00f3n del Pladeco, los j\u00f3venes tomen parte activa y no se tomen las decisiones por ellos, por eso es que esperamos que puedan asistir\u201d, se\u00f1al\u00f3 la profesional.<br \/>\nEl s\u00e1bado 12 de septiembre adem\u00e1s, est\u00e1 considerada la realizaci\u00f3n de un nuevo taller de bioconstrucci\u00f3n, que ser\u00e1 dictado por el Ingeniero Agr\u00f3nomo de Prodesal Mauricio Curaz.<br \/>\nSabina Castro se\u00f1al\u00f3 que los interesados en participar, deben llevar ropa c\u00f3moda para sumarse al trabajo pr\u00e1ctico que se realizar\u00e1 en la oportunidad y adem\u00e1s, colaci\u00f3n. El punto de encuentro ser\u00e1 en el Camino La Troya, a la altura de la copa de agua, a las 15.00 horas.<\/p>\n","protected":false},"excerpt":{"rendered":"<p>Una invitaci\u00f3n abierta a la comunidad, particularmente a los j\u00f3venes de la comuna, est\u00e1 formulando la Municipalidad de San Felipe, en el sentido de participar de las actividades que est\u00e1 organizando a&#8230;<\/p>\n","protected":false},"author":482,"featured_media":61627,"comment_status":"open","ping_status":"open","sticky":false,"template":"","format":"standard","meta":{"advanced_seo_description":"","jetpack_seo_html_title":"","jetpack_seo_noindex":false,"_jetpack_memberships_contains_paid_content":false,"footnotes":""},"categories":[1],"tags":[],"class_list":["post-61626","post","type-post","status-publish","format-standard","has-post-thumbnail","hentry","category-cronica"],"jetpack_featured_media_url":"https:\/\/i0.wp.com\/eltrabajo.cl\/portal\/wp-content\/uploads\/2015\/09\/sabina.jpg?fit=530%2C348&ssl=1","jetpack_sharing_enabled":true,"jetpack_likes_enabled":true,"jetpack-related-posts":[],"_links":{"self":[{"href":"https:\/\/eltrabajo.cl\/portal\/wp-json\/wp\/v2\/posts\/61626","targetHints":{"allow":["GET"]}}],"collection":[{"href":"https:\/\/eltrabajo.cl\/portal\/wp-json\/wp\/v2\/posts"}],"about":[{"href":"https:\/\/eltrabajo.cl\/portal\/wp-json\/wp\/v2\/types\/post"}],"author":[{"embeddable":true,"href":"https:\/\/eltrabajo.cl\/portal\/wp-json\/wp\/v2\/users\/482"}],"replies":[{"embeddable":true,"href":"https:\/\/eltrabajo.cl\/portal\/wp-json\/wp\/v2\/comments?post=61626"}],"version-history":[{"count":0,"href":"https:\/\/eltrabajo.cl\/portal\/wp-json\/wp\/v2\/posts\/61626\/revisions"}],"wp:featuredmedia":[{"embeddable":true,"href":"https:\/\/eltrabajo.cl\/portal\/wp-json\/wp\/v2\/media\/61627"}],"wp:attachment":[{"href":"https:\/\/eltrabajo.cl\/portal\/wp-json\/wp\/v2\/media?parent=61626"}],"wp:term":[{"taxonomy":"category","embeddable":true,"href":"https:\/\/eltrabajo.cl\/portal\/wp-json\/wp\/v2\/categories?post=61626"},{"taxonomy":"post_tag","embeddable":true,"href":"https:\/\/eltrabajo.cl\/portal\/wp-json\/wp\/v2\/tags?post=61626"}],"curies":[{"name":"wp","href":"https:\/\/api.w.org\/{rel}","templated":true}]}}