{"id":61633,"date":"2015-09-03T09:17:07","date_gmt":"2015-09-03T12:17:07","guid":{"rendered":"http:\/\/www.eltrabajo.cl\/portal\/?p=61633"},"modified":"2015-09-03T09:17:07","modified_gmt":"2015-09-03T12:17:07","slug":"seis-establecimientos-de-la-provincia-pasaran-a-ser-gratuitos-a-partir-de-marzo-del-2016","status":"publish","type":"post","link":"https:\/\/eltrabajo.cl\/portal\/seis-establecimientos-de-la-provincia-pasaran-a-ser-gratuitos-a-partir-de-marzo-del-2016\/","title":{"rendered":"Seis establecimientos de la Provincia pasar\u00e1n a ser gratuitos a partir de marzo del 2016"},"content":{"rendered":"<figure id=\"attachment_61634\" aria-describedby=\"caption-attachment-61634\" style=\"width: 300px\" class=\"wp-caption alignleft\"><a href=\"https:\/\/i0.wp.com\/www.eltrabajo.cl\/portal\/wp-content\/uploads\/2015\/09\/Gobernador-Eduardo-Leon.jpg\"><img data-recalc-dims=\"1\" loading=\"lazy\" decoding=\"async\" class=\"wp-image-61634 size-medium\" src=\"https:\/\/i0.wp.com\/www.eltrabajo.cl\/portal\/wp-content\/uploads\/2015\/09\/Gobernador-Eduardo-Leon-300x198.jpg?resize=300%2C198\" alt=\"El gobernador Eduardo Le\u00f3n afirma que ser\u00e1n cerca de 4500 los alumnos beneficiados con la gratuidad de estos establecimientos educacionales.\" width=\"300\" height=\"198\" srcset=\"https:\/\/i0.wp.com\/eltrabajo.cl\/portal\/wp-content\/uploads\/2015\/09\/Gobernador-Eduardo-Leon.jpg?resize=300%2C198&amp;ssl=1 300w, https:\/\/i0.wp.com\/eltrabajo.cl\/portal\/wp-content\/uploads\/2015\/09\/Gobernador-Eduardo-Leon.jpg?resize=200%2C132&amp;ssl=1 200w, https:\/\/i0.wp.com\/eltrabajo.cl\/portal\/wp-content\/uploads\/2015\/09\/Gobernador-Eduardo-Leon.jpg?resize=227%2C150&amp;ssl=1 227w, https:\/\/i0.wp.com\/eltrabajo.cl\/portal\/wp-content\/uploads\/2015\/09\/Gobernador-Eduardo-Leon.jpg?resize=400%2C264&amp;ssl=1 400w, https:\/\/i0.wp.com\/eltrabajo.cl\/portal\/wp-content\/uploads\/2015\/09\/Gobernador-Eduardo-Leon.jpg?w=530&amp;ssl=1 530w\" sizes=\"auto, (max-width: 300px) 100vw, 300px\" \/><\/a><figcaption id=\"caption-attachment-61634\" class=\"wp-caption-text\">El gobernador Eduardo Le\u00f3n afirma que ser\u00e1n cerca de 4500 los alumnos beneficiados con la gratuidad de estos establecimientos educacionales.<\/figcaption><\/figure>\n<ul>\n<li><strong>En la Provincia, ser\u00e1n m\u00e1s de 4.500 alumnos que podr\u00e1n optar a este beneficio.<\/strong><\/li>\n<\/ul>\n<p>Importantes noticias fueron informadas por el Gobernador Eduardo Le\u00f3n. Esto debido a que 6 establecimientos educacionales de la Provincia de San Felipe pasar\u00e1n a ser gratuitos a partir de marzo del pr\u00f3ximo a\u00f1o en el marco de la Ley de Inclusi\u00f3n Escolar impulsada por el Gobierno de la Presidenta Bachelet.<br \/>\nEste importante n\u00famero est\u00e1 inserto dentro de los 739 colegios a nivel nacional que optaron por esta posibilidad, lo que implicar\u00e1 que m\u00e1s de 220 mil familias de Chile educar\u00e1n a sus hijos en las mismas instituciones educacionales sin pagar absolutamente nada.<br \/>\nA ra\u00edz de esto, el Gobernador Eduardo Le\u00f3n manifest\u00f3 que \u201cnosotros nos declaramos conformes, porque la ley de inclusi\u00f3n se est\u00e1 cumpliendo. Finalmente son 6 los colegios que han solicitado ser gratuito y ninguno a ser particular pagado, lo cual es una muy buena se\u00f1al de parte de estos colegios que a partir del 2016 pasar\u00e1n a ser gratis para las familias de la Provincia\u201d.<br \/>\nEn la Provincia son m\u00e1s de 4500 alumnos que se ver\u00e1n beneficiados con esta medida que les permitir\u00e1 mantenerse en el mismo establecimiento, pero bajo otra condici\u00f3n como lo es la gratuidad.<br \/>\nLos establecimientos educacionales que se incorporaron a esta ley son: Escuela Marie Poussepin de Putaendo, Colegio California y Escuela Agr\u00edcola Salesiana de Catemu, Esc. Particular Mar\u00eda Letelier de Prieto y Colegio Salvador Gonz\u00e1lez de Llay Llay y Liceo Particular Mixto de San Felipe.<br \/>\nEn esa l\u00ednea, la autoridad provincial destac\u00f3 el enorme aporte que significa esto para las familias y que va de la mano con mejoras en la calidad. \u201cHay que recordar que est\u00e1 asociado a mejores pr\u00e1cticas educativas y aportes del Estado. Se est\u00e1 tomando la decisi\u00f3n de que con las platas p\u00fablicas de la educaci\u00f3n no se lucre. Es leg\u00edtimo que hayan colegios particulares que cobren y ganen con eso, pero en la Provincia ninguno ha tomado ese camino\u201d, puntualiz\u00f3 Le\u00f3n.<br \/>\nLa ley de inclusi\u00f3n escolar tiene como objetivo mejorar la calidad de la educaci\u00f3n, garantizando que todos los recursos que se entregan a los colegios que reciben aportes del Estado, se utilicen efectivamente con ese fin. Adem\u00e1s, proh\u00edbe la discriminaci\u00f3n arbitraria en los procesos de admisi\u00f3n y entrega un fondo para la recuperaci\u00f3n y fortalecimiento de la educaci\u00f3n p\u00fablica de $250 mil millones anuales, por cuatro a\u00f1os.<\/p>\n","protected":false},"excerpt":{"rendered":"<p>En la Provincia, ser\u00e1n m\u00e1s de 4.500 alumnos que podr\u00e1n optar a este beneficio. Importantes noticias fueron informadas por el Gobernador Eduardo Le\u00f3n. Esto debido a que 6 establecimientos educacionales de la&#8230;<\/p>\n","protected":false},"author":482,"featured_media":61634,"comment_status":"open","ping_status":"open","sticky":false,"template":"","format":"standard","meta":{"advanced_seo_description":"","jetpack_seo_html_title":"","jetpack_seo_noindex":false,"_jetpack_memberships_contains_paid_content":false,"footnotes":""},"categories":[1],"tags":[],"class_list":["post-61633","post","type-post","status-publish","format-standard","has-post-thumbnail","hentry","category-cronica"],"jetpack_featured_media_url":"https:\/\/i0.wp.com\/eltrabajo.cl\/portal\/wp-content\/uploads\/2015\/09\/Gobernador-Eduardo-Leon.jpg?fit=530%2C350&ssl=1","jetpack_sharing_enabled":true,"jetpack_likes_enabled":true,"jetpack-related-posts":[],"_links":{"self":[{"href":"https:\/\/eltrabajo.cl\/portal\/wp-json\/wp\/v2\/posts\/61633","targetHints":{"allow":["GET"]}}],"collection":[{"href":"https:\/\/eltrabajo.cl\/portal\/wp-json\/wp\/v2\/posts"}],"about":[{"href":"https:\/\/eltrabajo.cl\/portal\/wp-json\/wp\/v2\/types\/post"}],"author":[{"embeddable":true,"href":"https:\/\/eltrabajo.cl\/portal\/wp-json\/wp\/v2\/users\/482"}],"replies":[{"embeddable":true,"href":"https:\/\/eltrabajo.cl\/portal\/wp-json\/wp\/v2\/comments?post=61633"}],"version-history":[{"count":0,"href":"https:\/\/eltrabajo.cl\/portal\/wp-json\/wp\/v2\/posts\/61633\/revisions"}],"wp:featuredmedia":[{"embeddable":true,"href":"https:\/\/eltrabajo.cl\/portal\/wp-json\/wp\/v2\/media\/61634"}],"wp:attachment":[{"href":"https:\/\/eltrabajo.cl\/portal\/wp-json\/wp\/v2\/media?parent=61633"}],"wp:term":[{"taxonomy":"category","embeddable":true,"href":"https:\/\/eltrabajo.cl\/portal\/wp-json\/wp\/v2\/categories?post=61633"},{"taxonomy":"post_tag","embeddable":true,"href":"https:\/\/eltrabajo.cl\/portal\/wp-json\/wp\/v2\/tags?post=61633"}],"curies":[{"name":"wp","href":"https:\/\/api.w.org\/{rel}","templated":true}]}}