{"id":61636,"date":"2015-09-03T09:15:41","date_gmt":"2015-09-03T12:15:41","guid":{"rendered":"http:\/\/www.eltrabajo.cl\/portal\/?p=61636"},"modified":"2015-09-03T09:15:41","modified_gmt":"2015-09-03T12:15:41","slug":"francisco-gonzalez-ex-lucybell-se-presentara-en-teatro-municipal-de-san-felipe","status":"publish","type":"post","link":"https:\/\/eltrabajo.cl\/portal\/francisco-gonzalez-ex-lucybell-se-presentara-en-teatro-municipal-de-san-felipe\/","title":{"rendered":"Francisco Gonz\u00e1lez ex Lucybell se presentar\u00e1 en Teatro Municipal de San Felipe"},"content":{"rendered":"<figure id=\"attachment_61637\" aria-describedby=\"caption-attachment-61637\" style=\"width: 300px\" class=\"wp-caption alignleft\"><a href=\"https:\/\/i0.wp.com\/www.eltrabajo.cl\/portal\/wp-content\/uploads\/2015\/09\/franciscogonzalez.jpg\"><img data-recalc-dims=\"1\" loading=\"lazy\" decoding=\"async\" class=\"wp-image-61637 size-medium\" src=\"https:\/\/i0.wp.com\/www.eltrabajo.cl\/portal\/wp-content\/uploads\/2015\/09\/franciscogonzalez-300x198.jpg?resize=300%2C198\" alt=\"Francisco Gonz\u00e1lez, ex integrante de Lucybell se presentar\u00e1 este viernes 4 de septiembre en el Teatro Municipal de San Felipe. \" width=\"300\" height=\"198\" srcset=\"https:\/\/i0.wp.com\/eltrabajo.cl\/portal\/wp-content\/uploads\/2015\/09\/franciscogonzalez.jpg?resize=300%2C198&amp;ssl=1 300w, https:\/\/i0.wp.com\/eltrabajo.cl\/portal\/wp-content\/uploads\/2015\/09\/franciscogonzalez.jpg?resize=200%2C132&amp;ssl=1 200w, https:\/\/i0.wp.com\/eltrabajo.cl\/portal\/wp-content\/uploads\/2015\/09\/franciscogonzalez.jpg?resize=227%2C150&amp;ssl=1 227w, https:\/\/i0.wp.com\/eltrabajo.cl\/portal\/wp-content\/uploads\/2015\/09\/franciscogonzalez.jpg?resize=400%2C264&amp;ssl=1 400w, https:\/\/i0.wp.com\/eltrabajo.cl\/portal\/wp-content\/uploads\/2015\/09\/franciscogonzalez.jpg?w=530&amp;ssl=1 530w\" sizes=\"auto, (max-width: 300px) 100vw, 300px\" \/><\/a><figcaption id=\"caption-attachment-61637\" class=\"wp-caption-text\">Francisco Gonz\u00e1lez, ex integrante de Lucybell se presentar\u00e1 este viernes 4 de septiembre en el Teatro Municipal de San Felipe.<\/figcaption><\/figure>\n<ul>\n<li><strong>La entrada es liberada y las invitaciones se retiran en las boleter\u00edas del teatro.<\/strong><\/li>\n<\/ul>\n<p>En el marco de la gira que ha recorrido varias ciudades del pa\u00eds, el ex Lucybell Francisco Gonz\u00e1lez se presentar\u00e1 el viernes 4 de septiembre en el Teatro Regional de San Felipe a las 20:00 hrs.<br \/>\nEn el concierto interpretar\u00e1 su m\u00e1s reciente trabajo discogr\u00e1fico titulado \u2018Alma p\u00farpura\u2019, show que incluir\u00e1 adem\u00e1s lo mejor de su exitosa carrera solista que cuenta con tres discos de estudio, m\u00e1s un recorrido por algunas canciones de su ex grupo musical Lucybell.<br \/>\nLa entrada es liberada y se retira en las boleter\u00edas del teatro.<br \/>\nRecientemente el m\u00fasico lanz\u00f3 el segundo single Sincron\u00eda cuyo videoclip cuenta con la participaci\u00f3n especial de Ver\u00f3nica Calabi como protagonista del video.<br \/>\nLuego de haber presentado su primer sencillo \u2018Luz y Oscuridad\u2019 de su \u00faltimo trabajo como solista, Francisco Gonz\u00e1lez estrena este segundo videoclip dirigido por Nicol\u00e1s Soto y Francisca Versluys de Alterado Producciones.<\/p>\n","protected":false},"excerpt":{"rendered":"<p>La entrada es liberada y las invitaciones se retiran en las boleter\u00edas del teatro. En el marco de la gira que ha recorrido varias ciudades del pa\u00eds, el ex Lucybell Francisco Gonz\u00e1lez&#8230;<\/p>\n","protected":false},"author":482,"featured_media":61637,"comment_status":"open","ping_status":"open","sticky":false,"template":"","format":"standard","meta":{"advanced_seo_description":"","jetpack_seo_html_title":"","jetpack_seo_noindex":false,"_jetpack_memberships_contains_paid_content":false,"footnotes":""},"categories":[1],"tags":[],"class_list":["post-61636","post","type-post","status-publish","format-standard","has-post-thumbnail","hentry","category-cronica"],"jetpack_featured_media_url":"https:\/\/i0.wp.com\/eltrabajo.cl\/portal\/wp-content\/uploads\/2015\/09\/franciscogonzalez.jpg?fit=530%2C350&ssl=1","jetpack_sharing_enabled":true,"jetpack_likes_enabled":true,"jetpack-related-posts":[],"_links":{"self":[{"href":"https:\/\/eltrabajo.cl\/portal\/wp-json\/wp\/v2\/posts\/61636","targetHints":{"allow":["GET"]}}],"collection":[{"href":"https:\/\/eltrabajo.cl\/portal\/wp-json\/wp\/v2\/posts"}],"about":[{"href":"https:\/\/eltrabajo.cl\/portal\/wp-json\/wp\/v2\/types\/post"}],"author":[{"embeddable":true,"href":"https:\/\/eltrabajo.cl\/portal\/wp-json\/wp\/v2\/users\/482"}],"replies":[{"embeddable":true,"href":"https:\/\/eltrabajo.cl\/portal\/wp-json\/wp\/v2\/comments?post=61636"}],"version-history":[{"count":0,"href":"https:\/\/eltrabajo.cl\/portal\/wp-json\/wp\/v2\/posts\/61636\/revisions"}],"wp:featuredmedia":[{"embeddable":true,"href":"https:\/\/eltrabajo.cl\/portal\/wp-json\/wp\/v2\/media\/61637"}],"wp:attachment":[{"href":"https:\/\/eltrabajo.cl\/portal\/wp-json\/wp\/v2\/media?parent=61636"}],"wp:term":[{"taxonomy":"category","embeddable":true,"href":"https:\/\/eltrabajo.cl\/portal\/wp-json\/wp\/v2\/categories?post=61636"},{"taxonomy":"post_tag","embeddable":true,"href":"https:\/\/eltrabajo.cl\/portal\/wp-json\/wp\/v2\/tags?post=61636"}],"curies":[{"name":"wp","href":"https:\/\/api.w.org\/{rel}","templated":true}]}}