{"id":61640,"date":"2015-09-03T09:18:49","date_gmt":"2015-09-03T12:18:49","guid":{"rendered":"http:\/\/www.eltrabajo.cl\/portal\/?p=61640"},"modified":"2015-09-03T09:18:49","modified_gmt":"2015-09-03T12:18:49","slug":"cuidador-frustra-robo-de-vacas-en-calle-buin-de-putaendo","status":"publish","type":"post","link":"https:\/\/eltrabajo.cl\/portal\/cuidador-frustra-robo-de-vacas-en-calle-buin-de-putaendo\/","title":{"rendered":"Cuidador frustra robo de vacas en calle Buin de Putaendo"},"content":{"rendered":"<figure id=\"attachment_61641\" aria-describedby=\"caption-attachment-61641\" style=\"width: 300px\" class=\"wp-caption alignleft\"><a href=\"https:\/\/i0.wp.com\/www.eltrabajo.cl\/portal\/wp-content\/uploads\/2015\/09\/Eduardo-Sosa-2.jpg\"><img data-recalc-dims=\"1\" loading=\"lazy\" decoding=\"async\" class=\"wp-image-61641 size-medium\" src=\"https:\/\/i0.wp.com\/www.eltrabajo.cl\/portal\/wp-content\/uploads\/2015\/09\/Eduardo-Sosa-2-300x198.jpg?resize=300%2C198\" alt=\"Eduardo Sosa, cuidador de animales, logr\u00f3 interceptar a los cuatreros que le hab\u00edan robado tres vacas, sin embargo, los delincuentes no pudieron ser detenidos\" width=\"300\" height=\"198\" srcset=\"https:\/\/i0.wp.com\/eltrabajo.cl\/portal\/wp-content\/uploads\/2015\/09\/Eduardo-Sosa-2.jpg?resize=300%2C198&amp;ssl=1 300w, https:\/\/i0.wp.com\/eltrabajo.cl\/portal\/wp-content\/uploads\/2015\/09\/Eduardo-Sosa-2.jpg?resize=200%2C132&amp;ssl=1 200w, https:\/\/i0.wp.com\/eltrabajo.cl\/portal\/wp-content\/uploads\/2015\/09\/Eduardo-Sosa-2.jpg?resize=227%2C150&amp;ssl=1 227w, https:\/\/i0.wp.com\/eltrabajo.cl\/portal\/wp-content\/uploads\/2015\/09\/Eduardo-Sosa-2.jpg?resize=400%2C264&amp;ssl=1 400w, https:\/\/i0.wp.com\/eltrabajo.cl\/portal\/wp-content\/uploads\/2015\/09\/Eduardo-Sosa-2.jpg?w=530&amp;ssl=1 530w\" sizes=\"auto, (max-width: 300px) 100vw, 300px\" \/><\/a><figcaption id=\"caption-attachment-61641\" class=\"wp-caption-text\">Eduardo Sosa, cuidador de animales, logr\u00f3 interceptar a los cuatreros que le hab\u00edan robado tres vacas, sin embargo, los delincuentes no pudieron ser detenidos<\/figcaption><\/figure>\n<p><strong>PUTAENDO.-<\/strong> Un cuidador sorprendi\u00f3 en forma flagrante a dos cuatreros, que luego de robar algunas vacas las arriaban por un peque\u00f1o estero a un costado de calle Buin de Putaendo.<br \/>\nAntonio Aguirre, propietario de los animales, declar\u00f3 que a eso de la una de la madrugada de este martes, Eduardo Sosa, quien trabaja para \u00e9l como cuidador, sinti\u00f3 algunos ruidos sumados al mugido de las vacas, por lo que se traslad\u00f3 hasta la pesebrera, encontrando una peque\u00f1a puerta abierta y los candados y cadenas cortadas.<br \/>\nSosa sali\u00f3 hacia el estero y vio c\u00f3mo dos sujetos arriaban tres vacas, ante lo cual los increp\u00f3 a viva voz, generando la huida de los cuatreros que dejaron los animales abandonados en medio del estero.<br \/>\nA pesar del r\u00e1pido aviso y la pronta llegada de Carabineros, no fue posible dar con el paradero de los cuatreros, que aparentemente manten\u00edan un cami\u00f3n tres cuartos oculto en las inmediaciones para cargar las vacas robadas.<br \/>\nAntonio Aguirre, que hace un par de meses sufri\u00f3 el robo de sus monturas, manifest\u00f3 que decidi\u00f3 contratar un cuidador luego de escuchar las recomendaciones de Carabineros para enfrentar el robo de animales, sobre todo en estas fechas agregando que luego de lo vivido la madrugada de este martes en su propiedad, determin\u00f3 colocar un extenso cerco el\u00e9ctrico en toda su propiedad.<br \/>\nEl afectado advirti\u00f3 que aun sabiendo que es un accionar complicado, no dudar\u00e1 en hacer uso de sus armas para defender sus animales ante un nuevo intento de robo.<br \/>\nTanto el propietario como el cuidador de los animales reconocieron que vieron en los d\u00edas previos a un conocido sujeto merodeando el sector, asintiendo que estar\u00eda involucrado en varios robos que se han registrado en el sector, entre ellos el de un cordero, por lo que hicieron un llamado a la comunidad a estar atentos ante la presencia de este individuo, cuya identidad tambi\u00e9n maneja Carabineros de Putaendo.<br \/>\n<strong>Patricio Gallardo M.<\/strong><\/p>\n","protected":false},"excerpt":{"rendered":"<p>PUTAENDO.- Un cuidador sorprendi\u00f3 en forma flagrante a dos cuatreros, que luego de robar algunas vacas las arriaban por un peque\u00f1o estero a un costado de calle Buin de Putaendo. Antonio Aguirre,&#8230;<\/p>\n","protected":false},"author":482,"featured_media":61641,"comment_status":"open","ping_status":"open","sticky":false,"template":"","format":"standard","meta":{"advanced_seo_description":"","jetpack_seo_html_title":"","jetpack_seo_noindex":false,"_jetpack_memberships_contains_paid_content":false,"footnotes":""},"categories":[21],"tags":[],"class_list":["post-61640","post","type-post","status-publish","format-standard","has-post-thumbnail","hentry","category-policial"],"jetpack_featured_media_url":"https:\/\/i0.wp.com\/eltrabajo.cl\/portal\/wp-content\/uploads\/2015\/09\/Eduardo-Sosa-2.jpg?fit=530%2C350&ssl=1","jetpack_sharing_enabled":true,"jetpack_likes_enabled":true,"jetpack-related-posts":[],"_links":{"self":[{"href":"https:\/\/eltrabajo.cl\/portal\/wp-json\/wp\/v2\/posts\/61640","targetHints":{"allow":["GET"]}}],"collection":[{"href":"https:\/\/eltrabajo.cl\/portal\/wp-json\/wp\/v2\/posts"}],"about":[{"href":"https:\/\/eltrabajo.cl\/portal\/wp-json\/wp\/v2\/types\/post"}],"author":[{"embeddable":true,"href":"https:\/\/eltrabajo.cl\/portal\/wp-json\/wp\/v2\/users\/482"}],"replies":[{"embeddable":true,"href":"https:\/\/eltrabajo.cl\/portal\/wp-json\/wp\/v2\/comments?post=61640"}],"version-history":[{"count":0,"href":"https:\/\/eltrabajo.cl\/portal\/wp-json\/wp\/v2\/posts\/61640\/revisions"}],"wp:featuredmedia":[{"embeddable":true,"href":"https:\/\/eltrabajo.cl\/portal\/wp-json\/wp\/v2\/media\/61641"}],"wp:attachment":[{"href":"https:\/\/eltrabajo.cl\/portal\/wp-json\/wp\/v2\/media?parent=61640"}],"wp:term":[{"taxonomy":"category","embeddable":true,"href":"https:\/\/eltrabajo.cl\/portal\/wp-json\/wp\/v2\/categories?post=61640"},{"taxonomy":"post_tag","embeddable":true,"href":"https:\/\/eltrabajo.cl\/portal\/wp-json\/wp\/v2\/tags?post=61640"}],"curies":[{"name":"wp","href":"https:\/\/api.w.org\/{rel}","templated":true}]}}