{"id":61643,"date":"2015-09-03T09:19:48","date_gmt":"2015-09-03T12:19:48","guid":{"rendered":"http:\/\/www.eltrabajo.cl\/portal\/?p=61643"},"modified":"2015-09-03T09:19:48","modified_gmt":"2015-09-03T12:19:48","slug":"por-posibles-agresiones-trasladan-a-valparaiso-a-imputado-por-muerte-de-javier-munoz","status":"publish","type":"post","link":"https:\/\/eltrabajo.cl\/portal\/por-posibles-agresiones-trasladan-a-valparaiso-a-imputado-por-muerte-de-javier-munoz\/","title":{"rendered":"Por posibles agresiones trasladan a Valpara\u00edso a imputado por muerte de Javier Mu\u00f1oz"},"content":{"rendered":"<figure id=\"attachment_61644\" aria-describedby=\"caption-attachment-61644\" style=\"width: 300px\" class=\"wp-caption alignleft\"><a href=\"https:\/\/i0.wp.com\/www.eltrabajo.cl\/portal\/wp-content\/uploads\/2015\/09\/Diego-Vera.jpg\"><img data-recalc-dims=\"1\" loading=\"lazy\" decoding=\"async\" class=\"wp-image-61644 size-medium\" src=\"https:\/\/i0.wp.com\/www.eltrabajo.cl\/portal\/wp-content\/uploads\/2015\/09\/Diego-Vera-300x197.jpg?resize=300%2C197\" alt=\"El joven imputado por la muerte del relator deportivo, fue trasladado ayer mi\u00e9rcoles al penal de Valpara\u00edso, a fin de no arriesgar su integridad f\u00edsica y la de los funcionarios de gendarmer\u00eda. \" width=\"300\" height=\"197\" srcset=\"https:\/\/i0.wp.com\/eltrabajo.cl\/portal\/wp-content\/uploads\/2015\/09\/Diego-Vera.jpg?resize=300%2C197&amp;ssl=1 300w, https:\/\/i0.wp.com\/eltrabajo.cl\/portal\/wp-content\/uploads\/2015\/09\/Diego-Vera.jpg?resize=200%2C131&amp;ssl=1 200w, https:\/\/i0.wp.com\/eltrabajo.cl\/portal\/wp-content\/uploads\/2015\/09\/Diego-Vera.jpg?resize=228%2C150&amp;ssl=1 228w, https:\/\/i0.wp.com\/eltrabajo.cl\/portal\/wp-content\/uploads\/2015\/09\/Diego-Vera.jpg?resize=400%2C263&amp;ssl=1 400w, https:\/\/i0.wp.com\/eltrabajo.cl\/portal\/wp-content\/uploads\/2015\/09\/Diego-Vera.jpg?w=530&amp;ssl=1 530w\" sizes=\"auto, (max-width: 300px) 100vw, 300px\" \/><\/a><figcaption id=\"caption-attachment-61644\" class=\"wp-caption-text\">El joven imputado por la muerte del relator deportivo, fue trasladado ayer mi\u00e9rcoles al penal de Valpara\u00edso, a fin de no arriesgar su integridad f\u00edsica y la de los funcionarios de gendarmer\u00eda.<\/figcaption><\/figure>\n<ul>\n<li><strong>Con la finalidad de proteger su integridad se tom\u00f3 la medida a implementarse durante la presente jornada.<\/strong><\/li>\n<\/ul>\n<p>Con el objetivo de resguardar su integridad f\u00edsica, la del resto de la poblaci\u00f3n y la de los propios funcionarios del Centro de Cumplimiento Penitenciario de San Felipe, Gendarmer\u00eda tom\u00f3 la decisi\u00f3n de proceder a trasladar a Diego Vera, imputado por el accidente que provoc\u00f3 la muerte de Javier Mu\u00f1oz el pasado s\u00e1bado.<br \/>\nEl joven qued\u00f3 bajo la protecci\u00f3n de Gendarmer\u00eda el mismo s\u00e1bado e ingres\u00f3 al recinto penitenciario este lunes, una vez que fue dada su alta m\u00e9dica en el hospital local.<br \/>\nEl jefe de la unidad sanfelipe\u00f1a, capit\u00e1n Cristian Valdez, sostuvo que: \u201cDiego Vera ingres\u00f3 al CCP de San Felipe este lunes, quedando recluido en la secci\u00f3n de imputados, donde permanece sin inconveniente alguno. El d\u00eda de hoy (mi\u00e9rcoles), y por motivos de seguridad, ser\u00e1 trasladado al Complejo Penitenciario de Valpara\u00edso\u201d.<br \/>\nPor su parte el director regional de Gendarmer\u00eda, Coronel Eduardo Mu\u00f1oz destac\u00f3 que se determin\u00f3 el traslado del imputado al Complejo Penitenciario de Valpara\u00edso debido a que se maneja informaci\u00f3n de posibles agresiones al interior del penal.<br \/>\n\u201cCuando suceden este tipo de situaciones, que afectan a las personas que est\u00e1n bajo la tutela institucional, inmediatamente se generan las acciones para resguardar su integridad f\u00edsica\u201d, afirm\u00f3 el coronel Mu\u00f1oz.<br \/>\n\u201cEs preocupaci\u00f3n permanente de la jefatura de cada establecimiento penitenciario velar porque este tipo de situaciones no alcance los ribetes que podr\u00edan da\u00f1ar la integridad f\u00edsica y la seguridad de las instalaciones institucionales. El personal, cuando se ve sometido a estas circunstancias, y debido a su formaci\u00f3n y preparaci\u00f3n, interviene de forma inmediata para controlar estos incidentes entre la poblaci\u00f3n penal. Esto significa un riesgo a la integridad f\u00edsica e incluso la propia vida del personal\u201d.<\/p>\n","protected":false},"excerpt":{"rendered":"<p>Con la finalidad de proteger su integridad se tom\u00f3 la medida a implementarse durante la presente jornada. Con el objetivo de resguardar su integridad f\u00edsica, la del resto de la poblaci\u00f3n y&#8230;<\/p>\n","protected":false},"author":482,"featured_media":61644,"comment_status":"open","ping_status":"open","sticky":false,"template":"","format":"standard","meta":{"advanced_seo_description":"","jetpack_seo_html_title":"","jetpack_seo_noindex":false,"_jetpack_memberships_contains_paid_content":false,"footnotes":""},"categories":[21],"tags":[],"class_list":["post-61643","post","type-post","status-publish","format-standard","has-post-thumbnail","hentry","category-policial"],"jetpack_featured_media_url":"https:\/\/i0.wp.com\/eltrabajo.cl\/portal\/wp-content\/uploads\/2015\/09\/Diego-Vera.jpg?fit=530%2C348&ssl=1","jetpack_sharing_enabled":true,"jetpack_likes_enabled":true,"jetpack-related-posts":[],"_links":{"self":[{"href":"https:\/\/eltrabajo.cl\/portal\/wp-json\/wp\/v2\/posts\/61643","targetHints":{"allow":["GET"]}}],"collection":[{"href":"https:\/\/eltrabajo.cl\/portal\/wp-json\/wp\/v2\/posts"}],"about":[{"href":"https:\/\/eltrabajo.cl\/portal\/wp-json\/wp\/v2\/types\/post"}],"author":[{"embeddable":true,"href":"https:\/\/eltrabajo.cl\/portal\/wp-json\/wp\/v2\/users\/482"}],"replies":[{"embeddable":true,"href":"https:\/\/eltrabajo.cl\/portal\/wp-json\/wp\/v2\/comments?post=61643"}],"version-history":[{"count":0,"href":"https:\/\/eltrabajo.cl\/portal\/wp-json\/wp\/v2\/posts\/61643\/revisions"}],"wp:featuredmedia":[{"embeddable":true,"href":"https:\/\/eltrabajo.cl\/portal\/wp-json\/wp\/v2\/media\/61644"}],"wp:attachment":[{"href":"https:\/\/eltrabajo.cl\/portal\/wp-json\/wp\/v2\/media?parent=61643"}],"wp:term":[{"taxonomy":"category","embeddable":true,"href":"https:\/\/eltrabajo.cl\/portal\/wp-json\/wp\/v2\/categories?post=61643"},{"taxonomy":"post_tag","embeddable":true,"href":"https:\/\/eltrabajo.cl\/portal\/wp-json\/wp\/v2\/tags?post=61643"}],"curies":[{"name":"wp","href":"https:\/\/api.w.org\/{rel}","templated":true}]}}