{"id":61646,"date":"2015-09-03T09:23:30","date_gmt":"2015-09-03T12:23:30","guid":{"rendered":"http:\/\/www.eltrabajo.cl\/portal\/?p=61646"},"modified":"2015-09-03T09:25:42","modified_gmt":"2015-09-03T12:25:42","slug":"invasores-siguen-sembrando-el-terror-en-vecinos-de-villa-santa-teresita","status":"publish","type":"post","link":"https:\/\/eltrabajo.cl\/portal\/invasores-siguen-sembrando-el-terror-en-vecinos-de-villa-santa-teresita\/","title":{"rendered":"Invasores siguen sembrando el terror en vecinos de Villa Santa Teresita"},"content":{"rendered":"<figure id=\"attachment_61647\" aria-describedby=\"caption-attachment-61647\" style=\"width: 300px\" class=\"wp-caption alignleft\"><a href=\"https:\/\/i0.wp.com\/www.eltrabajo.cl\/portal\/wp-content\/uploads\/2015\/09\/Jorge-Jara.jpg\"><img data-recalc-dims=\"1\" loading=\"lazy\" decoding=\"async\" class=\"wp-image-61647 size-medium\" src=\"https:\/\/i0.wp.com\/www.eltrabajo.cl\/portal\/wp-content\/uploads\/2015\/09\/Jorge-Jara-300x197.jpg?resize=300%2C197\" alt=\"Jorge Jara, director jur\u00eddico de la Municipalidad de San Felipe.\" width=\"300\" height=\"197\" srcset=\"https:\/\/i0.wp.com\/eltrabajo.cl\/portal\/wp-content\/uploads\/2015\/09\/Jorge-Jara.jpg?resize=300%2C197&amp;ssl=1 300w, https:\/\/i0.wp.com\/eltrabajo.cl\/portal\/wp-content\/uploads\/2015\/09\/Jorge-Jara.jpg?resize=200%2C131&amp;ssl=1 200w, https:\/\/i0.wp.com\/eltrabajo.cl\/portal\/wp-content\/uploads\/2015\/09\/Jorge-Jara.jpg?resize=228%2C150&amp;ssl=1 228w, https:\/\/i0.wp.com\/eltrabajo.cl\/portal\/wp-content\/uploads\/2015\/09\/Jorge-Jara.jpg?resize=400%2C263&amp;ssl=1 400w, https:\/\/i0.wp.com\/eltrabajo.cl\/portal\/wp-content\/uploads\/2015\/09\/Jorge-Jara.jpg?w=530&amp;ssl=1 530w\" sizes=\"auto, (max-width: 300px) 100vw, 300px\" \/><\/a><figcaption id=\"caption-attachment-61647\" class=\"wp-caption-text\">Jorge Jara, director jur\u00eddico de la Municipalidad de San Felipe.<\/figcaption><\/figure>\n<p>En un completo sopor de terror y par\u00e1lisis se encuentran decenas de familias sanfelipe\u00f1as a merced del violento accionar de los invasores de Villa Santa Teresita. Las fuerzas del orden brillan por su ausencia. Inodoros, puertas, paredes y hasta los juegos infantiles, ya se los robaron.<\/p>\n<p>Luego que entre la noche del martes 12 de mayo y la madrugada del mi\u00e9rcoles siguiente un grupo de desconocidos invadieran literalmente, y de manera ilegal, un m\u00ednimo de 18 viviendas recientemente construidas pertenecientes a Villa Santa Teresita 1 de la comuna de San Felipe, y en donde se produjeran incidentes y da\u00f1os en las estructuras, las cosas parecieran estar en un punto de \u2018No Retorno\u2019 para las familias propietarias de ese sector de la comuna.<\/p>\n<p><strong>RESUMEN DEL CASO<\/strong><br \/>\nRecordemos que esta problem\u00e1tica se inici\u00f3 desde algunos meses, cuando los propietarios reales de esta nueva poblaci\u00f3n denunciaron a las autoridades la llegada de estos invasores, exigiendo una r\u00e1pida intervenci\u00f3n tras la toma de estas viviendas, casas que a\u00fan no han sido entregadas a sus consignados, a cargo de Inmobiliaria Maestra, que construy\u00f3 205 viviendas de las cuales 100 familias constituyen actualmente el vecindario.<br \/>\nNo hay que olvidar tampoco, que el Ministerio de Vivienda y Urbanismo adquiri\u00f3 45 de estas viviendas para ser concedidas a damnificados del incendio de Valpara\u00edso, siendo asignadas a 20 familias que ya se encuentran residiendo en estas construcciones de manera legal. Al mismo tiempo, la inmobiliaria concret\u00f3 la venta de todos los inmuebles, deslig\u00e1ndose del conjunto habitacional.<\/p>\n<p><strong>\u00abESTO ES EL COLMO\u00bb<\/strong><br \/>\nEs por esta situaci\u00f3n y con miras a protestar nuevamente por el infierno que est\u00e1n viviendo los vecinos legales de Villa Santa Teresita, que varios de ellos acudieron a nuestra Sala de Redacci\u00f3n para pedir explicaciones del porqu\u00e9 tanto retraso por parte de las autoridades para dar respuesta al problema.<br \/>\n\u00abLo que pasa es que a m\u00e1s de cinco meses de haberse declarado en toma los vecinos invasores en nuestra villa, la cuesti\u00f3n sigue muy mal para nosotros, pues se ha desatado una ola de robos y de violentos problemas en nuestro complejo habitacional. A una vecina nuestra le robaron todo de la casa, hasta la ropa y pa\u00f1ales de su guagua, esto es insostenible\u00bb, coment\u00f3 a Diario El Trabajo uno de los vecinos afectados.<br \/>\nOtra vecina dijo tambi\u00e9n que \u00abtodos ac\u00e1 tenemos miedo, nadie se atreve a delatar a nadie, pues tememos que por represalias nos agredan o a nuestros hijos, las m\u00e1quinas de juegos que originalmente hab\u00eda para nuestros hijos, ya se los robaron, nuestra sede vecinal la destruyeron y para el colmo, ahora nos enteramos que el Municipio est\u00e1 tramit\u00e1ndoles a estos invasores su Ficha de Protecci\u00f3n Social, ya no sabemos en qui\u00e9n confiar ni a qui\u00e9n acudir, pues Gobernaci\u00f3n, la inmobiliaria ni los tribunales hacen algo por nosotros ni por nuestros hijos\u00bb.<\/p>\n<p><strong>HABLA EL MUNICIPIO<\/strong><br \/>\nFue sobre este particular, propiamente sobre el hecho que el Municipio est\u00e1 tramit\u00e1ndoles ya la Ficha a las familias invasoras, que Diario El Trabajo habl\u00f3 con Jorge Jara, director jur\u00eddico de la Municipalidad de San Felipe.<br \/>\n\u00abHay que se\u00f1alar que el propietario de esas viviendas en toma no es nuestro municipio, ahora, como Municipio tenemos que atender a cualquier usuario para emitir cualquier informaci\u00f3n social, yo jam\u00e1s me he reunido con estas familias, pero s\u00e9 que ellos est\u00e1n buscando una soluci\u00f3n para vivienda (\u2026) lo cierto aqu\u00ed es que el hecho que el Municipio est\u00e9 encuestando a esas familias para esa ficha, no representa ning\u00fan respaldo a sus intenciones por parte de la municipalidad, simplemente es un tr\u00e1mite que se nos solicit\u00f3, y es independiente a su status legal o social de estas familias, es nuestra obligaci\u00f3n tramitar esta ficha, sea quien sea que la solicite\u00bb, explic\u00f3 Jara a nuestro medio.<br \/>\nDiario El Trabajo intent\u00f3 por v\u00eda electr\u00f3nica contactar con Francisco Ba\u00f1ados Geywitz, abogado que interpuso ante el Tribunal de Garant\u00eda la querella por Usurpaci\u00f3n a nombre de Inmobiliaria Maestra, pero hasta el cierre de nuestra edici\u00f3n no hubo respuesta. Esta querella fue presentada el martes 26 de mayo de 2015.<br \/>\nLos vecinos que acudieron ayer a Diario El Trabajo suministraron v\u00eddeos, fotograf\u00edas y hasta audios para respaldar su estado de desesperaci\u00f3n, pues se trata de ri\u00f1as, balazos, destrucci\u00f3n de casas y hasta supuesta venta de drogas, lo que se estar\u00eda gestando en este sector en toma, Gobernaci\u00f3n no interviene; el tribunal tampoco, Carabineros no puede hacer mucho sin una orden&#8230;, y usted amigo lector, \u00bfqu\u00e9 opina?<br \/>\n<strong>Roberto Gonz\u00e1lez Short<\/strong><br \/>\n<strong>rgonzalez@eltrabajo.cl<\/strong><\/p>\n<p><iframe loading=\"lazy\" width=\"500\" height=\"281\" src=\"https:\/\/www.youtube.com\/embed\/FGwp3N0Ayvw?rel=0\" frameborder=\"0\" allowfullscreen><\/iframe><br \/>\n&nbsp;<\/p>\n<div class=\"tiled-gallery type-rectangular tiled-gallery-unresized\" data-original-width=\"640\" data-carousel-extra='null' itemscope itemtype=\"http:\/\/schema.org\/ImageGallery\" > <div class=\"gallery-row\" style=\"width: 640px; height: 282px;\" data-original-width=\"640\" data-original-height=\"282\" > <div class=\"gallery-group images-1\" style=\"width: 427px; height: 282px;\" data-original-width=\"427\" data-original-height=\"282\" > <div class=\"tiled-gallery-item tiled-gallery-item-large\" itemprop=\"associatedMedia\" itemscope itemtype=\"http:\/\/schema.org\/ImageObject\"> <a href=\"https:\/\/eltrabajo.cl\/portal\/invasores-siguen-sembrando-el-terror-en-vecinos-de-villa-santa-teresita\/puertas1\/\" border=\"0\" itemprop=\"url\"> <meta itemprop=\"width\" content=\"423\"> <meta itemprop=\"height\" content=\"278\"> <img decoding=\"async\" class=\"\" data-attachment-id=\"61649\" data-orig-file=\"https:\/\/eltrabajo.cl\/portal\/wp-content\/uploads\/2015\/09\/Puertas1.jpg\" data-orig-size=\"530,348\" data-comments-opened=\"1\" data-image-meta=\"{&quot;aperture&quot;:&quot;0&quot;,&quot;credit&quot;:&quot;&quot;,&quot;camera&quot;:&quot;&quot;,&quot;caption&quot;:&quot;&quot;,&quot;created_timestamp&quot;:&quot;0&quot;,&quot;copyright&quot;:&quot;&quot;,&quot;focal_length&quot;:&quot;0&quot;,&quot;iso&quot;:&quot;0&quot;,&quot;shutter_speed&quot;:&quot;0&quot;,&quot;title&quot;:&quot;&quot;,&quot;orientation&quot;:&quot;0&quot;}\" data-image-title=\"Puertas1\" data-image-description=\"&lt;p&gt;ES EL COLMO.- Entran \u2018como Pedro por su casa\u2019 a las viviendas nuevas, las destruyen y no asumen responsabilidades por sus actos. &lt;\/p&gt; \" data-medium-file=\"https:\/\/i0.wp.com\/eltrabajo.cl\/portal\/wp-content\/uploads\/2015\/09\/Puertas1.jpg?fit=300%2C197&#038;ssl=1\" data-large-file=\"https:\/\/i0.wp.com\/eltrabajo.cl\/portal\/wp-content\/uploads\/2015\/09\/Puertas1.jpg?fit=530%2C348&#038;ssl=1\" src=\"https:\/\/i0.wp.com\/eltrabajo.cl\/portal\/wp-content\/uploads\/2015\/09\/Puertas1.jpg?w=423&#038;h=278&#038;ssl=1\" srcset=\"https:\/\/i0.wp.com\/eltrabajo.cl\/portal\/wp-content\/uploads\/2015\/09\/Puertas1.jpg?w=530&amp;ssl=1 530w, https:\/\/i0.wp.com\/eltrabajo.cl\/portal\/wp-content\/uploads\/2015\/09\/Puertas1.jpg?resize=200%2C131&amp;ssl=1 200w, https:\/\/i0.wp.com\/eltrabajo.cl\/portal\/wp-content\/uploads\/2015\/09\/Puertas1.jpg?resize=300%2C197&amp;ssl=1 300w, https:\/\/i0.wp.com\/eltrabajo.cl\/portal\/wp-content\/uploads\/2015\/09\/Puertas1.jpg?resize=228%2C150&amp;ssl=1 228w, https:\/\/i0.wp.com\/eltrabajo.cl\/portal\/wp-content\/uploads\/2015\/09\/Puertas1.jpg?resize=400%2C263&amp;ssl=1 400w\" width=\"423\" height=\"278\" loading=\"lazy\" data-original-width=\"423\" data-original-height=\"278\" itemprop=\"http:\/\/schema.org\/image\" title=\"Puertas1\" alt=\"ES EL COLMO.- Entran \u2018como Pedro por su casa\u2019 a las viviendas nuevas, las destruyen y no asumen responsabilidades por sus actos.\" style=\"width: 423px; height: 278px;\" \/> <\/a> <div class=\"tiled-gallery-caption\" itemprop=\"caption description\"> ES EL COLMO.- Entran \u2018como Pedro por su casa\u2019 a las viviendas nuevas, las destruyen y no asumen responsabilidades por sus actos. <\/div> <\/div> <\/div> <!-- close group --> <div class=\"gallery-group images-2\" style=\"width: 213px; height: 282px;\" data-original-width=\"213\" data-original-height=\"282\" > <div class=\"tiled-gallery-item tiled-gallery-item-small\" itemprop=\"associatedMedia\" itemscope itemtype=\"http:\/\/schema.org\/ImageObject\"> <a href=\"https:\/\/eltrabajo.cl\/portal\/invasores-siguen-sembrando-el-terror-en-vecinos-de-villa-santa-teresita\/sede1-4\/\" border=\"0\" itemprop=\"url\"> <meta itemprop=\"width\" content=\"209\"> <meta itemprop=\"height\" content=\"137\"> <img decoding=\"async\" class=\"\" data-attachment-id=\"61650\" data-orig-file=\"https:\/\/eltrabajo.cl\/portal\/wp-content\/uploads\/2015\/09\/Sede1.jpg\" data-orig-size=\"530,348\" data-comments-opened=\"1\" data-image-meta=\"{&quot;aperture&quot;:&quot;0&quot;,&quot;credit&quot;:&quot;&quot;,&quot;camera&quot;:&quot;&quot;,&quot;caption&quot;:&quot;&quot;,&quot;created_timestamp&quot;:&quot;0&quot;,&quot;copyright&quot;:&quot;&quot;,&quot;focal_length&quot;:&quot;0&quot;,&quot;iso&quot;:&quot;0&quot;,&quot;shutter_speed&quot;:&quot;0&quot;,&quot;title&quot;:&quot;&quot;,&quot;orientation&quot;:&quot;0&quot;}\" data-image-title=\"Sede1\" data-image-description=\"&lt;p&gt;NADA LES IMPORTA.- La sede vecinal fue destruida en parte, hicieron un forado por sus paredes para entrar y robar lo que ten\u00edan para el uso de las familias.&lt;\/p&gt; \" data-medium-file=\"https:\/\/i0.wp.com\/eltrabajo.cl\/portal\/wp-content\/uploads\/2015\/09\/Sede1.jpg?fit=300%2C197&#038;ssl=1\" data-large-file=\"https:\/\/i0.wp.com\/eltrabajo.cl\/portal\/wp-content\/uploads\/2015\/09\/Sede1.jpg?fit=530%2C348&#038;ssl=1\" src=\"https:\/\/i0.wp.com\/eltrabajo.cl\/portal\/wp-content\/uploads\/2015\/09\/Sede1.jpg?w=209&#038;h=137&#038;ssl=1\" srcset=\"https:\/\/i0.wp.com\/eltrabajo.cl\/portal\/wp-content\/uploads\/2015\/09\/Sede1.jpg?w=530&amp;ssl=1 530w, https:\/\/i0.wp.com\/eltrabajo.cl\/portal\/wp-content\/uploads\/2015\/09\/Sede1.jpg?resize=200%2C131&amp;ssl=1 200w, https:\/\/i0.wp.com\/eltrabajo.cl\/portal\/wp-content\/uploads\/2015\/09\/Sede1.jpg?resize=300%2C197&amp;ssl=1 300w, https:\/\/i0.wp.com\/eltrabajo.cl\/portal\/wp-content\/uploads\/2015\/09\/Sede1.jpg?resize=228%2C150&amp;ssl=1 228w, https:\/\/i0.wp.com\/eltrabajo.cl\/portal\/wp-content\/uploads\/2015\/09\/Sede1.jpg?resize=400%2C263&amp;ssl=1 400w\" width=\"209\" height=\"137\" loading=\"lazy\" data-original-width=\"209\" data-original-height=\"137\" itemprop=\"http:\/\/schema.org\/image\" title=\"Sede1\" alt=\"NADA LES IMPORTA.- La sede vecinal fue destruida en parte, hicieron un forado por sus paredes para entrar y robar lo que ten\u00edan para el uso de las familias.\" style=\"width: 209px; height: 137px;\" \/> <\/a> <div class=\"tiled-gallery-caption\" itemprop=\"caption description\"> NADA LES IMPORTA.- La sede vecinal fue destruida en parte, hicieron un forado por sus paredes para entrar y robar lo que ten\u00edan para el uso de las familias. <\/div> <\/div> <div class=\"tiled-gallery-item tiled-gallery-item-small\" itemprop=\"associatedMedia\" itemscope itemtype=\"http:\/\/schema.org\/ImageObject\"> <a href=\"https:\/\/eltrabajo.cl\/portal\/invasores-siguen-sembrando-el-terror-en-vecinos-de-villa-santa-teresita\/autazo1\/\" border=\"0\" itemprop=\"url\"> <meta itemprop=\"width\" content=\"209\"> <meta itemprop=\"height\" content=\"137\"> <img decoding=\"async\" class=\"\" data-attachment-id=\"61648\" data-orig-file=\"https:\/\/eltrabajo.cl\/portal\/wp-content\/uploads\/2015\/09\/Autazo1.jpg\" data-orig-size=\"530,348\" data-comments-opened=\"1\" data-image-meta=\"{&quot;aperture&quot;:&quot;0&quot;,&quot;credit&quot;:&quot;&quot;,&quot;camera&quot;:&quot;&quot;,&quot;caption&quot;:&quot;&quot;,&quot;created_timestamp&quot;:&quot;0&quot;,&quot;copyright&quot;:&quot;&quot;,&quot;focal_length&quot;:&quot;0&quot;,&quot;iso&quot;:&quot;0&quot;,&quot;shutter_speed&quot;:&quot;0&quot;,&quot;title&quot;:&quot;&quot;,&quot;orientation&quot;:&quot;0&quot;}\" data-image-title=\"Autazo1\" data-image-description=\"&lt;p&gt;POBRECITOS.- Este auto, de los caros, es uno de los que siempre est\u00e1n estacionados en esta casa en toma, \u00bfson realmente pobres estos invasores?&lt;\/p&gt; \" data-medium-file=\"https:\/\/i0.wp.com\/eltrabajo.cl\/portal\/wp-content\/uploads\/2015\/09\/Autazo1.jpg?fit=300%2C197&#038;ssl=1\" data-large-file=\"https:\/\/i0.wp.com\/eltrabajo.cl\/portal\/wp-content\/uploads\/2015\/09\/Autazo1.jpg?fit=530%2C348&#038;ssl=1\" src=\"https:\/\/i0.wp.com\/eltrabajo.cl\/portal\/wp-content\/uploads\/2015\/09\/Autazo1.jpg?w=209&#038;h=137&#038;ssl=1\" srcset=\"https:\/\/i0.wp.com\/eltrabajo.cl\/portal\/wp-content\/uploads\/2015\/09\/Autazo1.jpg?w=530&amp;ssl=1 530w, https:\/\/i0.wp.com\/eltrabajo.cl\/portal\/wp-content\/uploads\/2015\/09\/Autazo1.jpg?resize=200%2C131&amp;ssl=1 200w, https:\/\/i0.wp.com\/eltrabajo.cl\/portal\/wp-content\/uploads\/2015\/09\/Autazo1.jpg?resize=300%2C197&amp;ssl=1 300w, https:\/\/i0.wp.com\/eltrabajo.cl\/portal\/wp-content\/uploads\/2015\/09\/Autazo1.jpg?resize=228%2C150&amp;ssl=1 228w, https:\/\/i0.wp.com\/eltrabajo.cl\/portal\/wp-content\/uploads\/2015\/09\/Autazo1.jpg?resize=400%2C263&amp;ssl=1 400w\" width=\"209\" height=\"137\" loading=\"lazy\" data-original-width=\"209\" data-original-height=\"137\" itemprop=\"http:\/\/schema.org\/image\" title=\"Autazo1\" alt=\"POBRECITOS.- Este auto, de los caros, es uno de los que siempre est\u00e1n estacionados en esta casa en toma, \u00bfson realmente pobres estos invasores?\" style=\"width: 209px; height: 137px;\" \/> <\/a> <div class=\"tiled-gallery-caption\" itemprop=\"caption description\"> POBRECITOS.- Este auto, de los caros, es uno de los que siempre est\u00e1n estacionados en esta casa en toma, \u00bfson realmente pobres estos invasores? <\/div> <\/div> <\/div> <!-- close group --> <\/div> <!-- close row --> <div class=\"gallery-row\" style=\"width: 640px; height: 424px;\" data-original-width=\"640\" data-original-height=\"424\" > <div class=\"gallery-group images-1\" style=\"width: 640px; height: 424px;\" data-original-width=\"640\" data-original-height=\"424\" > <div class=\"tiled-gallery-item tiled-gallery-item-large\" itemprop=\"associatedMedia\" itemscope itemtype=\"http:\/\/schema.org\/ImageObject\"> <a href=\"https:\/\/eltrabajo.cl\/portal\/invasores-siguen-sembrando-el-terror-en-vecinos-de-villa-santa-teresita\/toma1-3\/\" border=\"0\" itemprop=\"url\"> <meta itemprop=\"width\" content=\"636\"> <meta itemprop=\"height\" content=\"420\"> <img decoding=\"async\" class=\"\" data-attachment-id=\"61651\" data-orig-file=\"https:\/\/eltrabajo.cl\/portal\/wp-content\/uploads\/2015\/09\/Toma1.jpg\" data-orig-size=\"530,350\" data-comments-opened=\"1\" data-image-meta=\"{&quot;aperture&quot;:&quot;0&quot;,&quot;credit&quot;:&quot;&quot;,&quot;camera&quot;:&quot;&quot;,&quot;caption&quot;:&quot;&quot;,&quot;created_timestamp&quot;:&quot;0&quot;,&quot;copyright&quot;:&quot;&quot;,&quot;focal_length&quot;:&quot;0&quot;,&quot;iso&quot;:&quot;0&quot;,&quot;shutter_speed&quot;:&quot;0&quot;,&quot;title&quot;:&quot;&quot;,&quot;orientation&quot;:&quot;0&quot;}\" data-image-title=\"Toma1\" data-image-description=\"&lt;p&gt;SIGUEN EN TOMA.- En mayo pasado estas familias, protagonistas de las tomas ilegales en Villa Santa Teresa 1, posaron para Diario El Trabajo frente a las casas usurpadas. Aseguran que no son ellos quienes han sembrado el terror en esa poblaci\u00f3n, sino otros que tambi\u00e9n se han tomado casas.&lt;\/p&gt; \" data-medium-file=\"https:\/\/i0.wp.com\/eltrabajo.cl\/portal\/wp-content\/uploads\/2015\/09\/Toma1.jpg?fit=300%2C198&#038;ssl=1\" data-large-file=\"https:\/\/i0.wp.com\/eltrabajo.cl\/portal\/wp-content\/uploads\/2015\/09\/Toma1.jpg?fit=530%2C350&#038;ssl=1\" src=\"https:\/\/i0.wp.com\/eltrabajo.cl\/portal\/wp-content\/uploads\/2015\/09\/Toma1.jpg?w=636&#038;h=420&#038;ssl=1\" srcset=\"https:\/\/i0.wp.com\/eltrabajo.cl\/portal\/wp-content\/uploads\/2015\/09\/Toma1.jpg?w=530&amp;ssl=1 530w, https:\/\/i0.wp.com\/eltrabajo.cl\/portal\/wp-content\/uploads\/2015\/09\/Toma1.jpg?resize=200%2C132&amp;ssl=1 200w, https:\/\/i0.wp.com\/eltrabajo.cl\/portal\/wp-content\/uploads\/2015\/09\/Toma1.jpg?resize=300%2C198&amp;ssl=1 300w, https:\/\/i0.wp.com\/eltrabajo.cl\/portal\/wp-content\/uploads\/2015\/09\/Toma1.jpg?resize=227%2C150&amp;ssl=1 227w, https:\/\/i0.wp.com\/eltrabajo.cl\/portal\/wp-content\/uploads\/2015\/09\/Toma1.jpg?resize=400%2C264&amp;ssl=1 400w\" width=\"636\" height=\"420\" loading=\"lazy\" data-original-width=\"636\" data-original-height=\"420\" itemprop=\"http:\/\/schema.org\/image\" title=\"Toma1\" alt=\"SIGUEN EN TOMA.- En mayo pasado estas familias, protagonistas de las tomas ilegales en Villa Santa Teresa 1, posaron para Diario El Trabajo frente a las casas usurpadas. Aseguran que no son ellos quienes han sembrado el terror en esa poblaci\u00f3n, sino otros que tambi\u00e9n se han tomado casas.\" style=\"width: 636px; height: 420px;\" \/> <\/a> <div class=\"tiled-gallery-caption\" itemprop=\"caption description\"> SIGUEN EN TOMA.- En mayo pasado estas familias, protagonistas de las tomas ilegales en Villa Santa Teresa 1, posaron para Diario El Trabajo frente a las casas usurpadas. Aseguran que no son ellos quienes han sembrado el terror en esa poblaci\u00f3n, sino otros que tambi\u00e9n se han tomado casas. <\/div> <\/div> <\/div> <!-- close group --> <\/div> <!-- close row --> <\/div>\n","protected":false},"excerpt":{"rendered":"<p>En un completo sopor de terror y par\u00e1lisis se encuentran decenas de familias sanfelipe\u00f1as a merced del violento accionar de los invasores de Villa Santa Teresita. Las fuerzas del orden brillan por&#8230;<\/p>\n","protected":false},"author":482,"featured_media":61647,"comment_status":"open","ping_status":"open","sticky":false,"template":"","format":"standard","meta":{"advanced_seo_description":"","jetpack_seo_html_title":"","jetpack_seo_noindex":false,"_jetpack_memberships_contains_paid_content":false,"footnotes":""},"categories":[15],"tags":[],"class_list":["post-61646","post","type-post","status-publish","format-standard","has-post-thumbnail","hentry","category-comunidad"],"jetpack_featured_media_url":"https:\/\/i0.wp.com\/eltrabajo.cl\/portal\/wp-content\/uploads\/2015\/09\/Jorge-Jara.jpg?fit=530%2C348&ssl=1","jetpack_sharing_enabled":true,"jetpack_likes_enabled":true,"jetpack-related-posts":[],"_links":{"self":[{"href":"https:\/\/eltrabajo.cl\/portal\/wp-json\/wp\/v2\/posts\/61646","targetHints":{"allow":["GET"]}}],"collection":[{"href":"https:\/\/eltrabajo.cl\/portal\/wp-json\/wp\/v2\/posts"}],"about":[{"href":"https:\/\/eltrabajo.cl\/portal\/wp-json\/wp\/v2\/types\/post"}],"author":[{"embeddable":true,"href":"https:\/\/eltrabajo.cl\/portal\/wp-json\/wp\/v2\/users\/482"}],"replies":[{"embeddable":true,"href":"https:\/\/eltrabajo.cl\/portal\/wp-json\/wp\/v2\/comments?post=61646"}],"version-history":[{"count":0,"href":"https:\/\/eltrabajo.cl\/portal\/wp-json\/wp\/v2\/posts\/61646\/revisions"}],"wp:featuredmedia":[{"embeddable":true,"href":"https:\/\/eltrabajo.cl\/portal\/wp-json\/wp\/v2\/media\/61647"}],"wp:attachment":[{"href":"https:\/\/eltrabajo.cl\/portal\/wp-json\/wp\/v2\/media?parent=61646"}],"wp:term":[{"taxonomy":"category","embeddable":true,"href":"https:\/\/eltrabajo.cl\/portal\/wp-json\/wp\/v2\/categories?post=61646"},{"taxonomy":"post_tag","embeddable":true,"href":"https:\/\/eltrabajo.cl\/portal\/wp-json\/wp\/v2\/tags?post=61646"}],"curies":[{"name":"wp","href":"https:\/\/api.w.org\/{rel}","templated":true}]}}