{"id":61659,"date":"2015-09-04T09:35:48","date_gmt":"2015-09-04T12:35:48","guid":{"rendered":"http:\/\/www.eltrabajo.cl\/portal\/?p=61659"},"modified":"2015-09-04T09:35:48","modified_gmt":"2015-09-04T12:35:48","slug":"conozca-los-orgones-magneticos-y-a-quien-los-fabrica","status":"publish","type":"post","link":"https:\/\/eltrabajo.cl\/portal\/conozca-los-orgones-magneticos-y-a-quien-los-fabrica\/","title":{"rendered":"Conozca los orgones magn\u00e9ticos y a quien los fabrica"},"content":{"rendered":"<figure id=\"attachment_61660\" aria-describedby=\"caption-attachment-61660\" style=\"width: 300px\" class=\"wp-caption alignleft\"><a href=\"https:\/\/i0.wp.com\/www.eltrabajo.cl\/portal\/wp-content\/uploads\/2015\/09\/Kenny-Meneses.jpg\"><img data-recalc-dims=\"1\" loading=\"lazy\" decoding=\"async\" class=\"wp-image-61660 size-medium\" src=\"https:\/\/i0.wp.com\/www.eltrabajo.cl\/portal\/wp-content\/uploads\/2015\/09\/Kenny-Meneses-300x198.jpg?resize=300%2C198\" alt=\"TODO UN ENIGMA.- Kenny Meneses muestra a Diario El Trabajo algunos de los orgones que \u00e9l fabrica.\" width=\"300\" height=\"198\" srcset=\"https:\/\/i0.wp.com\/eltrabajo.cl\/portal\/wp-content\/uploads\/2015\/09\/Kenny-Meneses.jpg?resize=300%2C198&amp;ssl=1 300w, https:\/\/i0.wp.com\/eltrabajo.cl\/portal\/wp-content\/uploads\/2015\/09\/Kenny-Meneses.jpg?resize=200%2C132&amp;ssl=1 200w, https:\/\/i0.wp.com\/eltrabajo.cl\/portal\/wp-content\/uploads\/2015\/09\/Kenny-Meneses.jpg?resize=227%2C150&amp;ssl=1 227w, https:\/\/i0.wp.com\/eltrabajo.cl\/portal\/wp-content\/uploads\/2015\/09\/Kenny-Meneses.jpg?resize=400%2C264&amp;ssl=1 400w, https:\/\/i0.wp.com\/eltrabajo.cl\/portal\/wp-content\/uploads\/2015\/09\/Kenny-Meneses.jpg?w=530&amp;ssl=1 530w\" sizes=\"auto, (max-width: 300px) 100vw, 300px\" \/><\/a><figcaption id=\"caption-attachment-61660\" class=\"wp-caption-text\">TODO UN ENIGMA.- Kenny Meneses muestra a Diario El Trabajo algunos de los orgones que \u00e9l fabrica.<\/figcaption><\/figure>\n<p>Muy pocos conocen al menos en San Felipe, la \u2018Ciencia orgonita\u2019, pero quienes defienden su existencia e importancia como energ\u00eda org\u00f3nica, coinciden que es una idea propuesta y promovida en la d\u00e9cada de 1930 por el psicoanalista Wilhelm Reich, quien cre\u00f3 originalmente ese t\u00e9rmino para describir una fuerza vital universal, y aunque la idea fue r\u00e1pidamente desacreditada y descartada por los cient\u00edficos de la \u00e9poca, lo cierto es que en nuestra Plaza de Armas actualmente hay un especialista en esta materia que explic\u00f3 a Diario El Trabajo las virtudes de esta \u2018ciencia\u2019.<\/p>\n<figure id=\"attachment_61662\" aria-describedby=\"caption-attachment-61662\" style=\"width: 300px\" class=\"wp-caption alignright\"><a href=\"https:\/\/i0.wp.com\/www.eltrabajo.cl\/portal\/wp-content\/uploads\/2015\/09\/Orgon1.jpg\"><img data-recalc-dims=\"1\" loading=\"lazy\" decoding=\"async\" class=\"wp-image-61662 size-medium\" src=\"https:\/\/i0.wp.com\/www.eltrabajo.cl\/portal\/wp-content\/uploads\/2015\/09\/Orgon1-300x198.jpg?resize=300%2C198\" alt=\"IMPRESIONANTES.- As\u00ed lucen algunos orgones fabricados por este aconcag\u00fcino, tambi\u00e9n son usados para adornos en casa.\" width=\"300\" height=\"198\" srcset=\"https:\/\/i0.wp.com\/eltrabajo.cl\/portal\/wp-content\/uploads\/2015\/09\/Orgon1.jpg?resize=300%2C198&amp;ssl=1 300w, https:\/\/i0.wp.com\/eltrabajo.cl\/portal\/wp-content\/uploads\/2015\/09\/Orgon1.jpg?resize=200%2C132&amp;ssl=1 200w, https:\/\/i0.wp.com\/eltrabajo.cl\/portal\/wp-content\/uploads\/2015\/09\/Orgon1.jpg?resize=227%2C150&amp;ssl=1 227w, https:\/\/i0.wp.com\/eltrabajo.cl\/portal\/wp-content\/uploads\/2015\/09\/Orgon1.jpg?resize=400%2C264&amp;ssl=1 400w, https:\/\/i0.wp.com\/eltrabajo.cl\/portal\/wp-content\/uploads\/2015\/09\/Orgon1.jpg?w=530&amp;ssl=1 530w\" sizes=\"auto, (max-width: 300px) 100vw, 300px\" \/><\/a><figcaption id=\"caption-attachment-61662\" class=\"wp-caption-text\">IMPRESIONANTES.- As\u00ed lucen algunos orgones fabricados por este aconcag\u00fcino, tambi\u00e9n son usados para adornos en casa.<\/figcaption><\/figure>\n<p><strong>TODO UN EXPERTO<\/strong><br \/>\n\u00abEl org\u00f3n que yo vendo tienen la capacidad de absorber toda aquella energ\u00eda el\u00e9ctrica y negativa que se emite desde celulares, Wifi; port\u00e1tiles y hasta la que nosotros mismos emitimos, pues funcionamos con electricidad, aqu\u00ed lo que pasa es que el org\u00f3n se queda con esa energ\u00eda, ayud\u00e1ndonos a estar siempre cargados con carga positiva\u00bb, explic\u00f3 a nuestro medio Kenny Meneses, peque\u00f1o empresario chileno-canadiense instalado en la feria.<br \/>\nEstos dispositivos son construidos, seg\u00fan explic\u00f3 Meneses, \u00abcon resina pura, cuarzo y metales preciosos, entre ellos el cobre y otras aleaciones, en este caso \u2018el tama\u00f1o s\u00ed importa\u2019, por eso es que recomiendo a los sanfelipe\u00f1os a que vengan y les explico detalladamente c\u00f3mo funciona este sistema\u00bb, agreg\u00f3 el joven vecino de Rinconada de Los Andes. Los interesados en conocer m\u00e1s sobre los inventos de Kenny y sus servicios, pueden llamarlo al fono 615 99 294.<br \/>\n<strong>Roberto Gonz\u00e1lez Short<\/strong><br \/>\n<strong>rgonzalez@eltrabajo.cl<\/strong><\/p>\n","protected":false},"excerpt":{"rendered":"<p>Muy pocos conocen al menos en San Felipe, la \u2018Ciencia orgonita\u2019, pero quienes defienden su existencia e importancia como energ\u00eda org\u00f3nica, coinciden que es una idea propuesta y promovida en la d\u00e9cada&#8230;<\/p>\n","protected":false},"author":482,"featured_media":61660,"comment_status":"open","ping_status":"open","sticky":false,"template":"","format":"standard","meta":{"advanced_seo_description":"","jetpack_seo_html_title":"","jetpack_seo_noindex":false,"_jetpack_memberships_contains_paid_content":false,"footnotes":""},"categories":[15],"tags":[],"class_list":["post-61659","post","type-post","status-publish","format-standard","has-post-thumbnail","hentry","category-comunidad"],"jetpack_featured_media_url":"https:\/\/i0.wp.com\/eltrabajo.cl\/portal\/wp-content\/uploads\/2015\/09\/Kenny-Meneses.jpg?fit=530%2C350&ssl=1","jetpack_sharing_enabled":true,"jetpack_likes_enabled":true,"jetpack-related-posts":[],"_links":{"self":[{"href":"https:\/\/eltrabajo.cl\/portal\/wp-json\/wp\/v2\/posts\/61659","targetHints":{"allow":["GET"]}}],"collection":[{"href":"https:\/\/eltrabajo.cl\/portal\/wp-json\/wp\/v2\/posts"}],"about":[{"href":"https:\/\/eltrabajo.cl\/portal\/wp-json\/wp\/v2\/types\/post"}],"author":[{"embeddable":true,"href":"https:\/\/eltrabajo.cl\/portal\/wp-json\/wp\/v2\/users\/482"}],"replies":[{"embeddable":true,"href":"https:\/\/eltrabajo.cl\/portal\/wp-json\/wp\/v2\/comments?post=61659"}],"version-history":[{"count":0,"href":"https:\/\/eltrabajo.cl\/portal\/wp-json\/wp\/v2\/posts\/61659\/revisions"}],"wp:featuredmedia":[{"embeddable":true,"href":"https:\/\/eltrabajo.cl\/portal\/wp-json\/wp\/v2\/media\/61660"}],"wp:attachment":[{"href":"https:\/\/eltrabajo.cl\/portal\/wp-json\/wp\/v2\/media?parent=61659"}],"wp:term":[{"taxonomy":"category","embeddable":true,"href":"https:\/\/eltrabajo.cl\/portal\/wp-json\/wp\/v2\/categories?post=61659"},{"taxonomy":"post_tag","embeddable":true,"href":"https:\/\/eltrabajo.cl\/portal\/wp-json\/wp\/v2\/tags?post=61659"}],"curies":[{"name":"wp","href":"https:\/\/api.w.org\/{rel}","templated":true}]}}