{"id":61664,"date":"2015-09-04T09:37:11","date_gmt":"2015-09-04T12:37:11","guid":{"rendered":"http:\/\/www.eltrabajo.cl\/portal\/?p=61664"},"modified":"2015-09-04T09:37:11","modified_gmt":"2015-09-04T12:37:11","slug":"con-eucaristia-celebran-nuevo-aniversario-de-fundacion-la-semilla","status":"publish","type":"post","link":"https:\/\/eltrabajo.cl\/portal\/con-eucaristia-celebran-nuevo-aniversario-de-fundacion-la-semilla\/","title":{"rendered":"Con eucarist\u00eda celebran nuevo aniversario de Fundaci\u00f3n La Semilla"},"content":{"rendered":"<figure id=\"attachment_61665\" aria-describedby=\"caption-attachment-61665\" style=\"width: 300px\" class=\"wp-caption alignleft\"><a href=\"https:\/\/i0.wp.com\/www.eltrabajo.cl\/portal\/wp-content\/uploads\/2015\/09\/Reconocimiento-Catemu-1.jpg\"><img data-recalc-dims=\"1\" loading=\"lazy\" decoding=\"async\" class=\"wp-image-61665 size-medium\" src=\"https:\/\/i0.wp.com\/www.eltrabajo.cl\/portal\/wp-content\/uploads\/2015\/09\/Reconocimiento-Catemu-1-300x199.jpg?resize=300%2C199\" alt=\"En la ceremonia uno de los homenajeados fue el alcalde Boris Luksic, quien recibi\u00f3 un reconocimiento por su alto compromiso con la comunidad de Catemu.\" width=\"300\" height=\"199\" srcset=\"https:\/\/i0.wp.com\/eltrabajo.cl\/portal\/wp-content\/uploads\/2015\/09\/Reconocimiento-Catemu-1.jpg?resize=300%2C199&amp;ssl=1 300w, https:\/\/i0.wp.com\/eltrabajo.cl\/portal\/wp-content\/uploads\/2015\/09\/Reconocimiento-Catemu-1.jpg?resize=200%2C133&amp;ssl=1 200w, https:\/\/i0.wp.com\/eltrabajo.cl\/portal\/wp-content\/uploads\/2015\/09\/Reconocimiento-Catemu-1.jpg?resize=226%2C150&amp;ssl=1 226w, https:\/\/i0.wp.com\/eltrabajo.cl\/portal\/wp-content\/uploads\/2015\/09\/Reconocimiento-Catemu-1.jpg?resize=400%2C265&amp;ssl=1 400w, https:\/\/i0.wp.com\/eltrabajo.cl\/portal\/wp-content\/uploads\/2015\/09\/Reconocimiento-Catemu-1.jpg?w=528&amp;ssl=1 528w\" sizes=\"auto, (max-width: 300px) 100vw, 300px\" \/><\/a><figcaption id=\"caption-attachment-61665\" class=\"wp-caption-text\">En la ceremonia uno de los homenajeados fue el alcalde Boris Luksic, quien recibi\u00f3 un reconocimiento por su alto compromiso con la comunidad de Catemu.<\/figcaption><\/figure>\n<p><strong>CATEMU.-<\/strong> En Hijuelas se celebr\u00f3 el cumplea\u00f1os n\u00famero 18 de la Fundaci\u00f3n La Semilla, entidad que permanentemente apoya a personas de diversas comunas de la regi\u00f3n, entre ellas Catemu, donde se han desarrollado una serie de iniciativas en beneficio de la comunidad.<br \/>\nDurante la celebraci\u00f3n, que comenz\u00f3 con una eucarist\u00eda, se realizaron una serie de reconocimientos a personas destacadas, dentro de ellas la Directora del Cecal de Catemu, Ruby Quinteros y la esposa del alcalde Se\u00f1ora Patricia Salas.<br \/>\nDurante la celebraci\u00f3n, un grupo de alumnos del Cecal realiz\u00f3 un baile folcl\u00f3rico, sorprendiendo a los presentes con su hermosa presentaci\u00f3n. Los alumnos aprovecharon la ocasi\u00f3n para entregar un presente a la patrocinadora de la Fundaci\u00f3n, hecho con sus propias manos.<br \/>\nUno de los homenajeados fue el alcalde de Catemu, Boris Luksic, quien recibi\u00f3 un reconocimiento por su alto compromiso con la responsabilidad social comunitaria en Catemu.<br \/>\nEsta Fundaci\u00f3n, patrocinada por Carmen Garc\u00eda, ha desarrollado una serie de proyectos en Catemu relacionados con la comunidad como los huertos escolares, proyectos con usuarios de Prodesal, el Programa ECBI, Fondos concursables, entre muchas otras iniciativas.<br \/>\n\u201cHa sido un trabajo sostenido el que hemos tenido con esta Fundaci\u00f3n, estamos especialmente agradecidos de ellos y conformes de su nivel profesional, en esta ocasi\u00f3n me toc\u00f3 recibir un reconocimiento de parte de la Fundaci\u00f3n, respecto del trabajo que hacemos en Catemu, sin la ayuda de ellos la verdad es que es bastante dif\u00edcil que esto se hubiese logrado, el trabajo de la Fundaci\u00f3n en Catemu ha sido fundamental\u201d, se\u00f1al\u00f3 Boris Luksic.<\/p>\n","protected":false},"excerpt":{"rendered":"<p>CATEMU.- En Hijuelas se celebr\u00f3 el cumplea\u00f1os n\u00famero 18 de la Fundaci\u00f3n La Semilla, entidad que permanentemente apoya a personas de diversas comunas de la regi\u00f3n, entre ellas Catemu, donde se han&#8230;<\/p>\n","protected":false},"author":482,"featured_media":61665,"comment_status":"open","ping_status":"open","sticky":false,"template":"","format":"standard","meta":{"advanced_seo_description":"","jetpack_seo_html_title":"","jetpack_seo_noindex":false,"_jetpack_memberships_contains_paid_content":false,"footnotes":""},"categories":[15],"tags":[],"class_list":["post-61664","post","type-post","status-publish","format-standard","has-post-thumbnail","hentry","category-comunidad"],"jetpack_featured_media_url":"https:\/\/i0.wp.com\/eltrabajo.cl\/portal\/wp-content\/uploads\/2015\/09\/Reconocimiento-Catemu-1.jpg?fit=528%2C350&ssl=1","jetpack_sharing_enabled":true,"jetpack_likes_enabled":true,"jetpack-related-posts":[],"_links":{"self":[{"href":"https:\/\/eltrabajo.cl\/portal\/wp-json\/wp\/v2\/posts\/61664","targetHints":{"allow":["GET"]}}],"collection":[{"href":"https:\/\/eltrabajo.cl\/portal\/wp-json\/wp\/v2\/posts"}],"about":[{"href":"https:\/\/eltrabajo.cl\/portal\/wp-json\/wp\/v2\/types\/post"}],"author":[{"embeddable":true,"href":"https:\/\/eltrabajo.cl\/portal\/wp-json\/wp\/v2\/users\/482"}],"replies":[{"embeddable":true,"href":"https:\/\/eltrabajo.cl\/portal\/wp-json\/wp\/v2\/comments?post=61664"}],"version-history":[{"count":0,"href":"https:\/\/eltrabajo.cl\/portal\/wp-json\/wp\/v2\/posts\/61664\/revisions"}],"wp:featuredmedia":[{"embeddable":true,"href":"https:\/\/eltrabajo.cl\/portal\/wp-json\/wp\/v2\/media\/61665"}],"wp:attachment":[{"href":"https:\/\/eltrabajo.cl\/portal\/wp-json\/wp\/v2\/media?parent=61664"}],"wp:term":[{"taxonomy":"category","embeddable":true,"href":"https:\/\/eltrabajo.cl\/portal\/wp-json\/wp\/v2\/categories?post=61664"},{"taxonomy":"post_tag","embeddable":true,"href":"https:\/\/eltrabajo.cl\/portal\/wp-json\/wp\/v2\/tags?post=61664"}],"curies":[{"name":"wp","href":"https:\/\/api.w.org\/{rel}","templated":true}]}}