{"id":61667,"date":"2015-09-04T09:38:50","date_gmt":"2015-09-04T12:38:50","guid":{"rendered":"http:\/\/www.eltrabajo.cl\/portal\/?p=61667"},"modified":"2015-09-04T09:38:50","modified_gmt":"2015-09-04T12:38:50","slug":"en-octubre-culminarian-las-obras-de-normalizacion-de-la-carcel-de-los-andes","status":"publish","type":"post","link":"https:\/\/eltrabajo.cl\/portal\/en-octubre-culminarian-las-obras-de-normalizacion-de-la-carcel-de-los-andes\/","title":{"rendered":"En octubre culminar\u00edan las obras de normalizaci\u00f3n de la c\u00e1rcel de Los Andes"},"content":{"rendered":"<figure id=\"attachment_61668\" aria-describedby=\"caption-attachment-61668\" style=\"width: 300px\" class=\"wp-caption alignleft\"><a href=\"https:\/\/i0.wp.com\/www.eltrabajo.cl\/portal\/wp-content\/uploads\/2015\/09\/obras-carcel-de-los-andes.jpg\"><img data-recalc-dims=\"1\" loading=\"lazy\" decoding=\"async\" class=\"wp-image-61668 size-medium\" src=\"https:\/\/i0.wp.com\/www.eltrabajo.cl\/portal\/wp-content\/uploads\/2015\/09\/obras-carcel-de-los-andes-300x198.jpg?resize=300%2C198\" alt=\"La Seremi de Justicia, Paz Anastasiadis, el director de Gendarmer\u00eda, Eduardo Mu\u00f1oz, y la Gobernadora de Los Andes, Mar\u00eda Victoria Rodr\u00edguez, realizaron una visita a las obras del centro penitenciario.\" width=\"300\" height=\"198\" srcset=\"https:\/\/i0.wp.com\/eltrabajo.cl\/portal\/wp-content\/uploads\/2015\/09\/obras-carcel-de-los-andes.jpg?resize=300%2C198&amp;ssl=1 300w, https:\/\/i0.wp.com\/eltrabajo.cl\/portal\/wp-content\/uploads\/2015\/09\/obras-carcel-de-los-andes.jpg?resize=200%2C132&amp;ssl=1 200w, https:\/\/i0.wp.com\/eltrabajo.cl\/portal\/wp-content\/uploads\/2015\/09\/obras-carcel-de-los-andes.jpg?resize=228%2C150&amp;ssl=1 228w, https:\/\/i0.wp.com\/eltrabajo.cl\/portal\/wp-content\/uploads\/2015\/09\/obras-carcel-de-los-andes.jpg?resize=400%2C263&amp;ssl=1 400w, https:\/\/i0.wp.com\/eltrabajo.cl\/portal\/wp-content\/uploads\/2015\/09\/obras-carcel-de-los-andes.jpg?w=530&amp;ssl=1 530w\" sizes=\"auto, (max-width: 300px) 100vw, 300px\" \/><\/a><figcaption id=\"caption-attachment-61668\" class=\"wp-caption-text\">La Seremi de Justicia, Paz Anastasiadis, el director de Gendarmer\u00eda, Eduardo Mu\u00f1oz, y la Gobernadora de Los Andes, Mar\u00eda Victoria Rodr\u00edguez, realizaron una visita a las obras del centro penitenciario.<\/figcaption><\/figure>\n<ul>\n<li><strong>Proyecto de m\u00e1s de 500 millones de pesos permitir\u00e1 reacci\u00f3n m\u00e1s efectiva en caso de incendios<\/strong><\/li>\n<\/ul>\n<p><strong>LOS ANDES<\/strong>.- Prontas a culminar estar\u00edan las obras de normalizaci\u00f3n de funcionamiento de las redes contraincendios del Centro de Cumplimiento Penitenciario (CCP) de Los Andes, con avances cercanos al 100%, seg\u00fan anunciaron la Seremi de Justicia, Paz Anastasiadis, y el director de Gendarmer\u00eda, Eduardo Mu\u00f1oz, quienes acompa\u00f1ados de la Gobernadora de Los Andes, Mar\u00eda Victoria Rodr\u00edguez, visitaron el recinto para constatar in situ la evoluci\u00f3n de los trabajos.<br \/>\nSeg\u00fan indicaron las autoridades, el proyecto, cuyo monto de inversi\u00f3n supera los de 500 millones de pesos, permitir\u00e1 facilitar la reacci\u00f3n ante emergencias producidas por siniestros, tras la renovaci\u00f3n de las redes contra incendios que le entregar\u00e1n al recinto una red h\u00fameda y otra red seca, adem\u00e1s de un estanque de almacenamiento de agua.<br \/>\nAl respecto, la Seremi de Justicia, Paz Anastasiadis, indic\u00f3 que \u201cestas inversiones son promovidas desde el Ministerio de Justicia, existiendo una pol\u00edtica nacional que se concreta en esta regi\u00f3n de Valpara\u00edso, de fortalecer y equipar a todas las unidades penales con infraestructura de seguridad, que nos permita entregar la tranquilidad de enfrentar con \u00e9xito eventuales siniestros, que se suma a los conocimientos con que cuentan los funcionarios y el equipo de apoyo de internos de esta Unidad de Los Andes\u201d.<br \/>\nEn la visita al CDP, las autoridades verificaron el estado de avance de las redes contraincendios, las que, seg\u00fan la planificaci\u00f3n, se encontrar\u00edan avanzando de acuerdo a los plazos determinados para la culminaci\u00f3n de obras.<br \/>\nPor su parte, el director de Gendarmer\u00eda de Chile, Eduardo Mu\u00f1oz, recalc\u00f3 la importancia de estas obras y destac\u00f3 la trascendencia de \u201ccontar con este tremendo apoyo a la labor que cumple el personal en cuanto a la capacidad de respuesta ante a un evento cr\u00edtico, como un amago o un incendio dentro de la unidad penal. Todas estas medidas, obras, equipamiento y elementos de seguridad, vienen a reforzar la labor de prevenci\u00f3n y reacci\u00f3n que realiza el personal al interior del recinto, lo que beneficiar\u00e1 a una poblaci\u00f3n de 340 internos que habitan el penal de Los Andes (261 hombres y 79 mujeres privados de libertad) y dotaci\u00f3n de m\u00e1s de cien funcionarios, adem\u00e1s de una cantidad cercana a 2 mil personas que ingresan a las visitas de los recintos\u201d, dijo.<br \/>\nLas autoridades agregaron que esperan que durante el \u00faltimo trimestre de 2015 puedan, no solamente finalizadas estas obras, sino que tambi\u00e9n certificadas por los entes t\u00e9cnicos respectivos.<br \/>\nLa Gobernadora de Los Andes, Mar\u00eda Victoria Rodriguez, en tanto, se\u00f1al\u00f3 que \u00abvimos los trabajos del centro de cumplimiento penitenciario de Los Andes para evaluar y ver en terreno los avances de los arreglos tras el incendio que afect\u00f3 en mayo de este a\u00f1o al recinto, y pudimos comprobar c\u00f3mo se han mejorado las redes, la gran cantidad de trabajos que se han debido hacer para las conexiones subterr\u00e1neas, sistema el\u00e9ctrico y agua potable, con el fin de contribuir tambi\u00e9n a la habitabilidad y a las condiciones de seguridad de los reclusos que cumplen condena en el recinto y los funcionarios de Gendarmer\u00eda\u00bb.<br \/>\nSe prev\u00e9 que para el mes de octubre se concretar\u00e1 el t\u00e9rmino de las obras, las que, sumadas a otros proyectos en ejecuci\u00f3n que ya han finalizado en los principales penales de la regi\u00f3n, ascienden a una inversi\u00f3n total de m\u00e1s de 3 mil millones de pesos ($3.613.316.000) en redes contra incendios, distribuidas entre los penales del Complejo Penitenciario de Valpara\u00edso, y los CDP de Limache, Quillota, San Antonio, San Felipe y Los Andes.<\/p>\n","protected":false},"excerpt":{"rendered":"<p>Proyecto de m\u00e1s de 500 millones de pesos permitir\u00e1 reacci\u00f3n m\u00e1s efectiva en caso de incendios LOS ANDES.- Prontas a culminar estar\u00edan las obras de normalizaci\u00f3n de funcionamiento de las redes contraincendios&#8230;<\/p>\n","protected":false},"author":482,"featured_media":61668,"comment_status":"open","ping_status":"open","sticky":false,"template":"","format":"standard","meta":{"advanced_seo_description":"","jetpack_seo_html_title":"","jetpack_seo_noindex":false,"_jetpack_memberships_contains_paid_content":false,"footnotes":""},"categories":[15],"tags":[],"class_list":["post-61667","post","type-post","status-publish","format-standard","has-post-thumbnail","hentry","category-comunidad"],"jetpack_featured_media_url":"https:\/\/i0.wp.com\/eltrabajo.cl\/portal\/wp-content\/uploads\/2015\/09\/obras-carcel-de-los-andes.jpg?fit=530%2C349&ssl=1","jetpack_sharing_enabled":true,"jetpack_likes_enabled":true,"jetpack-related-posts":[],"_links":{"self":[{"href":"https:\/\/eltrabajo.cl\/portal\/wp-json\/wp\/v2\/posts\/61667","targetHints":{"allow":["GET"]}}],"collection":[{"href":"https:\/\/eltrabajo.cl\/portal\/wp-json\/wp\/v2\/posts"}],"about":[{"href":"https:\/\/eltrabajo.cl\/portal\/wp-json\/wp\/v2\/types\/post"}],"author":[{"embeddable":true,"href":"https:\/\/eltrabajo.cl\/portal\/wp-json\/wp\/v2\/users\/482"}],"replies":[{"embeddable":true,"href":"https:\/\/eltrabajo.cl\/portal\/wp-json\/wp\/v2\/comments?post=61667"}],"version-history":[{"count":0,"href":"https:\/\/eltrabajo.cl\/portal\/wp-json\/wp\/v2\/posts\/61667\/revisions"}],"wp:featuredmedia":[{"embeddable":true,"href":"https:\/\/eltrabajo.cl\/portal\/wp-json\/wp\/v2\/media\/61668"}],"wp:attachment":[{"href":"https:\/\/eltrabajo.cl\/portal\/wp-json\/wp\/v2\/media?parent=61667"}],"wp:term":[{"taxonomy":"category","embeddable":true,"href":"https:\/\/eltrabajo.cl\/portal\/wp-json\/wp\/v2\/categories?post=61667"},{"taxonomy":"post_tag","embeddable":true,"href":"https:\/\/eltrabajo.cl\/portal\/wp-json\/wp\/v2\/tags?post=61667"}],"curies":[{"name":"wp","href":"https:\/\/api.w.org\/{rel}","templated":true}]}}