{"id":61679,"date":"2015-09-04T09:47:02","date_gmt":"2015-09-04T12:47:02","guid":{"rendered":"http:\/\/www.eltrabajo.cl\/portal\/?p=61679"},"modified":"2015-09-04T09:47:02","modified_gmt":"2015-09-04T12:47:02","slug":"zapatero-remendon-comparte-su-vida-con-lectores-de-diario-el-trabajo","status":"publish","type":"post","link":"https:\/\/eltrabajo.cl\/portal\/zapatero-remendon-comparte-su-vida-con-lectores-de-diario-el-trabajo\/","title":{"rendered":"Zapatero remend\u00f3n comparte su vida con lectores de Diario El Trabajo"},"content":{"rendered":"<figure id=\"attachment_61680\" aria-describedby=\"caption-attachment-61680\" style=\"width: 300px\" class=\"wp-caption alignleft\"><a href=\"https:\/\/i0.wp.com\/www.eltrabajo.cl\/portal\/wp-content\/uploads\/2015\/09\/Zapatero1.jpg\"><img data-recalc-dims=\"1\" loading=\"lazy\" decoding=\"async\" class=\"wp-image-61680 size-medium\" src=\"https:\/\/i0.wp.com\/www.eltrabajo.cl\/portal\/wp-content\/uploads\/2015\/09\/Zapatero1-300x198.jpg?resize=300%2C198\" alt=\"DIGNO ZAPATERO.- Miles de pares de zapatos han sido fabricados por este sanfelipe\u00f1o, \u00e9l sabe que su oficio es muy necesario y hasta de otros pa\u00edses, chilenos radicados all\u00e1 le encargan su peguita.\" width=\"300\" height=\"198\" srcset=\"https:\/\/i0.wp.com\/eltrabajo.cl\/portal\/wp-content\/uploads\/2015\/09\/Zapatero1.jpg?resize=300%2C198&amp;ssl=1 300w, https:\/\/i0.wp.com\/eltrabajo.cl\/portal\/wp-content\/uploads\/2015\/09\/Zapatero1.jpg?resize=200%2C132&amp;ssl=1 200w, https:\/\/i0.wp.com\/eltrabajo.cl\/portal\/wp-content\/uploads\/2015\/09\/Zapatero1.jpg?resize=227%2C150&amp;ssl=1 227w, https:\/\/i0.wp.com\/eltrabajo.cl\/portal\/wp-content\/uploads\/2015\/09\/Zapatero1.jpg?resize=400%2C264&amp;ssl=1 400w, https:\/\/i0.wp.com\/eltrabajo.cl\/portal\/wp-content\/uploads\/2015\/09\/Zapatero1.jpg?w=530&amp;ssl=1 530w\" sizes=\"auto, (max-width: 300px) 100vw, 300px\" \/><\/a><figcaption id=\"caption-attachment-61680\" class=\"wp-caption-text\">DIGNO ZAPATERO.- Miles de pares de zapatos han sido fabricados por este sanfelipe\u00f1o, \u00e9l sabe que su oficio es muy necesario y hasta de otros pa\u00edses, chilenos radicados all\u00e1 le encargan su peguita.<\/figcaption><\/figure>\n<p>Lejanos est\u00e1n aquellos a\u00f1os en donde los zapateros remendones eran ese personaje admirado y respetado de entre todos los vecinos de una poblaci\u00f3n o ciudad; lejanos tambi\u00e9n est\u00e1n de la verdad, aquellos que hoy piensan que ser zapatero remend\u00f3n es un trabajo indigno, pues tal cual nos lo relata uno de ellos, ser zapatero es todo un honor para quienes aman ese bendito y centenario oficio.<\/p>\n<p><strong>ZAPATEROS A\u00a0TUS ZAPATOS<\/strong><br \/>\nEn Diario El Trabajo nos dimos a la tarea de ubicar a alg\u00fan zapatero de estos, de los que tienen a\u00f1os de oficio y muchas historias que contar sobre su trabajo y lo encontramos, as\u00ed llegamos al tallercito de quiz\u00e1 el zapatero con m\u00e1s a\u00f1os de oficio, ah\u00ed nos recibi\u00f3 don Jos\u00e9 Thomas Lazo Aranda, quien nos cont\u00f3 muchas an\u00e9cdotas de su trabajo y hasta nos mostr\u00f3 sus \u00e1lbumes de fotos familiares y personales.<\/p>\n<p><strong>&#8211; \u00bfQu\u00e9 puede compartirnos sobre sus inicios como zapatero?<\/strong><br \/>\n<strong>&#8211;<\/strong> Nac\u00ed en San Felipe el 20 de marzo de 1949, tengo 66 a\u00f1os. Empec\u00e9 a relacionarme con la fabricaci\u00f3n de zapatos en 1963, a mis trece a\u00f1os, yo era el ni\u00f1o de los mandados y poco a poco fui aprendiendo el oficio, pero no s\u00f3lo aprend\u00ed a fabricar zapatos, ya a mis 17 a\u00f1os yo era maestro zapatero, pues los due\u00f1os de Reparadora y Calzado V\u00e1squez, que estaba en Calle Salinas, me ayudaron a que yo hiciera el curso completo de Maestro zapatero moderno, y lo logr\u00e9, pues ten\u00eda as\u00ed teor\u00eda y pr\u00e1ctica, con esta empresa labor\u00e9 23 a\u00f1os, hasta que me independic\u00e9 en 1986 y desde entonces estoy en Sergio Aldea 646.<br \/>\n<strong>&#8211; \u00bfQu\u00e9 tecnolog\u00eda sabe usted manejar en el mundo de los zapatos?<\/strong><br \/>\n<strong>&#8211;<\/strong> Antes todo era a mano, con latas se raspaban los zapatos y con aguja en mano, ahora todo es muy moderno. Soy experto en m\u00e1quina punteadora (para coser por fuera); la m\u00e1quina black, que es para coser por dentro del zapato; m\u00e1quina parchadora y pulidoras.<br \/>\n<strong>&#8211; \u00bfA d\u00f3nde van a parar sus trabajos?<\/strong><br \/>\n<strong>&#8211;<\/strong> Aparte de mis clientes de la comuna, tengo clientes de todo el pa\u00eds, tambi\u00e9n exporto a Estados Unidos y Canad\u00e1, le he hecho zapatos a do\u00f1a Palmenia Pizarro y para algunos gobernadores y alcaldes de nuestra comuna.<br \/>\n<strong>&#8211; \u00bfS\u00f3lo a fabricar zapatos dedicaste tu vida?<\/strong><br \/>\n<strong>&#8211;<\/strong> Claro que no. Yo siempre desde chico, me he dedicado tambi\u00e9n a los deportes, cuando ten\u00eda 19 a\u00f1os me fui en bicicleta hasta Argentina, ese a\u00f1o empezaron a crear la cuesta El Caracol, era el 3 de noviembre de 1968, el d\u00eda en que por primera vez se cambi\u00f3 la hora en Chile.<br \/>\n<strong>&#8211; \u00bfY qu\u00e9 te ha regalado la vida para disfrutar?<\/strong><br \/>\n<strong>&#8211;<\/strong> Mucho y muy bueno. Tengo tres preciosos hijos, mi bella Ver\u00f3nica (30), Jos\u00e9 Thomas (28) y Claudia Ignacia (17), toda su crianza y educaci\u00f3n se las pude dar gracias a mi humilde f\u00e1brica de zapatos. La madre de mis hijos se llama Ver\u00f3nica.<br \/>\n<strong>&#8211; \u00bfSiente usted que es un hombre feliz siendo zapatero?<\/strong><br \/>\n<strong>&#8211;<\/strong> S\u00ed. S\u00ed he sido feliz y los soy a\u00fan, porque ser zapatero ha sido para m\u00ed una excelente oportunidad para mejorarme d\u00eda con d\u00eda, no hallo indigno mi trabajo, creo que por el contrario, es un trabajo de mucha honra y doy gracias a Dios por ello.<br \/>\nPor su honradez; su arduo trabajo en busca de sus sue\u00f1os; por su abnegada entrega en cada zapato que fabrica y porque no se doblega ante nada, quienes laboramos en Diario El Trabajo hoy rendimos tributo en vida y con mucho cari\u00f1o por medio de este reportaje, a don Jos\u00e9 Thomas Lazo Aranda.<br \/>\n<strong>Roberto Gonz\u00e1lez Short<\/strong><br \/>\n<strong>rgonzalez@eltrabajo.cl<\/strong><\/p>\n<div class=\"tiled-gallery type-rectangular tiled-gallery-unresized\" data-original-width=\"640\" data-carousel-extra='null' itemscope itemtype=\"http:\/\/schema.org\/ImageGallery\" > <div class=\"gallery-row\" style=\"width: 640px; height: 282px;\" data-original-width=\"640\" data-original-height=\"282\" > <div class=\"gallery-group images-1\" style=\"width: 428px; height: 282px;\" data-original-width=\"428\" data-original-height=\"282\" > <div class=\"tiled-gallery-item tiled-gallery-item-large\" itemprop=\"associatedMedia\" itemscope itemtype=\"http:\/\/schema.org\/ImageObject\"> <a href=\"https:\/\/eltrabajo.cl\/portal\/zapatero-remendon-comparte-su-vida-con-lectores-de-diario-el-trabajo\/zapatero2\/\" border=\"0\" itemprop=\"url\"> <meta itemprop=\"width\" content=\"424\"> <meta itemprop=\"height\" content=\"278\"> <img decoding=\"async\" class=\"\" data-attachment-id=\"61683\" data-orig-file=\"https:\/\/eltrabajo.cl\/portal\/wp-content\/uploads\/2015\/09\/Zapatero2.jpg\" data-orig-size=\"530,348\" data-comments-opened=\"1\" data-image-meta=\"{&quot;aperture&quot;:&quot;0&quot;,&quot;credit&quot;:&quot;&quot;,&quot;camera&quot;:&quot;&quot;,&quot;caption&quot;:&quot;&quot;,&quot;created_timestamp&quot;:&quot;0&quot;,&quot;copyright&quot;:&quot;&quot;,&quot;focal_length&quot;:&quot;0&quot;,&quot;iso&quot;:&quot;0&quot;,&quot;shutter_speed&quot;:&quot;0&quot;,&quot;title&quot;:&quot;&quot;,&quot;orientation&quot;:&quot;0&quot;}\" data-image-title=\"Zapatero2\" data-image-description=\"&lt;p&gt;TODO CAMBIA.- Ahora don Jos\u00e9 Thomas realiza su trabajo con estas m\u00e1quinas, pero en sus inicios todo era fabricado y reparado a mano.&lt;\/p&gt; \" data-medium-file=\"https:\/\/i0.wp.com\/eltrabajo.cl\/portal\/wp-content\/uploads\/2015\/09\/Zapatero2.jpg?fit=300%2C197&#038;ssl=1\" data-large-file=\"https:\/\/i0.wp.com\/eltrabajo.cl\/portal\/wp-content\/uploads\/2015\/09\/Zapatero2.jpg?fit=530%2C348&#038;ssl=1\" src=\"https:\/\/i0.wp.com\/eltrabajo.cl\/portal\/wp-content\/uploads\/2015\/09\/Zapatero2.jpg?w=424&#038;h=278&#038;ssl=1\" srcset=\"https:\/\/i0.wp.com\/eltrabajo.cl\/portal\/wp-content\/uploads\/2015\/09\/Zapatero2.jpg?w=530&amp;ssl=1 530w, https:\/\/i0.wp.com\/eltrabajo.cl\/portal\/wp-content\/uploads\/2015\/09\/Zapatero2.jpg?resize=200%2C131&amp;ssl=1 200w, https:\/\/i0.wp.com\/eltrabajo.cl\/portal\/wp-content\/uploads\/2015\/09\/Zapatero2.jpg?resize=300%2C197&amp;ssl=1 300w, https:\/\/i0.wp.com\/eltrabajo.cl\/portal\/wp-content\/uploads\/2015\/09\/Zapatero2.jpg?resize=228%2C150&amp;ssl=1 228w, https:\/\/i0.wp.com\/eltrabajo.cl\/portal\/wp-content\/uploads\/2015\/09\/Zapatero2.jpg?resize=400%2C263&amp;ssl=1 400w\" width=\"424\" height=\"278\" loading=\"lazy\" data-original-width=\"424\" data-original-height=\"278\" itemprop=\"http:\/\/schema.org\/image\" title=\"Zapatero2\" alt=\"TODO CAMBIA.- Ahora don Jos\u00e9 Thomas realiza su trabajo con estas m\u00e1quinas, pero en sus inicios todo era fabricado y reparado a mano.\" style=\"width: 424px; height: 278px;\" \/> <\/a> <div class=\"tiled-gallery-caption\" itemprop=\"caption description\"> TODO CAMBIA.- Ahora don Jos\u00e9 Thomas realiza su trabajo con estas m\u00e1quinas, pero en sus inicios todo era fabricado y reparado a mano. <\/div> <\/div> <\/div> <!-- close group --> <div class=\"gallery-group images-2\" style=\"width: 212px; height: 282px;\" data-original-width=\"212\" data-original-height=\"282\" > <div class=\"tiled-gallery-item tiled-gallery-item-small\" itemprop=\"associatedMedia\" itemscope itemtype=\"http:\/\/schema.org\/ImageObject\"> <a href=\"https:\/\/eltrabajo.cl\/portal\/zapatero-remendon-comparte-su-vida-con-lectores-de-diario-el-trabajo\/futbol1-3\/\" border=\"0\" itemprop=\"url\"> <meta itemprop=\"width\" content=\"208\"> <meta itemprop=\"height\" content=\"137\"> <img decoding=\"async\" class=\"\" data-attachment-id=\"61681\" data-orig-file=\"https:\/\/eltrabajo.cl\/portal\/wp-content\/uploads\/2015\/09\/Futbol1.jpg\" data-orig-size=\"530,349\" data-comments-opened=\"1\" data-image-meta=\"{&quot;aperture&quot;:&quot;0&quot;,&quot;credit&quot;:&quot;&quot;,&quot;camera&quot;:&quot;&quot;,&quot;caption&quot;:&quot;&quot;,&quot;created_timestamp&quot;:&quot;0&quot;,&quot;copyright&quot;:&quot;&quot;,&quot;focal_length&quot;:&quot;0&quot;,&quot;iso&quot;:&quot;0&quot;,&quot;shutter_speed&quot;:&quot;0&quot;,&quot;title&quot;:&quot;&quot;,&quot;orientation&quot;:&quot;0&quot;}\" data-image-title=\"Futbol1\" data-image-description=\"&lt;p&gt;NO SUELTA EL BAL\u00d3N.- Don Jos\u00e9 Thomas a\u00fan est\u00e1 activo en el Club Deportivo Botiller\u00eda San Carlos de Los Andes U58, antes lo hizo en clubes como Real Echeverr\u00eda; Uni\u00f3n Las Delicias y hasta en el Ulises Vera.&lt;\/p&gt; \" data-medium-file=\"https:\/\/i0.wp.com\/eltrabajo.cl\/portal\/wp-content\/uploads\/2015\/09\/Futbol1.jpg?fit=300%2C198&#038;ssl=1\" data-large-file=\"https:\/\/i0.wp.com\/eltrabajo.cl\/portal\/wp-content\/uploads\/2015\/09\/Futbol1.jpg?fit=530%2C349&#038;ssl=1\" src=\"https:\/\/i0.wp.com\/eltrabajo.cl\/portal\/wp-content\/uploads\/2015\/09\/Futbol1.jpg?w=208&#038;h=137&#038;ssl=1\" srcset=\"https:\/\/i0.wp.com\/eltrabajo.cl\/portal\/wp-content\/uploads\/2015\/09\/Futbol1.jpg?w=530&amp;ssl=1 530w, https:\/\/i0.wp.com\/eltrabajo.cl\/portal\/wp-content\/uploads\/2015\/09\/Futbol1.jpg?resize=200%2C132&amp;ssl=1 200w, https:\/\/i0.wp.com\/eltrabajo.cl\/portal\/wp-content\/uploads\/2015\/09\/Futbol1.jpg?resize=300%2C198&amp;ssl=1 300w, https:\/\/i0.wp.com\/eltrabajo.cl\/portal\/wp-content\/uploads\/2015\/09\/Futbol1.jpg?resize=228%2C150&amp;ssl=1 228w, https:\/\/i0.wp.com\/eltrabajo.cl\/portal\/wp-content\/uploads\/2015\/09\/Futbol1.jpg?resize=400%2C263&amp;ssl=1 400w\" width=\"208\" height=\"137\" loading=\"lazy\" data-original-width=\"208\" data-original-height=\"137\" itemprop=\"http:\/\/schema.org\/image\" title=\"Futbol1\" alt=\"NO SUELTA EL BAL\u00d3N.- Don Jos\u00e9 Thomas a\u00fan est\u00e1 activo en el Club Deportivo Botiller\u00eda San Carlos de Los Andes U58, antes lo hizo en clubes como Real Echeverr\u00eda; Uni\u00f3n Las Delicias y hasta en el Ulises Vera.\" style=\"width: 208px; height: 137px;\" \/> <\/a> <div class=\"tiled-gallery-caption\" itemprop=\"caption description\"> NO SUELTA EL BAL\u00d3N.- Don Jos\u00e9 Thomas a\u00fan est\u00e1 activo en el Club Deportivo Botiller\u00eda San Carlos de Los Andes U58, antes lo hizo en clubes como Real Echeverr\u00eda; Uni\u00f3n Las Delicias y hasta en el Ulises Vera. <\/div> <\/div> <div class=\"tiled-gallery-item tiled-gallery-item-small\" itemprop=\"associatedMedia\" itemscope itemtype=\"http:\/\/schema.org\/ImageObject\"> <a href=\"https:\/\/eltrabajo.cl\/portal\/zapatero-remendon-comparte-su-vida-con-lectores-de-diario-el-trabajo\/juvenil1-2\/\" border=\"0\" itemprop=\"url\"> <meta itemprop=\"width\" content=\"208\"> <meta itemprop=\"height\" content=\"137\"> <img decoding=\"async\" class=\"\" data-attachment-id=\"61682\" data-orig-file=\"https:\/\/eltrabajo.cl\/portal\/wp-content\/uploads\/2015\/09\/Juvenil1.jpg\" data-orig-size=\"530,350\" data-comments-opened=\"1\" data-image-meta=\"{&quot;aperture&quot;:&quot;0&quot;,&quot;credit&quot;:&quot;&quot;,&quot;camera&quot;:&quot;&quot;,&quot;caption&quot;:&quot;&quot;,&quot;created_timestamp&quot;:&quot;0&quot;,&quot;copyright&quot;:&quot;&quot;,&quot;focal_length&quot;:&quot;0&quot;,&quot;iso&quot;:&quot;0&quot;,&quot;shutter_speed&quot;:&quot;0&quot;,&quot;title&quot;:&quot;&quot;,&quot;orientation&quot;:&quot;0&quot;}\" data-image-title=\"Juvenil1\" data-image-description=\"&lt;p&gt;AVENTURERO.- En esta bicicleta el entonces chico de 19 a\u00f1os, Jos\u00e9 Thomas Lazo, pedale\u00f3 hasta Argentina.&lt;\/p&gt; \" data-medium-file=\"https:\/\/i0.wp.com\/eltrabajo.cl\/portal\/wp-content\/uploads\/2015\/09\/Juvenil1.jpg?fit=300%2C198&#038;ssl=1\" data-large-file=\"https:\/\/i0.wp.com\/eltrabajo.cl\/portal\/wp-content\/uploads\/2015\/09\/Juvenil1.jpg?fit=530%2C350&#038;ssl=1\" src=\"https:\/\/i0.wp.com\/eltrabajo.cl\/portal\/wp-content\/uploads\/2015\/09\/Juvenil1.jpg?w=208&#038;h=137&#038;ssl=1\" srcset=\"https:\/\/i0.wp.com\/eltrabajo.cl\/portal\/wp-content\/uploads\/2015\/09\/Juvenil1.jpg?w=530&amp;ssl=1 530w, https:\/\/i0.wp.com\/eltrabajo.cl\/portal\/wp-content\/uploads\/2015\/09\/Juvenil1.jpg?resize=200%2C132&amp;ssl=1 200w, https:\/\/i0.wp.com\/eltrabajo.cl\/portal\/wp-content\/uploads\/2015\/09\/Juvenil1.jpg?resize=300%2C198&amp;ssl=1 300w, https:\/\/i0.wp.com\/eltrabajo.cl\/portal\/wp-content\/uploads\/2015\/09\/Juvenil1.jpg?resize=227%2C150&amp;ssl=1 227w, https:\/\/i0.wp.com\/eltrabajo.cl\/portal\/wp-content\/uploads\/2015\/09\/Juvenil1.jpg?resize=400%2C264&amp;ssl=1 400w\" width=\"208\" height=\"137\" loading=\"lazy\" data-original-width=\"208\" data-original-height=\"137\" itemprop=\"http:\/\/schema.org\/image\" title=\"Juvenil1\" alt=\"AVENTURERO.- En esta bicicleta el entonces chico de 19 a\u00f1os, Jos\u00e9 Thomas Lazo, pedale\u00f3 hasta Argentina.\" style=\"width: 208px; height: 137px;\" \/> <\/a> <div class=\"tiled-gallery-caption\" itemprop=\"caption description\"> AVENTURERO.- En esta bicicleta el entonces chico de 19 a\u00f1os, Jos\u00e9 Thomas Lazo, pedale\u00f3 hasta Argentina. <\/div> <\/div> <\/div> <!-- close group --> <\/div> <!-- close row --> <\/div>\n","protected":false},"excerpt":{"rendered":"<p>Lejanos est\u00e1n aquellos a\u00f1os en donde los zapateros remendones eran ese personaje admirado y respetado de entre todos los vecinos de una poblaci\u00f3n o ciudad; lejanos tambi\u00e9n est\u00e1n de la verdad, aquellos&#8230;<\/p>\n","protected":false},"author":482,"featured_media":61680,"comment_status":"open","ping_status":"open","sticky":false,"template":"","format":"standard","meta":{"advanced_seo_description":"","jetpack_seo_html_title":"","jetpack_seo_noindex":false,"_jetpack_memberships_contains_paid_content":false,"footnotes":""},"categories":[15],"tags":[],"class_list":["post-61679","post","type-post","status-publish","format-standard","has-post-thumbnail","hentry","category-comunidad"],"jetpack_featured_media_url":"https:\/\/i0.wp.com\/eltrabajo.cl\/portal\/wp-content\/uploads\/2015\/09\/Zapatero1.jpg?fit=530%2C350&ssl=1","jetpack_sharing_enabled":true,"jetpack_likes_enabled":true,"jetpack-related-posts":[],"_links":{"self":[{"href":"https:\/\/eltrabajo.cl\/portal\/wp-json\/wp\/v2\/posts\/61679","targetHints":{"allow":["GET"]}}],"collection":[{"href":"https:\/\/eltrabajo.cl\/portal\/wp-json\/wp\/v2\/posts"}],"about":[{"href":"https:\/\/eltrabajo.cl\/portal\/wp-json\/wp\/v2\/types\/post"}],"author":[{"embeddable":true,"href":"https:\/\/eltrabajo.cl\/portal\/wp-json\/wp\/v2\/users\/482"}],"replies":[{"embeddable":true,"href":"https:\/\/eltrabajo.cl\/portal\/wp-json\/wp\/v2\/comments?post=61679"}],"version-history":[{"count":0,"href":"https:\/\/eltrabajo.cl\/portal\/wp-json\/wp\/v2\/posts\/61679\/revisions"}],"wp:featuredmedia":[{"embeddable":true,"href":"https:\/\/eltrabajo.cl\/portal\/wp-json\/wp\/v2\/media\/61680"}],"wp:attachment":[{"href":"https:\/\/eltrabajo.cl\/portal\/wp-json\/wp\/v2\/media?parent=61679"}],"wp:term":[{"taxonomy":"category","embeddable":true,"href":"https:\/\/eltrabajo.cl\/portal\/wp-json\/wp\/v2\/categories?post=61679"},{"taxonomy":"post_tag","embeddable":true,"href":"https:\/\/eltrabajo.cl\/portal\/wp-json\/wp\/v2\/tags?post=61679"}],"curies":[{"name":"wp","href":"https:\/\/api.w.org\/{rel}","templated":true}]}}