{"id":61685,"date":"2015-09-04T09:48:41","date_gmt":"2015-09-04T12:48:41","guid":{"rendered":"http:\/\/www.eltrabajo.cl\/portal\/?p=61685"},"modified":"2015-09-04T09:48:41","modified_gmt":"2015-09-04T12:48:41","slug":"por-exigencias-de-intendencia-podrian-suspender-camping-en-parque-el-huaso-de-sahonde","status":"publish","type":"post","link":"https:\/\/eltrabajo.cl\/portal\/por-exigencias-de-intendencia-podrian-suspender-camping-en-parque-el-huaso-de-sahonde\/","title":{"rendered":"Por exigencias de Intendencia podr\u00edan suspender camping en Parque El Huaso de Sahond\u00e9"},"content":{"rendered":"<figure id=\"attachment_61686\" aria-describedby=\"caption-attachment-61686\" style=\"width: 300px\" class=\"wp-caption alignleft\"><a href=\"https:\/\/i0.wp.com\/www.eltrabajo.cl\/portal\/wp-content\/uploads\/2015\/09\/familias-parke-el-huaso-sahonde.jpg\"><img data-recalc-dims=\"1\" loading=\"lazy\" decoding=\"async\" class=\"wp-image-61686 size-medium\" src=\"https:\/\/i0.wp.com\/www.eltrabajo.cl\/portal\/wp-content\/uploads\/2015\/09\/familias-parke-el-huaso-sahonde-300x198.jpg?resize=300%2C198\" alt=\"Por primer a\u00f1o, seg\u00fan normativa de la Intendencia, podr\u00eda suspenderse el tradicional camping que ofrece el Parque El Huaso de Sahond\u00e9.\" width=\"300\" height=\"198\" srcset=\"https:\/\/i0.wp.com\/eltrabajo.cl\/portal\/wp-content\/uploads\/2015\/09\/familias-parke-el-huaso-sahonde.jpg?resize=300%2C198&amp;ssl=1 300w, https:\/\/i0.wp.com\/eltrabajo.cl\/portal\/wp-content\/uploads\/2015\/09\/familias-parke-el-huaso-sahonde.jpg?resize=200%2C132&amp;ssl=1 200w, https:\/\/i0.wp.com\/eltrabajo.cl\/portal\/wp-content\/uploads\/2015\/09\/familias-parke-el-huaso-sahonde.jpg?resize=228%2C150&amp;ssl=1 228w, https:\/\/i0.wp.com\/eltrabajo.cl\/portal\/wp-content\/uploads\/2015\/09\/familias-parke-el-huaso-sahonde.jpg?resize=400%2C263&amp;ssl=1 400w, https:\/\/i0.wp.com\/eltrabajo.cl\/portal\/wp-content\/uploads\/2015\/09\/familias-parke-el-huaso-sahonde.jpg?w=530&amp;ssl=1 530w\" sizes=\"auto, (max-width: 300px) 100vw, 300px\" \/><\/a><figcaption id=\"caption-attachment-61686\" class=\"wp-caption-text\">Por primer a\u00f1o, seg\u00fan normativa de la Intendencia, podr\u00eda suspenderse el tradicional camping que ofrece el Parque El Huaso de Sahond\u00e9.<\/figcaption><\/figure>\n<p><strong>PUTAENDO<\/strong>.- El tradicional camping que ofrece el Parque El Huaso de Sahond\u00e9, que durante fiestas patrias se convierte en uno de los lugares m\u00e1s visitados en Aconcagua, por vez primera podr\u00eda no desarrollar esta alternativa durante este a\u00f1o.<br \/>\nEl Presidente de la Serran\u00eda Campo La Quebrada San Antonio de Putaendo, Fabi\u00e1n Mu\u00f1oz, asegur\u00f3 que efectivamente hoy existe una alta posibilidad que no se pueda abrir el camping a las familias que llegan durante el d\u00eda e incluso a pasar todos los d\u00edas de celebraci\u00f3n en el recinto.<br \/>\nMu\u00f1oz declar\u00f3 que esto se debe a una exigencia normada por la Intendencia de Valpara\u00edso sobre eventos masivos, en la cual se incluye al Parque El Huaso de Sahond\u00e9, criterio que no es compartido por la directiva y asamblea de la Serran\u00eda, porque las familias que llegan a acampar lo hacen en peque\u00f1os espacios, desarrollan sus propias actividades y no se desarrolla un evento masivo que congregue en un solo lugar a miles de personas.<br \/>\nEl dirigente expres\u00f3 que esta normativa implica contratar un promedio de 20 guardias de seguridad por d\u00eda, los que deben pertenecer a una empresa o tener la directiva de funcionamiento, lo que eleva el valor en que la Serran\u00eda debe incurrir para mantener operativo El Parque El Huaso durante fiestas patrias, dado que el precio en la contrataci\u00f3n de los guardias con estos requisitos es mucho mayor en comparaci\u00f3n con aquellos que tienen el curso de OS-10, que habitualmente son requeridos para eventos de alta convocatoria, lo que significar\u00eda un gasto superior a los $4.000.000.<br \/>\nFabi\u00e1n Mu\u00f1oz sostuvo que a este \u00edtem de seguridad se deben agregar gastos como agua para los servicios higi\u00e9nicos, electricidad y los honorarios de quienes trabajar\u00e1n durante los d\u00edas de fiesta, ya sea en labores de cuidado y limpieza del parque entre otros aspectos relacionados con la cantidad de visitantes que llegar\u00edan al sector, hecho que seg\u00fan el dirigente, hace inviable econ\u00f3micamente llevar adelante la actividad de camping.<br \/>\nEl Presidente de la Serran\u00eda Campo La Quebrada San Antonio indic\u00f3 que le solicitaron al Gobernador Eduardo Le\u00f3n que la actividad del camping no sea considerada como un evento masivo, y esperan que la autoridad provincial les ayude, manifestando que son miles las familias que llegan durante fiestas patrias al Parque El Huaso, lo que tambi\u00e9n incentiva y potencia el comercio de Putaendo, motivo por el cual efectivamente existe la posibilidad que la asamblea de la Serran\u00eda decida no abrir el parque para camping este a\u00f1o, pues ya la medialuna del recinto contar\u00e1 con un rodeo para los d\u00edas de fiesta y la ramada oficial tambi\u00e9n funcionar\u00e1 con normalidad.<br \/>\n<strong>Patricio Gallardo M.<\/strong><\/p>\n","protected":false},"excerpt":{"rendered":"<p>PUTAENDO.- El tradicional camping que ofrece el Parque El Huaso de Sahond\u00e9, que durante fiestas patrias se convierte en uno de los lugares m\u00e1s visitados en Aconcagua, por vez primera podr\u00eda no&#8230;<\/p>\n","protected":false},"author":482,"featured_media":61686,"comment_status":"open","ping_status":"open","sticky":false,"template":"","format":"standard","meta":{"advanced_seo_description":"","jetpack_seo_html_title":"","jetpack_seo_noindex":false,"_jetpack_memberships_contains_paid_content":false,"footnotes":""},"categories":[1],"tags":[],"class_list":["post-61685","post","type-post","status-publish","format-standard","has-post-thumbnail","hentry","category-cronica"],"jetpack_featured_media_url":"https:\/\/i0.wp.com\/eltrabajo.cl\/portal\/wp-content\/uploads\/2015\/09\/familias-parke-el-huaso-sahonde.jpg?fit=530%2C349&ssl=1","jetpack_sharing_enabled":true,"jetpack_likes_enabled":true,"jetpack-related-posts":[],"_links":{"self":[{"href":"https:\/\/eltrabajo.cl\/portal\/wp-json\/wp\/v2\/posts\/61685","targetHints":{"allow":["GET"]}}],"collection":[{"href":"https:\/\/eltrabajo.cl\/portal\/wp-json\/wp\/v2\/posts"}],"about":[{"href":"https:\/\/eltrabajo.cl\/portal\/wp-json\/wp\/v2\/types\/post"}],"author":[{"embeddable":true,"href":"https:\/\/eltrabajo.cl\/portal\/wp-json\/wp\/v2\/users\/482"}],"replies":[{"embeddable":true,"href":"https:\/\/eltrabajo.cl\/portal\/wp-json\/wp\/v2\/comments?post=61685"}],"version-history":[{"count":0,"href":"https:\/\/eltrabajo.cl\/portal\/wp-json\/wp\/v2\/posts\/61685\/revisions"}],"wp:featuredmedia":[{"embeddable":true,"href":"https:\/\/eltrabajo.cl\/portal\/wp-json\/wp\/v2\/media\/61686"}],"wp:attachment":[{"href":"https:\/\/eltrabajo.cl\/portal\/wp-json\/wp\/v2\/media?parent=61685"}],"wp:term":[{"taxonomy":"category","embeddable":true,"href":"https:\/\/eltrabajo.cl\/portal\/wp-json\/wp\/v2\/categories?post=61685"},{"taxonomy":"post_tag","embeddable":true,"href":"https:\/\/eltrabajo.cl\/portal\/wp-json\/wp\/v2\/tags?post=61685"}],"curies":[{"name":"wp","href":"https:\/\/api.w.org\/{rel}","templated":true}]}}