{"id":61691,"date":"2015-09-04T09:51:09","date_gmt":"2015-09-04T12:51:09","guid":{"rendered":"http:\/\/www.eltrabajo.cl\/portal\/?p=61691"},"modified":"2015-09-04T09:51:09","modified_gmt":"2015-09-04T12:51:09","slug":"capacitan-a-dirigentes-del-valle-de-aconcagua-para-postular-a-fondo-concursable-esval","status":"publish","type":"post","link":"https:\/\/eltrabajo.cl\/portal\/capacitan-a-dirigentes-del-valle-de-aconcagua-para-postular-a-fondo-concursable-esval\/","title":{"rendered":"Capacitan a dirigentes del Valle de Aconcagua para postular a Fondo Concursable Esval"},"content":{"rendered":"<figure id=\"attachment_61692\" aria-describedby=\"caption-attachment-61692\" style=\"width: 300px\" class=\"wp-caption alignleft\"><a href=\"https:\/\/i0.wp.com\/www.eltrabajo.cl\/portal\/wp-content\/uploads\/2015\/09\/Dirigentes-capacitados-esval.jpg\"><img data-recalc-dims=\"1\" loading=\"lazy\" decoding=\"async\" class=\"wp-image-61692 size-medium\" src=\"https:\/\/i0.wp.com\/www.eltrabajo.cl\/portal\/wp-content\/uploads\/2015\/09\/Dirigentes-capacitados-esval-300x198.jpg?resize=300%2C198\" alt=\"Cerca de 50 dirigentes sociales participaron de las charlas efectuadas por Esval para que quieran participar de los Fondos Concursables.\" width=\"300\" height=\"198\" srcset=\"https:\/\/i0.wp.com\/eltrabajo.cl\/portal\/wp-content\/uploads\/2015\/09\/Dirigentes-capacitados-esval.jpg?resize=300%2C198&amp;ssl=1 300w, https:\/\/i0.wp.com\/eltrabajo.cl\/portal\/wp-content\/uploads\/2015\/09\/Dirigentes-capacitados-esval.jpg?resize=200%2C132&amp;ssl=1 200w, https:\/\/i0.wp.com\/eltrabajo.cl\/portal\/wp-content\/uploads\/2015\/09\/Dirigentes-capacitados-esval.jpg?resize=227%2C150&amp;ssl=1 227w, https:\/\/i0.wp.com\/eltrabajo.cl\/portal\/wp-content\/uploads\/2015\/09\/Dirigentes-capacitados-esval.jpg?resize=400%2C264&amp;ssl=1 400w, https:\/\/i0.wp.com\/eltrabajo.cl\/portal\/wp-content\/uploads\/2015\/09\/Dirigentes-capacitados-esval.jpg?w=530&amp;ssl=1 530w\" sizes=\"auto, (max-width: 300px) 100vw, 300px\" \/><\/a><figcaption id=\"caption-attachment-61692\" class=\"wp-caption-text\">Cerca de 50 dirigentes sociales participaron de las charlas efectuadas por Esval para que quieran participar de los Fondos Concursables.<\/figcaption><\/figure>\n<ul>\n<li><strong>Proyectos se pueden presentar hasta el 23 de septiembre.<\/strong><\/li>\n<\/ul>\n<p>Con una amplia convocatoria, Esval realiz\u00f3 un encuentro informativo sobre el proceso de postulaci\u00f3n al Fondo Concursable \u2018Contigo en cada Gota\u2019, en el que participaron dirigentes y representantes de diversas organizaciones comunitarias de las provincias de Los Andes y San Felipe.<br \/>\nEn la oportunidad, los cerca de 50 asistentes pudieron realizar sus consultas sobre la forma de postular y el tipo de proyectos que se pueden presentar a este Fondo, que tiene un monto total a repartir de $65 millones, un 30% m\u00e1s que en su primera versi\u00f3n realizada el a\u00f1o pasado.<br \/>\n\u201cEstamos muy contentos por la excelente convocatoria y participaci\u00f3n que hubo en este encuentro. El a\u00f1o pasado tuvimos 14 proyectos ganadores en el Valle del Aconcagua, de los 39 que se asignaron a nivel regional, es una zona que participa bastante y con interesantes proyectos\u201d, destac\u00f3 el subgerente zonal de Esval, Alejandro P\u00e9rez.<br \/>\nPor su parte, la gobernadora provincial de Los Andes, Mar\u00eda Victoria Rodr\u00edguez expres\u00f3 su deseo de \u201cagradecer y felicitar a Esval por este compromiso social con las comunidades.\u201d<br \/>\nEn tanto, la presidenta de la Uni\u00f3n Comunal de Juntas de Vecinos de San Esteban, M\u00f3nica Arancibia, afirm\u00f3 que \u201cestos Fondos son una gran ayuda para las comunidades, y ahora que los montos aumentaron, permitir\u00e1n que m\u00e1s organizaciones puedan postular sus proyectos\u201d.<br \/>\nPueden postular al Fondo Concursable de Esval agrupaciones sin fines de lucro y con personalidad jur\u00eddica vigente &#8211; juntas de vecinos, clubes de adulto mayor, centros de madres y clubes deportivos, entre otras-, con un monto m\u00e1ximo de $2 millones de subvenci\u00f3n por cada iniciativa. Tambi\u00e9n podr\u00e1n participar las comunidades educativas, siempre que cuenten con el respaldo del director del establecimiento.<br \/>\nLas postulaciones est\u00e1n abiertas hasta el 23 de septiembre, y los interesados en participar pueden descargar las bases y toda la informaci\u00f3n en www.esval.cl. Adem\u00e1s, cualquier consulta se puede realizar en el correo electr\u00f3nico: fondoconcursable@esval.cl.<\/p>\n","protected":false},"excerpt":{"rendered":"<p>Proyectos se pueden presentar hasta el 23 de septiembre. Con una amplia convocatoria, Esval realiz\u00f3 un encuentro informativo sobre el proceso de postulaci\u00f3n al Fondo Concursable \u2018Contigo en cada Gota\u2019, en el&#8230;<\/p>\n","protected":false},"author":482,"featured_media":61692,"comment_status":"open","ping_status":"open","sticky":false,"template":"","format":"standard","meta":{"advanced_seo_description":"","jetpack_seo_html_title":"","jetpack_seo_noindex":false,"_jetpack_memberships_contains_paid_content":false,"footnotes":""},"categories":[1],"tags":[],"class_list":["post-61691","post","type-post","status-publish","format-standard","has-post-thumbnail","hentry","category-cronica"],"jetpack_featured_media_url":"https:\/\/i0.wp.com\/eltrabajo.cl\/portal\/wp-content\/uploads\/2015\/09\/Dirigentes-capacitados-esval.jpg?fit=530%2C350&ssl=1","jetpack_sharing_enabled":true,"jetpack_likes_enabled":true,"jetpack-related-posts":[],"_links":{"self":[{"href":"https:\/\/eltrabajo.cl\/portal\/wp-json\/wp\/v2\/posts\/61691","targetHints":{"allow":["GET"]}}],"collection":[{"href":"https:\/\/eltrabajo.cl\/portal\/wp-json\/wp\/v2\/posts"}],"about":[{"href":"https:\/\/eltrabajo.cl\/portal\/wp-json\/wp\/v2\/types\/post"}],"author":[{"embeddable":true,"href":"https:\/\/eltrabajo.cl\/portal\/wp-json\/wp\/v2\/users\/482"}],"replies":[{"embeddable":true,"href":"https:\/\/eltrabajo.cl\/portal\/wp-json\/wp\/v2\/comments?post=61691"}],"version-history":[{"count":0,"href":"https:\/\/eltrabajo.cl\/portal\/wp-json\/wp\/v2\/posts\/61691\/revisions"}],"wp:featuredmedia":[{"embeddable":true,"href":"https:\/\/eltrabajo.cl\/portal\/wp-json\/wp\/v2\/media\/61692"}],"wp:attachment":[{"href":"https:\/\/eltrabajo.cl\/portal\/wp-json\/wp\/v2\/media?parent=61691"}],"wp:term":[{"taxonomy":"category","embeddable":true,"href":"https:\/\/eltrabajo.cl\/portal\/wp-json\/wp\/v2\/categories?post=61691"},{"taxonomy":"post_tag","embeddable":true,"href":"https:\/\/eltrabajo.cl\/portal\/wp-json\/wp\/v2\/tags?post=61691"}],"curies":[{"name":"wp","href":"https:\/\/api.w.org\/{rel}","templated":true}]}}