{"id":61697,"date":"2015-09-04T09:56:07","date_gmt":"2015-09-04T12:56:07","guid":{"rendered":"http:\/\/www.eltrabajo.cl\/portal\/?p=61697"},"modified":"2015-09-04T09:56:07","modified_gmt":"2015-09-04T12:56:07","slug":"kramer-y-andres-de-leon-estaran-presentes-en-el-guaton-loyola-2015","status":"publish","type":"post","link":"https:\/\/eltrabajo.cl\/portal\/kramer-y-andres-de-leon-estaran-presentes-en-el-guaton-loyola-2015\/","title":{"rendered":"Kramer y Andr\u00e9s de Le\u00f3n estar\u00e1n presentes en el \u2018Guat\u00f3n Loyola 2015\u2019"},"content":{"rendered":"<figure id=\"attachment_61698\" aria-describedby=\"caption-attachment-61698\" style=\"width: 300px\" class=\"wp-caption alignleft\"><a href=\"https:\/\/i0.wp.com\/www.eltrabajo.cl\/portal\/wp-content\/uploads\/2015\/09\/kramer-de-leon.jpg\"><img data-recalc-dims=\"1\" loading=\"lazy\" decoding=\"async\" class=\"wp-image-61698 size-medium\" src=\"https:\/\/i0.wp.com\/www.eltrabajo.cl\/portal\/wp-content\/uploads\/2015\/09\/kramer-de-leon-300x198.jpg?resize=300%2C198\" alt=\"Andr\u00e9s De Le\u00f3n y Stefan Kramer, quienes estar\u00e1n presentes en el show del Festival del Guat\u00f3n Loyola 2015.\" width=\"300\" height=\"198\" srcset=\"https:\/\/i0.wp.com\/eltrabajo.cl\/portal\/wp-content\/uploads\/2015\/09\/kramer-de-leon.jpg?resize=300%2C198&amp;ssl=1 300w, https:\/\/i0.wp.com\/eltrabajo.cl\/portal\/wp-content\/uploads\/2015\/09\/kramer-de-leon.jpg?resize=200%2C132&amp;ssl=1 200w, https:\/\/i0.wp.com\/eltrabajo.cl\/portal\/wp-content\/uploads\/2015\/09\/kramer-de-leon.jpg?resize=227%2C150&amp;ssl=1 227w, https:\/\/i0.wp.com\/eltrabajo.cl\/portal\/wp-content\/uploads\/2015\/09\/kramer-de-leon.jpg?resize=400%2C264&amp;ssl=1 400w, https:\/\/i0.wp.com\/eltrabajo.cl\/portal\/wp-content\/uploads\/2015\/09\/kramer-de-leon.jpg?w=530&amp;ssl=1 530w\" sizes=\"auto, (max-width: 300px) 100vw, 300px\" \/><\/a><figcaption id=\"caption-attachment-61698\" class=\"wp-caption-text\">Andr\u00e9s De Le\u00f3n y Stefan Kramer, quienes estar\u00e1n presentes en el show del Festival del Guat\u00f3n Loyola 2015.<\/figcaption><\/figure>\n<p><strong>LOS ANDES<\/strong>.- Dos tremendos artistas de gran categor\u00eda como Stefan Kramer y Andr\u00e9s De Le\u00f3n, estar\u00e1n presentes en el show del Festival del Guat\u00f3n Loyola 2015, que se realizar\u00e1 el 12 y 13 de septiembre en el Parque Urbano Ambrosio O\u00b4Higgins.<br \/>\nEl popular cantante se presentar\u00e1 junto a su banda el s\u00e1bado 12, ocasi\u00f3n en la que celebrar\u00e1 sus 20 a\u00f1os de carrera interpretando los \u00e9xitos rom\u00e1nticos que lo transformaron en el baladista m\u00e1s importante del pa\u00eds. En tanto, el afamado imitador y comediante actuar\u00e1 el domingo 13, trayendo su multifac\u00e9tico espect\u00e1culo por primera vez al p\u00fablico de Los Andes.<br \/>\nPero eso no es todo, porque el s\u00e1bado 12 tambi\u00e9n actuar\u00e1 la agrupaci\u00f3n aconcag\u00fcina Wayras Andinos, quienes cultivan el colorido y contagioso ritmo del caporal. Esa misma noche, la fiesta continuar\u00e1 con la gran revelaci\u00f3n chilena de la m\u00fasica tropical, el grupo Megapuesta.<br \/>\nEl domingo 13 se premiar\u00e1 a la canci\u00f3n ganadora del Festival Folcl\u00f3rico del Guat\u00f3n Loyola 2015. Adem\u00e1s, el rock llegar\u00e1 esa jornada de la mano de \u2018L\u00f3pez\u2019, la nueva banda de \u00c1lvaro y Gonzalo, ex integrantes de Los Bunkers, quienes presentar\u00e1n su nuevo trabajo y tambi\u00e9n parte del conocido repertorio de su anterior grupo.<br \/>\nEl espect\u00e1culo comenzar\u00e1 a las 21:00 horas. Las entradas estar\u00e1n a la venta, desde este s\u00e1bado 5 de septiembre, en la Municipalidad de Los Andes.<\/p>\n","protected":false},"excerpt":{"rendered":"<p>LOS ANDES.- Dos tremendos artistas de gran categor\u00eda como Stefan Kramer y Andr\u00e9s De Le\u00f3n, estar\u00e1n presentes en el show del Festival del Guat\u00f3n Loyola 2015, que se realizar\u00e1 el 12 y&#8230;<\/p>\n","protected":false},"author":482,"featured_media":61698,"comment_status":"open","ping_status":"open","sticky":false,"template":"","format":"standard","meta":{"advanced_seo_description":"","jetpack_seo_html_title":"","jetpack_seo_noindex":false,"_jetpack_memberships_contains_paid_content":false,"footnotes":""},"categories":[1],"tags":[],"class_list":["post-61697","post","type-post","status-publish","format-standard","has-post-thumbnail","hentry","category-cronica"],"jetpack_featured_media_url":"https:\/\/i0.wp.com\/eltrabajo.cl\/portal\/wp-content\/uploads\/2015\/09\/kramer-de-leon.jpg?fit=530%2C350&ssl=1","jetpack_sharing_enabled":true,"jetpack_likes_enabled":true,"jetpack-related-posts":[],"_links":{"self":[{"href":"https:\/\/eltrabajo.cl\/portal\/wp-json\/wp\/v2\/posts\/61697","targetHints":{"allow":["GET"]}}],"collection":[{"href":"https:\/\/eltrabajo.cl\/portal\/wp-json\/wp\/v2\/posts"}],"about":[{"href":"https:\/\/eltrabajo.cl\/portal\/wp-json\/wp\/v2\/types\/post"}],"author":[{"embeddable":true,"href":"https:\/\/eltrabajo.cl\/portal\/wp-json\/wp\/v2\/users\/482"}],"replies":[{"embeddable":true,"href":"https:\/\/eltrabajo.cl\/portal\/wp-json\/wp\/v2\/comments?post=61697"}],"version-history":[{"count":0,"href":"https:\/\/eltrabajo.cl\/portal\/wp-json\/wp\/v2\/posts\/61697\/revisions"}],"wp:featuredmedia":[{"embeddable":true,"href":"https:\/\/eltrabajo.cl\/portal\/wp-json\/wp\/v2\/media\/61698"}],"wp:attachment":[{"href":"https:\/\/eltrabajo.cl\/portal\/wp-json\/wp\/v2\/media?parent=61697"}],"wp:term":[{"taxonomy":"category","embeddable":true,"href":"https:\/\/eltrabajo.cl\/portal\/wp-json\/wp\/v2\/categories?post=61697"},{"taxonomy":"post_tag","embeddable":true,"href":"https:\/\/eltrabajo.cl\/portal\/wp-json\/wp\/v2\/tags?post=61697"}],"curies":[{"name":"wp","href":"https:\/\/api.w.org\/{rel}","templated":true}]}}