{"id":61700,"date":"2015-09-04T09:57:48","date_gmt":"2015-09-04T12:57:48","guid":{"rendered":"http:\/\/www.eltrabajo.cl\/portal\/?p=61700"},"modified":"2015-09-04T09:57:48","modified_gmt":"2015-09-04T12:57:48","slug":"corte-de-apelaciones-fallo-a-favor-de-empresa-maestra-por-casas-tomadas","status":"publish","type":"post","link":"https:\/\/eltrabajo.cl\/portal\/corte-de-apelaciones-fallo-a-favor-de-empresa-maestra-por-casas-tomadas\/","title":{"rendered":"Corte de Apelaciones fall\u00f3 a favor de empresa Maestra por casas tomadas"},"content":{"rendered":"<figure id=\"attachment_61701\" aria-describedby=\"caption-attachment-61701\" style=\"width: 300px\" class=\"wp-caption alignleft\"><a href=\"https:\/\/i0.wp.com\/www.eltrabajo.cl\/portal\/wp-content\/uploads\/2015\/09\/Sede11.jpg\"><img data-recalc-dims=\"1\" loading=\"lazy\" decoding=\"async\" class=\"wp-image-61701 size-medium\" src=\"https:\/\/i0.wp.com\/www.eltrabajo.cl\/portal\/wp-content\/uploads\/2015\/09\/Sede11-300x198.jpg?resize=300%2C198\" alt=\"SIN SEGURIDAD.- Cada segundo que pasa, es un segundo sin seguridad que los vecinos de villa Santa Teresa de San Felipe tienen que vivir.\" width=\"300\" height=\"198\" srcset=\"https:\/\/i0.wp.com\/eltrabajo.cl\/portal\/wp-content\/uploads\/2015\/09\/Sede11.jpg?resize=300%2C198&amp;ssl=1 300w, https:\/\/i0.wp.com\/eltrabajo.cl\/portal\/wp-content\/uploads\/2015\/09\/Sede11.jpg?resize=200%2C132&amp;ssl=1 200w, https:\/\/i0.wp.com\/eltrabajo.cl\/portal\/wp-content\/uploads\/2015\/09\/Sede11.jpg?resize=228%2C150&amp;ssl=1 228w, https:\/\/i0.wp.com\/eltrabajo.cl\/portal\/wp-content\/uploads\/2015\/09\/Sede11.jpg?resize=400%2C263&amp;ssl=1 400w, https:\/\/i0.wp.com\/eltrabajo.cl\/portal\/wp-content\/uploads\/2015\/09\/Sede11.jpg?w=530&amp;ssl=1 530w\" sizes=\"auto, (max-width: 300px) 100vw, 300px\" \/><\/a><figcaption id=\"caption-attachment-61701\" class=\"wp-caption-text\">SIN SEGURIDAD.- Cada segundo que pasa, es un segundo sin seguridad que los vecinos de villa Santa Teresa de San Felipe tienen que vivir.<\/figcaption><\/figure>\n<p>Luego que ayer jueves en Diario El Trabajo public\u00e1ramos las declaraciones de algunos vecinos de villa Santa Teresa 1 en relaci\u00f3n a lo indignados que ellos se sienten con el aparente estoicismo operativo de las autoridades con su caso, para liberarlos de algunos rufianes invasores de viviendas en su poblaci\u00f3n, fue la misma Maestra Inmobiliaria ubicada en Santiago, la que por medio de un comunicado solicitado por nuestro medio, hizo p\u00fablico tambi\u00e9n su repudio sobre esta violenta toma de sus viviendas y de sus clientes.<\/p>\n<p><strong>EL COMUNICADO<\/strong><br \/>\nEl comunicado dice lo siguiente:<br \/>\nAnte la toma ilegal que afecta al conjunto habitacional en Villa Santa Teresita de San Felipe, debemos hacer presente que una vez conocida esta situaci\u00f3n, Maestra Inmobiliaria inici\u00f3 inmediatamente innumerables gestiones ante diversas autoridades (Carabineros, Gobernaci\u00f3n, la Municipalidad y Tribunales, entre otros organismos) con el fin de revertir esta lamentable situaci\u00f3n que afecta injustamente a los propietarios que con esfuerzo de a\u00f1os pudieron cumplir con el sue\u00f1o de la casa propia. Fruto de estas acciones, ya contamos con un fallo favorable de la Corte de Apelaciones de Valpara\u00edso, que se encuentra en proceso de ejecuci\u00f3n.<br \/>\nEs innegable que esta toma no s\u00f3lo vulnera el derecho de las personas que con mucho esfuerzo compraron su propiedad en este conjunto, sino tambi\u00e9n el de quienes se encontraban en la \u00faltima etapa de tramitaci\u00f3n de sus subsidios y estaban comprando estas casas que hoy no se pueden entregar. Finalmente, esta toma tambi\u00e9n vulnera el derecho de propiedad de la inmobiliaria.<br \/>\nNuestro principal inter\u00e9s es otorgar a nuestros clientes un conjunto habitacional de buen nivel para que puedan vivir en familia y con tranquilidad, situaci\u00f3n que se ha visto gravemente amenazada con estos hechos. Por esta raz\u00f3n hemos estado en permanente contacto con todos los propietarios que nos han contactado y mantenemos nuestras puertas abiertas para escuchar los requerimientos de nuestros clientes, ya que sabemos perfectamente en la delicada situaci\u00f3n en que se encuentran. Cabe agregar que, sin perjuicio de lo anterior, producto de la situaci\u00f3n de violencia que se vive en la zona, lamentablemente no hemos podido estar presentes en forma personal, dado el riesgo que significa para nuestros colaboradores.<br \/>\nPor lo anterior, hacemos un en\u00e9rgico llamado a las autoridades a actuar con prontitud y decisi\u00f3n para ejecutar el fallo, y en consecuencia a tomar todas las medidas que sean conducentes para restablecer el orden a la brevedad posible, ya que la situaci\u00f3n se hace cada d\u00eda m\u00e1s insostenible.<br \/>\nNuestras puertas est\u00e1n abiertas para que el juzgado de Garant\u00eda o quien corresponda en este caso, se pronuncie y libere los dispositivos que permitan a las fuerzas del orden restablecer la seguridad perdida en ese sector de nuestra comuna, pues las familias due\u00f1as de esas viviendas siguen temblando de miedo frente a este pillaje en proceso.<br \/>\n<strong>Roberto Gonz\u00e1lez Short<\/strong><br \/>\n<strong>rgonzalez@eltrabajo.cl<\/strong><\/p>\n","protected":false},"excerpt":{"rendered":"<p>Luego que ayer jueves en Diario El Trabajo public\u00e1ramos las declaraciones de algunos vecinos de villa Santa Teresa 1 en relaci\u00f3n a lo indignados que ellos se sienten con el aparente estoicismo&#8230;<\/p>\n","protected":false},"author":482,"featured_media":61701,"comment_status":"open","ping_status":"open","sticky":false,"template":"","format":"standard","meta":{"advanced_seo_description":"","jetpack_seo_html_title":"","jetpack_seo_noindex":false,"_jetpack_memberships_contains_paid_content":false,"footnotes":""},"categories":[1],"tags":[],"class_list":["post-61700","post","type-post","status-publish","format-standard","has-post-thumbnail","hentry","category-cronica"],"jetpack_featured_media_url":"https:\/\/i0.wp.com\/eltrabajo.cl\/portal\/wp-content\/uploads\/2015\/09\/Sede11.jpg?fit=530%2C349&ssl=1","jetpack_sharing_enabled":true,"jetpack_likes_enabled":true,"jetpack-related-posts":[],"_links":{"self":[{"href":"https:\/\/eltrabajo.cl\/portal\/wp-json\/wp\/v2\/posts\/61700","targetHints":{"allow":["GET"]}}],"collection":[{"href":"https:\/\/eltrabajo.cl\/portal\/wp-json\/wp\/v2\/posts"}],"about":[{"href":"https:\/\/eltrabajo.cl\/portal\/wp-json\/wp\/v2\/types\/post"}],"author":[{"embeddable":true,"href":"https:\/\/eltrabajo.cl\/portal\/wp-json\/wp\/v2\/users\/482"}],"replies":[{"embeddable":true,"href":"https:\/\/eltrabajo.cl\/portal\/wp-json\/wp\/v2\/comments?post=61700"}],"version-history":[{"count":0,"href":"https:\/\/eltrabajo.cl\/portal\/wp-json\/wp\/v2\/posts\/61700\/revisions"}],"wp:featuredmedia":[{"embeddable":true,"href":"https:\/\/eltrabajo.cl\/portal\/wp-json\/wp\/v2\/media\/61701"}],"wp:attachment":[{"href":"https:\/\/eltrabajo.cl\/portal\/wp-json\/wp\/v2\/media?parent=61700"}],"wp:term":[{"taxonomy":"category","embeddable":true,"href":"https:\/\/eltrabajo.cl\/portal\/wp-json\/wp\/v2\/categories?post=61700"},{"taxonomy":"post_tag","embeddable":true,"href":"https:\/\/eltrabajo.cl\/portal\/wp-json\/wp\/v2\/tags?post=61700"}],"curies":[{"name":"wp","href":"https:\/\/api.w.org\/{rel}","templated":true}]}}