{"id":61709,"date":"2015-09-07T09:26:14","date_gmt":"2015-09-07T12:26:14","guid":{"rendered":"http:\/\/www.eltrabajo.cl\/portal\/?p=61709"},"modified":"2015-09-07T09:26:14","modified_gmt":"2015-09-07T12:26:14","slug":"seis-establecimientos-educacionales-andinos-seran-gratuitos-a-contar-de-2016","status":"publish","type":"post","link":"https:\/\/eltrabajo.cl\/portal\/seis-establecimientos-educacionales-andinos-seran-gratuitos-a-contar-de-2016\/","title":{"rendered":"Seis establecimientos educacionales andinos ser\u00e1n gratuitos a contar de 2016"},"content":{"rendered":"<figure id=\"attachment_61710\" aria-describedby=\"caption-attachment-61710\" style=\"width: 300px\" class=\"wp-caption alignleft\"><a href=\"https:\/\/i0.wp.com\/www.eltrabajo.cl\/portal\/wp-content\/uploads\/2015\/09\/Gratuidad-colegios-de-Los-Andes.jpg\"><img data-recalc-dims=\"1\" loading=\"lazy\" decoding=\"async\" class=\"wp-image-61710 size-medium\" src=\"https:\/\/i0.wp.com\/www.eltrabajo.cl\/portal\/wp-content\/uploads\/2015\/09\/Gratuidad-colegios-de-Los-Andes-300x198.jpg?resize=300%2C198\" alt=\"La gobernadora de Los Andes, Mar\u00eda Victoria Rodr\u00edguez inform\u00f3 que son seis establecimientos educacionales los que pasar\u00e1n a ser gratuitos a contar de marzo de 2016.\" width=\"300\" height=\"198\" srcset=\"https:\/\/i0.wp.com\/eltrabajo.cl\/portal\/wp-content\/uploads\/2015\/09\/Gratuidad-colegios-de-Los-Andes.jpg?resize=300%2C198&amp;ssl=1 300w, https:\/\/i0.wp.com\/eltrabajo.cl\/portal\/wp-content\/uploads\/2015\/09\/Gratuidad-colegios-de-Los-Andes.jpg?resize=200%2C132&amp;ssl=1 200w, https:\/\/i0.wp.com\/eltrabajo.cl\/portal\/wp-content\/uploads\/2015\/09\/Gratuidad-colegios-de-Los-Andes.jpg?resize=227%2C150&amp;ssl=1 227w, https:\/\/i0.wp.com\/eltrabajo.cl\/portal\/wp-content\/uploads\/2015\/09\/Gratuidad-colegios-de-Los-Andes.jpg?resize=400%2C264&amp;ssl=1 400w, https:\/\/i0.wp.com\/eltrabajo.cl\/portal\/wp-content\/uploads\/2015\/09\/Gratuidad-colegios-de-Los-Andes.jpg?w=530&amp;ssl=1 530w\" sizes=\"auto, (max-width: 300px) 100vw, 300px\" \/><\/a><figcaption id=\"caption-attachment-61710\" class=\"wp-caption-text\">La gobernadora de Los Andes, Mar\u00eda Victoria Rodr\u00edguez inform\u00f3 que son seis establecimientos educacionales los que pasar\u00e1n a ser gratuitos a contar de marzo de 2016.<\/figcaption><\/figure>\n<p><strong>LOS ANDES.-<\/strong> En la provincia, seis establecimientos educacionales pasar\u00e1n a ser gratuitos a contar de marzo de 2016, entre los cuales se destacan dos instituciones particulares tales como el Liceo Santa Clara y el Liceo Mixto, ambos de la comuna de Los Andes, en el marco de la Ley de Inclusi\u00f3n Escolar impulsada por el Gobierno de la Presidenta Michelle Bachelet.<br \/>\nA ellos se suman los liceos municipales que desde el pr\u00f3ximo a\u00f1o ser\u00e1n gratuitos: Liceo Max Salas March\u00e1n, Liceo T\u00e9cnico Amancay, Liceo Rep\u00fablica Argentina y Liceo Polit\u00e9cnico Am\u00e9rica.<br \/>\nLa gobernadora provincial de Los Andes, Mar\u00eda Victoria Rodr\u00edguez, valor\u00f3 esta noticia, ya que es un reflejo de la confianza hacia el Gobierno de la Presidenta Michelle Bachelet en materia educacional, importante se\u00f1al para que se contin\u00fae avanzando hacia un Chile con mayor equidad.<br \/>\nAdem\u00e1s, la autoridad agreg\u00f3 que esto manifiesta el compromiso con las familias de la provincia, puesto que la matr\u00edcula vigente de todos estos establecimientos alcanza 6700 estudiantes. S\u00f3lo entre el Liceo Mixto de Los Andes y el Liceo Santa Clara dicha matr\u00edcula alcanza supera los 4100 alumnos.<br \/>\nLa Ley de Inclusi\u00f3n Escolar regula la admisi\u00f3n de los estudiantes, elimina el financiamiento compartido y proh\u00edbe el lucro en establecimientos educacionales que reciben aportes del Estado, bajo el objetivo de mejorar la calidad de la educaci\u00f3n gracias a m\u00e1s recursos p\u00fablicos. Asimismo, entrega un fondo para el fortalecimiento de la educaci\u00f3n p\u00fablica de 250 mil millones de pesos anuales por cuatro a\u00f1os.<br \/>\nA nivel nacional, hasta el pasado 31 de agosto a las 18 horas, 739 colegios informaron al Ministerio de Educaci\u00f3n que pasar\u00e1n a ser gratuitos desde el pr\u00f3ximo a\u00f1o.<\/p>\n","protected":false},"excerpt":{"rendered":"<p>LOS ANDES.- En la provincia, seis establecimientos educacionales pasar\u00e1n a ser gratuitos a contar de marzo de 2016, entre los cuales se destacan dos instituciones particulares tales como el Liceo Santa Clara&#8230;<\/p>\n","protected":false},"author":482,"featured_media":61710,"comment_status":"open","ping_status":"open","sticky":false,"template":"","format":"standard","meta":{"advanced_seo_description":"","jetpack_seo_html_title":"","jetpack_seo_noindex":false,"_jetpack_memberships_contains_paid_content":false,"footnotes":""},"categories":[1],"tags":[],"class_list":["post-61709","post","type-post","status-publish","format-standard","has-post-thumbnail","hentry","category-cronica"],"jetpack_featured_media_url":"https:\/\/i0.wp.com\/eltrabajo.cl\/portal\/wp-content\/uploads\/2015\/09\/Gratuidad-colegios-de-Los-Andes.jpg?fit=530%2C350&ssl=1","jetpack_sharing_enabled":true,"jetpack_likes_enabled":true,"jetpack-related-posts":[],"_links":{"self":[{"href":"https:\/\/eltrabajo.cl\/portal\/wp-json\/wp\/v2\/posts\/61709","targetHints":{"allow":["GET"]}}],"collection":[{"href":"https:\/\/eltrabajo.cl\/portal\/wp-json\/wp\/v2\/posts"}],"about":[{"href":"https:\/\/eltrabajo.cl\/portal\/wp-json\/wp\/v2\/types\/post"}],"author":[{"embeddable":true,"href":"https:\/\/eltrabajo.cl\/portal\/wp-json\/wp\/v2\/users\/482"}],"replies":[{"embeddable":true,"href":"https:\/\/eltrabajo.cl\/portal\/wp-json\/wp\/v2\/comments?post=61709"}],"version-history":[{"count":0,"href":"https:\/\/eltrabajo.cl\/portal\/wp-json\/wp\/v2\/posts\/61709\/revisions"}],"wp:featuredmedia":[{"embeddable":true,"href":"https:\/\/eltrabajo.cl\/portal\/wp-json\/wp\/v2\/media\/61710"}],"wp:attachment":[{"href":"https:\/\/eltrabajo.cl\/portal\/wp-json\/wp\/v2\/media?parent=61709"}],"wp:term":[{"taxonomy":"category","embeddable":true,"href":"https:\/\/eltrabajo.cl\/portal\/wp-json\/wp\/v2\/categories?post=61709"},{"taxonomy":"post_tag","embeddable":true,"href":"https:\/\/eltrabajo.cl\/portal\/wp-json\/wp\/v2\/tags?post=61709"}],"curies":[{"name":"wp","href":"https:\/\/api.w.org\/{rel}","templated":true}]}}