{"id":61712,"date":"2015-09-07T09:27:31","date_gmt":"2015-09-07T12:27:31","guid":{"rendered":"http:\/\/www.eltrabajo.cl\/portal\/?p=61712"},"modified":"2015-09-07T09:27:31","modified_gmt":"2015-09-07T12:27:31","slug":"con-diversas-actividades-jardin-infantil-promueve-apego-de-parvulos-con-sus-familias","status":"publish","type":"post","link":"https:\/\/eltrabajo.cl\/portal\/con-diversas-actividades-jardin-infantil-promueve-apego-de-parvulos-con-sus-familias\/","title":{"rendered":"Con diversas actividades jard\u00edn infantil promueve apego de p\u00e1rvulos con sus familias"},"content":{"rendered":"<figure id=\"attachment_61713\" aria-describedby=\"caption-attachment-61713\" style=\"width: 300px\" class=\"wp-caption alignleft\"><a href=\"https:\/\/i0.wp.com\/www.eltrabajo.cl\/portal\/wp-content\/uploads\/2015\/09\/matrogimnasia.jpg\"><img data-recalc-dims=\"1\" loading=\"lazy\" decoding=\"async\" class=\"wp-image-61713 size-medium\" src=\"https:\/\/i0.wp.com\/www.eltrabajo.cl\/portal\/wp-content\/uploads\/2015\/09\/matrogimnasia-300x198.jpg?resize=300%2C198\" alt=\"Para esta actividad, los ni\u00f1os acompa\u00f1ados de sus padres caminaron descalzos en harina, estimulando el v\u00ednculo con su familia y sus sentidos. \" width=\"300\" height=\"198\" srcset=\"https:\/\/i0.wp.com\/eltrabajo.cl\/portal\/wp-content\/uploads\/2015\/09\/matrogimnasia.jpg?resize=300%2C198&amp;ssl=1 300w, https:\/\/i0.wp.com\/eltrabajo.cl\/portal\/wp-content\/uploads\/2015\/09\/matrogimnasia.jpg?resize=200%2C132&amp;ssl=1 200w, https:\/\/i0.wp.com\/eltrabajo.cl\/portal\/wp-content\/uploads\/2015\/09\/matrogimnasia.jpg?resize=227%2C150&amp;ssl=1 227w, https:\/\/i0.wp.com\/eltrabajo.cl\/portal\/wp-content\/uploads\/2015\/09\/matrogimnasia.jpg?resize=400%2C264&amp;ssl=1 400w, https:\/\/i0.wp.com\/eltrabajo.cl\/portal\/wp-content\/uploads\/2015\/09\/matrogimnasia.jpg?w=530&amp;ssl=1 530w\" sizes=\"auto, (max-width: 300px) 100vw, 300px\" \/><\/a><figcaption id=\"caption-attachment-61713\" class=\"wp-caption-text\">Para esta actividad, los ni\u00f1os acompa\u00f1ados de sus padres caminaron descalzos en harina, estimulando el v\u00ednculo con su familia y sus sentidos.<\/figcaption><\/figure>\n<p><strong>LOS ANDES<\/strong>.- Una vez al mes equipo educativo del jard\u00edn realiza actividades donde la familia cumple un rol esencial en el aprendizaje de sus hijos.<br \/>\nDesarrollar los sentidos, acceder nuevos conocimientos a trav\u00e9s de \u00e9stos y fortalecer el apego de los ni\u00f1os con sus familias son parte de los objetivos de la actividad de matrogimnasia que mensualmente desarrolla el jard\u00edn infantil \u2018Rayito de Luz\u2019 de Los Andes.<br \/>\nJunto a sus padres y madres, los ni\u00f1os del nivel sala cuna mayor pudieron desplazarse y bailar a pies descalzos sobre la harina, una experiencia que les permiti\u00f3 desarrollar sus sentidos y por sobre todo compartir junto a sus familias una experiencia pedag\u00f3gica que sin duda contribuir\u00e1 a su desarrollo y aprendizaje.<br \/>\nEn la ocasi\u00f3n, la Directora Regional de la Junji Valpara\u00edso, Priscila Corsi C\u00e1ceres agradeci\u00f3 el rol protag\u00f3nico de las familias en el proceso educativo de los ni\u00f1os y en todas las actividades organizadas por el jard\u00edn. \u201cSiempre es gratificante ver a padres y madres acompa\u00f1ando a sus hijos en los jardines infantiles, pues demuestra su preocupaci\u00f3n e inter\u00e9s por ser parte de su aprendizaje. Como Junji agradecemos ese compromiso, pues creemos que la educaci\u00f3n es una tarea conjunta en que todos aportamos y contribuimos\u201d, se\u00f1al\u00f3.<br \/>\nEl jard\u00edn infantil Rayito de Luz de Los Andes atiende a 148 ni\u00f1os de los sectores de Las Acacias, Sarmiento y Alto Aconcagua, beneficiando a hijos de madres trabajadoras y jefas de hogar, estudiantes y de familias que laboran en la actividad agr\u00edcola y de temporada. El recinto educativo atiende desde las 8:00 a las 18:45 gracias al sistema de extensi\u00f3n horaria.<\/p>\n","protected":false},"excerpt":{"rendered":"<p>LOS ANDES.- Una vez al mes equipo educativo del jard\u00edn realiza actividades donde la familia cumple un rol esencial en el aprendizaje de sus hijos. Desarrollar los sentidos, acceder nuevos conocimientos a&#8230;<\/p>\n","protected":false},"author":482,"featured_media":61713,"comment_status":"open","ping_status":"open","sticky":false,"template":"","format":"standard","meta":{"advanced_seo_description":"","jetpack_seo_html_title":"","jetpack_seo_noindex":false,"_jetpack_memberships_contains_paid_content":false,"footnotes":""},"categories":[15],"tags":[],"class_list":["post-61712","post","type-post","status-publish","format-standard","has-post-thumbnail","hentry","category-comunidad"],"jetpack_featured_media_url":"https:\/\/i0.wp.com\/eltrabajo.cl\/portal\/wp-content\/uploads\/2015\/09\/matrogimnasia.jpg?fit=530%2C350&ssl=1","jetpack_sharing_enabled":true,"jetpack_likes_enabled":true,"jetpack-related-posts":[],"_links":{"self":[{"href":"https:\/\/eltrabajo.cl\/portal\/wp-json\/wp\/v2\/posts\/61712","targetHints":{"allow":["GET"]}}],"collection":[{"href":"https:\/\/eltrabajo.cl\/portal\/wp-json\/wp\/v2\/posts"}],"about":[{"href":"https:\/\/eltrabajo.cl\/portal\/wp-json\/wp\/v2\/types\/post"}],"author":[{"embeddable":true,"href":"https:\/\/eltrabajo.cl\/portal\/wp-json\/wp\/v2\/users\/482"}],"replies":[{"embeddable":true,"href":"https:\/\/eltrabajo.cl\/portal\/wp-json\/wp\/v2\/comments?post=61712"}],"version-history":[{"count":0,"href":"https:\/\/eltrabajo.cl\/portal\/wp-json\/wp\/v2\/posts\/61712\/revisions"}],"wp:featuredmedia":[{"embeddable":true,"href":"https:\/\/eltrabajo.cl\/portal\/wp-json\/wp\/v2\/media\/61713"}],"wp:attachment":[{"href":"https:\/\/eltrabajo.cl\/portal\/wp-json\/wp\/v2\/media?parent=61712"}],"wp:term":[{"taxonomy":"category","embeddable":true,"href":"https:\/\/eltrabajo.cl\/portal\/wp-json\/wp\/v2\/categories?post=61712"},{"taxonomy":"post_tag","embeddable":true,"href":"https:\/\/eltrabajo.cl\/portal\/wp-json\/wp\/v2\/tags?post=61712"}],"curies":[{"name":"wp","href":"https:\/\/api.w.org\/{rel}","templated":true}]}}