{"id":61715,"date":"2015-09-07T09:28:36","date_gmt":"2015-09-07T12:28:36","guid":{"rendered":"http:\/\/www.eltrabajo.cl\/portal\/?p=61715"},"modified":"2015-09-07T09:28:36","modified_gmt":"2015-09-07T12:28:36","slug":"capacitan-a-escuelas-y-jardines-infantiles-en-uso-de-extintores","status":"publish","type":"post","link":"https:\/\/eltrabajo.cl\/portal\/capacitan-a-escuelas-y-jardines-infantiles-en-uso-de-extintores\/","title":{"rendered":"Capacitan a escuelas y jardines infantiles en uso de extintores"},"content":{"rendered":"<figure id=\"attachment_61716\" aria-describedby=\"caption-attachment-61716\" style=\"width: 300px\" class=\"wp-caption alignleft\"><a href=\"https:\/\/i0.wp.com\/www.eltrabajo.cl\/portal\/wp-content\/uploads\/2015\/09\/Capacitacion-uso-de-extintores.jpg\"><img data-recalc-dims=\"1\" loading=\"lazy\" decoding=\"async\" class=\"wp-image-61716 size-medium\" src=\"https:\/\/i0.wp.com\/www.eltrabajo.cl\/portal\/wp-content\/uploads\/2015\/09\/Capacitacion-uso-de-extintores-300x199.jpg?resize=300%2C199\" alt=\"En la Escuela Independencia realizaron capacitaciones para profesoras y educadoras sobre los usos y manejos de los extintores de incendios.\" width=\"300\" height=\"199\" srcset=\"https:\/\/i0.wp.com\/eltrabajo.cl\/portal\/wp-content\/uploads\/2015\/09\/Capacitacion-uso-de-extintores.jpg?resize=300%2C199&amp;ssl=1 300w, https:\/\/i0.wp.com\/eltrabajo.cl\/portal\/wp-content\/uploads\/2015\/09\/Capacitacion-uso-de-extintores.jpg?resize=200%2C133&amp;ssl=1 200w, https:\/\/i0.wp.com\/eltrabajo.cl\/portal\/wp-content\/uploads\/2015\/09\/Capacitacion-uso-de-extintores.jpg?resize=226%2C150&amp;ssl=1 226w, https:\/\/i0.wp.com\/eltrabajo.cl\/portal\/wp-content\/uploads\/2015\/09\/Capacitacion-uso-de-extintores.jpg?resize=400%2C265&amp;ssl=1 400w, https:\/\/i0.wp.com\/eltrabajo.cl\/portal\/wp-content\/uploads\/2015\/09\/Capacitacion-uso-de-extintores.jpg?w=528&amp;ssl=1 528w\" sizes=\"auto, (max-width: 300px) 100vw, 300px\" \/><\/a><figcaption id=\"caption-attachment-61716\" class=\"wp-caption-text\">En la Escuela Independencia realizaron capacitaciones para profesoras y educadoras sobre los usos y manejos de los extintores de incendios.<\/figcaption><\/figure>\n<ul>\n<li><strong>La idea es adiestrar a los funcionarios de estos establecimientos, sobre el uso de extintores para el combate de incendios.<\/strong><\/li>\n<\/ul>\n<p><strong>PANQUEHUE<\/strong>.- Una capacitaci\u00f3n sobre el uso de extintores, se realiz\u00f3 en la escuela Independencia y Jard\u00edn Infantil Enanitos del Bosque de la comuna de Panquehue, con el fin de dar cumplimiento al Decreto Supremo N\u00b0 594, art\u00edculo 45\u00b0, donde se especifica que todo lugar de trabajo en que exista alg\u00fan riesgo de incendio, ya sea por la estructura del recinto, deber\u00e1 contar con extintores de incendio, del tipo adecuado a los materiales combustibles que en \u00e9l existan o se manipulen. Por otra parte todo personal que se desempe\u00f1a en un lugar de trabajo deber\u00e1 ser instruido y entrenado sobre la manera de usar los extintores en caso de emergencia.<br \/>\nCarolina Mart\u00ednez, Prevencioncita de la Municipalidad de Panquehue se\u00f1al\u00f3 que esta capacitaci\u00f3n tuvo un desarrollo de dos partes fundamentales, una te\u00f3rica y pr\u00e1ctica; en donde, la primera de ella, dio a conocer algunos temas sobre incendios, diferentes emergencias especificas, las causas que provocan un siniestro incendio, qu\u00e9 es el fuego, t\u00e9cnicas de extinci\u00f3n, prevenci\u00f3n, protecci\u00f3n y evoluci\u00f3n del incendio, recomendaciones, clasificaci\u00f3n del fuego, extintores, entre otros.<br \/>\nEn tanto en la parte pr\u00e1ctica, se inform\u00f3 sobre los componentes de un extintor y as\u00ed brindar la posibilidad de que cada profesor o educadora pudiese relacionarse con \u00e9l equipo y as\u00ed poder aplicar los conocimientos adquiridos.<br \/>\n\u201cLa municipalidad de Panquehue en su preocupaci\u00f3n permanente por la seguridad, ha establecido un programa de capacitaciones, para todos los establecimientos que componen el departamento de educaci\u00f3n\u201d. Explic\u00f3 la profesional.<\/p>\n","protected":false},"excerpt":{"rendered":"<p>La idea es adiestrar a los funcionarios de estos establecimientos, sobre el uso de extintores para el combate de incendios. PANQUEHUE.- Una capacitaci\u00f3n sobre el uso de extintores, se realiz\u00f3 en la&#8230;<\/p>\n","protected":false},"author":482,"featured_media":61716,"comment_status":"open","ping_status":"open","sticky":false,"template":"","format":"standard","meta":{"advanced_seo_description":"","jetpack_seo_html_title":"","jetpack_seo_noindex":false,"_jetpack_memberships_contains_paid_content":false,"footnotes":""},"categories":[15],"tags":[],"class_list":["post-61715","post","type-post","status-publish","format-standard","has-post-thumbnail","hentry","category-comunidad"],"jetpack_featured_media_url":"https:\/\/i0.wp.com\/eltrabajo.cl\/portal\/wp-content\/uploads\/2015\/09\/Capacitacion-uso-de-extintores.jpg?fit=528%2C350&ssl=1","jetpack_sharing_enabled":true,"jetpack_likes_enabled":true,"jetpack-related-posts":[],"_links":{"self":[{"href":"https:\/\/eltrabajo.cl\/portal\/wp-json\/wp\/v2\/posts\/61715","targetHints":{"allow":["GET"]}}],"collection":[{"href":"https:\/\/eltrabajo.cl\/portal\/wp-json\/wp\/v2\/posts"}],"about":[{"href":"https:\/\/eltrabajo.cl\/portal\/wp-json\/wp\/v2\/types\/post"}],"author":[{"embeddable":true,"href":"https:\/\/eltrabajo.cl\/portal\/wp-json\/wp\/v2\/users\/482"}],"replies":[{"embeddable":true,"href":"https:\/\/eltrabajo.cl\/portal\/wp-json\/wp\/v2\/comments?post=61715"}],"version-history":[{"count":0,"href":"https:\/\/eltrabajo.cl\/portal\/wp-json\/wp\/v2\/posts\/61715\/revisions"}],"wp:featuredmedia":[{"embeddable":true,"href":"https:\/\/eltrabajo.cl\/portal\/wp-json\/wp\/v2\/media\/61716"}],"wp:attachment":[{"href":"https:\/\/eltrabajo.cl\/portal\/wp-json\/wp\/v2\/media?parent=61715"}],"wp:term":[{"taxonomy":"category","embeddable":true,"href":"https:\/\/eltrabajo.cl\/portal\/wp-json\/wp\/v2\/categories?post=61715"},{"taxonomy":"post_tag","embeddable":true,"href":"https:\/\/eltrabajo.cl\/portal\/wp-json\/wp\/v2\/tags?post=61715"}],"curies":[{"name":"wp","href":"https:\/\/api.w.org\/{rel}","templated":true}]}}