{"id":61718,"date":"2015-09-07T09:30:14","date_gmt":"2015-09-07T12:30:14","guid":{"rendered":"http:\/\/www.eltrabajo.cl\/portal\/?p=61718"},"modified":"2015-09-07T09:30:14","modified_gmt":"2015-09-07T12:30:14","slug":"emblematicos-dirigentes-nacionales-en-reinauguracion-de-sede-dc","status":"publish","type":"post","link":"https:\/\/eltrabajo.cl\/portal\/emblematicos-dirigentes-nacionales-en-reinauguracion-de-sede-dc\/","title":{"rendered":"Emblem\u00e1ticos dirigentes nacionales en reinauguraci\u00f3n de sede DC"},"content":{"rendered":"<figure id=\"attachment_61719\" aria-describedby=\"caption-attachment-61719\" style=\"width: 300px\" class=\"wp-caption alignleft\"><a href=\"https:\/\/i0.wp.com\/www.eltrabajo.cl\/portal\/wp-content\/uploads\/2015\/09\/Inauguracion-sede-DC.jpg\"><img data-recalc-dims=\"1\" loading=\"lazy\" decoding=\"async\" class=\"wp-image-61719 size-medium\" src=\"https:\/\/i0.wp.com\/www.eltrabajo.cl\/portal\/wp-content\/uploads\/2015\/09\/Inauguracion-sede-DC-300x198.jpg?resize=300%2C198\" alt=\"Durante el viernes, se realiz\u00f3 la ceremonia de reinauguraci\u00f3n de la sede de la DC en San Felipe, de la que participaron dirigentes nacionales del partido.\" width=\"300\" height=\"198\" srcset=\"https:\/\/i0.wp.com\/eltrabajo.cl\/portal\/wp-content\/uploads\/2015\/09\/Inauguracion-sede-DC.jpg?resize=300%2C198&amp;ssl=1 300w, https:\/\/i0.wp.com\/eltrabajo.cl\/portal\/wp-content\/uploads\/2015\/09\/Inauguracion-sede-DC.jpg?resize=200%2C132&amp;ssl=1 200w, https:\/\/i0.wp.com\/eltrabajo.cl\/portal\/wp-content\/uploads\/2015\/09\/Inauguracion-sede-DC.jpg?resize=228%2C150&amp;ssl=1 228w, https:\/\/i0.wp.com\/eltrabajo.cl\/portal\/wp-content\/uploads\/2015\/09\/Inauguracion-sede-DC.jpg?resize=400%2C263&amp;ssl=1 400w, https:\/\/i0.wp.com\/eltrabajo.cl\/portal\/wp-content\/uploads\/2015\/09\/Inauguracion-sede-DC.jpg?w=530&amp;ssl=1 530w\" sizes=\"auto, (max-width: 300px) 100vw, 300px\" \/><\/a><figcaption id=\"caption-attachment-61719\" class=\"wp-caption-text\">Durante el viernes, se realiz\u00f3 la ceremonia de reinauguraci\u00f3n de la sede de la DC en San Felipe, de la que participaron dirigentes nacionales del partido.<\/figcaption><\/figure>\n<p>Este viernes 4 de septiembre fue la fecha escogida por la Directiva Comunal de la falange para reinaugurar su hist\u00f3rica sede de calle Merced.<br \/>\nA la cita concurrieron el presidente nacional del PDC Senador Jorge Pizarro, el Senador Ignacio Walker, el presidente regional de la colectividad Eduardo Cerda Garc\u00eda, el consejero regional Rolando Stevenson, El alcalde de Rinconada Pedro Caballeria, dirigentes locales y cerca de un centenar de militantes de la comuna.<br \/>\nSu presidente comunal y Concejal Basilio Muena explic\u00f3 que la fecha de reinauguraci\u00f3n de la sede fue escogida precisamente para que junt\u00f3 con mostrar la remozada sede, se pudieran conmemorar los 51 a\u00f1os del triunfo de la Revoluci\u00f3n en Libertad-la marcha de Patria Joven que permiti\u00f3 que Eduardo Frei Montalva llegara a la Moneda y lograra impulsar grandes transformaciones como la reforma agraria y la chilenizaci\u00f3n del cobre, por nombrar algunas.<br \/>\nMuena agrego que junt\u00f3 a lo anterior se aprovech\u00f3 de celebrar el aniversario del partido; el cual se hab\u00eda postergado debido a los trabajos de mejora realizados en las instalaciones de la sede. Los que se prolongaron por poco m\u00e1s de cuatro meses.<br \/>\nEl dirigente se\u00f1al\u00f3 que: \u00abEl proceso municipal del 2016 debe ser de manera tangible la prioridad hoy\u00bb. Evidenciando que a nivel local pretenden tomar un rol a\u00fan m\u00e1s protag\u00f3nico en el desarrollo de la comuna.<br \/>\nTambi\u00e9n Muena aprovech\u00f3 su intervenci\u00f3n para instar a los precandidatos a concejales del partido \u00abA los 22 inscritos, a los 22 interesados en representarnos, a los hombres y mujeres, militantes e independientes. Como mesa comunal les pedimos: despliegue desde hoy&#8230; Fijar posici\u00f3n, marcar la diferencia y construir propuesta.\u201d<br \/>\nQuien finaliz\u00f3 los discursos fue Senador Jorge Pizarro quien felicit\u00f3 a la directiva comunal por la actividad que se desarrolla en San Felipe. Y respecto al \u00e1mbito municipal se\u00f1alo que se competir\u00e1 en todas las comunas en que se determine hacerlo; luego del avance del proceso interno de la DC; dejando entrever que no se descarta que la DC en definitiva proponga una alternativa para liderar la comuna de San Felipe.<\/p>\n","protected":false},"excerpt":{"rendered":"<p>Este viernes 4 de septiembre fue la fecha escogida por la Directiva Comunal de la falange para reinaugurar su hist\u00f3rica sede de calle Merced. A la cita concurrieron el presidente nacional del&#8230;<\/p>\n","protected":false},"author":482,"featured_media":61719,"comment_status":"open","ping_status":"open","sticky":false,"template":"","format":"standard","meta":{"advanced_seo_description":"","jetpack_seo_html_title":"","jetpack_seo_noindex":false,"_jetpack_memberships_contains_paid_content":false,"footnotes":""},"categories":[1],"tags":[],"class_list":["post-61718","post","type-post","status-publish","format-standard","has-post-thumbnail","hentry","category-cronica"],"jetpack_featured_media_url":"https:\/\/i0.wp.com\/eltrabajo.cl\/portal\/wp-content\/uploads\/2015\/09\/Inauguracion-sede-DC.jpg?fit=530%2C349&ssl=1","jetpack_sharing_enabled":true,"jetpack_likes_enabled":true,"jetpack-related-posts":[],"_links":{"self":[{"href":"https:\/\/eltrabajo.cl\/portal\/wp-json\/wp\/v2\/posts\/61718","targetHints":{"allow":["GET"]}}],"collection":[{"href":"https:\/\/eltrabajo.cl\/portal\/wp-json\/wp\/v2\/posts"}],"about":[{"href":"https:\/\/eltrabajo.cl\/portal\/wp-json\/wp\/v2\/types\/post"}],"author":[{"embeddable":true,"href":"https:\/\/eltrabajo.cl\/portal\/wp-json\/wp\/v2\/users\/482"}],"replies":[{"embeddable":true,"href":"https:\/\/eltrabajo.cl\/portal\/wp-json\/wp\/v2\/comments?post=61718"}],"version-history":[{"count":0,"href":"https:\/\/eltrabajo.cl\/portal\/wp-json\/wp\/v2\/posts\/61718\/revisions"}],"wp:featuredmedia":[{"embeddable":true,"href":"https:\/\/eltrabajo.cl\/portal\/wp-json\/wp\/v2\/media\/61719"}],"wp:attachment":[{"href":"https:\/\/eltrabajo.cl\/portal\/wp-json\/wp\/v2\/media?parent=61718"}],"wp:term":[{"taxonomy":"category","embeddable":true,"href":"https:\/\/eltrabajo.cl\/portal\/wp-json\/wp\/v2\/categories?post=61718"},{"taxonomy":"post_tag","embeddable":true,"href":"https:\/\/eltrabajo.cl\/portal\/wp-json\/wp\/v2\/tags?post=61718"}],"curies":[{"name":"wp","href":"https:\/\/api.w.org\/{rel}","templated":true}]}}