{"id":61721,"date":"2015-09-07T09:31:20","date_gmt":"2015-09-07T12:31:20","guid":{"rendered":"http:\/\/www.eltrabajo.cl\/portal\/?p=61721"},"modified":"2015-09-07T09:31:20","modified_gmt":"2015-09-07T12:31:20","slug":"aguinaldos-de-fiestas-patrias-beneficiaran-a-mas-de-17-mil-pensionados-de-la-provincia","status":"publish","type":"post","link":"https:\/\/eltrabajo.cl\/portal\/aguinaldos-de-fiestas-patrias-beneficiaran-a-mas-de-17-mil-pensionados-de-la-provincia\/","title":{"rendered":"Aguinaldos de fiestas patrias beneficiar\u00e1n a m\u00e1s de 17 mil pensionados de la Provincia"},"content":{"rendered":"<figure id=\"attachment_61722\" aria-describedby=\"caption-attachment-61722\" style=\"width: 300px\" class=\"wp-caption alignleft\"><a href=\"https:\/\/i0.wp.com\/www.eltrabajo.cl\/portal\/wp-content\/uploads\/2015\/09\/Aguinaldos-pensionados.jpg\"><img data-recalc-dims=\"1\" loading=\"lazy\" decoding=\"async\" class=\"wp-image-61722 size-medium\" src=\"https:\/\/i0.wp.com\/www.eltrabajo.cl\/portal\/wp-content\/uploads\/2015\/09\/Aguinaldos-pensionados-300x198.jpg?resize=300%2C198\" alt=\"El gobernador Eduardo Le\u00f3n junto a la Jefa biprovincial de IPS, Isabel Salas, le informaron a Don Marcos sobre la entrega de aguinaldos para los pensionados de la provincia.\" width=\"300\" height=\"198\" srcset=\"https:\/\/i0.wp.com\/eltrabajo.cl\/portal\/wp-content\/uploads\/2015\/09\/Aguinaldos-pensionados.jpg?resize=300%2C198&amp;ssl=1 300w, https:\/\/i0.wp.com\/eltrabajo.cl\/portal\/wp-content\/uploads\/2015\/09\/Aguinaldos-pensionados.jpg?resize=200%2C132&amp;ssl=1 200w, https:\/\/i0.wp.com\/eltrabajo.cl\/portal\/wp-content\/uploads\/2015\/09\/Aguinaldos-pensionados.jpg?resize=227%2C150&amp;ssl=1 227w, https:\/\/i0.wp.com\/eltrabajo.cl\/portal\/wp-content\/uploads\/2015\/09\/Aguinaldos-pensionados.jpg?resize=400%2C264&amp;ssl=1 400w, https:\/\/i0.wp.com\/eltrabajo.cl\/portal\/wp-content\/uploads\/2015\/09\/Aguinaldos-pensionados.jpg?w=530&amp;ssl=1 530w\" sizes=\"auto, (max-width: 300px) 100vw, 300px\" \/><\/a><figcaption id=\"caption-attachment-61722\" class=\"wp-caption-text\">El gobernador Eduardo Le\u00f3n junto a la Jefa biprovincial de IPS, Isabel Salas, le informaron a Don Marcos sobre la entrega de aguinaldos para los pensionados de la provincia.<\/figcaption><\/figure>\n<ul>\n<li><strong>El Estado desembolsar\u00e1 m\u00e1s de $300 millones en la Provincia para poder entregar este beneficio, que ya se est\u00e1 cobrando desde el pasado 1 de septiembre y que se a\u00f1ade a la liquidaci\u00f3n de septiembre.<\/strong><\/li>\n<\/ul>\n<p>Durante la ma\u00f1ana de este viernes, el Gobernador Eduardo Le\u00f3n junto a la Jefa Biprovincial de IPS, Isabel Salas, informaron que ya se est\u00e1 pagando el aguinaldo para los pensionados del Instituto de Previsi\u00f3n Social, el que se incluir\u00e1 en su misma liquidaci\u00f3n de septiembre, la que se pagar\u00e1 antes del 18. A nivel nacional, el Estado desembolsar\u00e1 m\u00e1s de 36 mil millones para materializar esta importante iniciativa.<br \/>\nEl valor del Aguinaldo es de $17.140 por pensionado, y se incrementa en $8.793 por cada carga familiar acreditada. En la Provincia de San Felipe, el n\u00famero de beneficiados es de m\u00e1s de 17.467 mil personas, superando los $300 millones.<br \/>\nEn esta l\u00ednea, el Gobernador Eduardo Le\u00f3n, recalc\u00f3 la importancia de la seguridad que deben adoptar. \u201cHay un incremento por carga familiar. M\u00e1s de 900, lo que implicar\u00e1 cerca de $300 millones destinados para ellos. Asimismo, reforzamos el llamado al autocuidado de nuestros adultos mayores, deben tomar ciertas precauciones para pasar las fiestas patrias de forma tranquila\u201d, puntualiz\u00f3.<br \/>\nEn tanto, la Jefa biprovincial de IPS, Isabel Salas, inform\u00f3 que \u201ceste beneficio ya viene incorporado en el pago de la pensi\u00f3n mensual que tienen los adultos mayores, por lo cual, ya estar\u00e1 listo cuando realicen el cobro\u201d.<br \/>\nA partir del pasado 1 de septiembre m\u00e1s de 2 millones de pensionados a lo largo del pa\u00eds comenzaron a recibir este pago.<br \/>\nEs un beneficio que tradicionalmente se paga en septiembre y el monto del beneficio es de $17.140 por pensionado y se incrementar\u00e1 en $8.793 por cada carga familiar acreditada al 31 de agosto del a\u00f1o en curso.<br \/>\nPor otro lado, ambas autoridades se reunieron con Don Marcos, un adulto mayor que se desempe\u00f1a como lustrabotas hace varios a\u00f1os en el centro de San Felipe, para informarles acerca de esta iniciativa y felicitarlo por el impecable desempe\u00f1o que ha realizado durante todo este tiempo. En este sentido, la m\u00e1xima autoridad provincial manifest\u00f3 que \u201cqueremos destacar a don Marcos que hace una excelente labor, \u00e9l trabaja hace varios a\u00f1os ac\u00e1 y le vinimos a contar que es beneficiario del bono de fiestas patrias. Adem\u00e1s, aprovechamos de hablar acerca de las medidas de autocuidado que \u00e9l ya las conoc\u00eda a la perfecci\u00f3n\u201d.<br \/>\nEn tanto, el beneficiario se mostr\u00f3 agradecido con este dinero y destac\u00f3 que \u201cse cuida al momento de realizar el pago, para no ser v\u00edctima de los delincuentes, guardando la plata en un lugar seguro\u201d, se\u00f1al\u00f3 el alegre trabajador.<\/p>\n","protected":false},"excerpt":{"rendered":"<p>El Estado desembolsar\u00e1 m\u00e1s de $300 millones en la Provincia para poder entregar este beneficio, que ya se est\u00e1 cobrando desde el pasado 1 de septiembre y que se a\u00f1ade a la&#8230;<\/p>\n","protected":false},"author":482,"featured_media":61722,"comment_status":"open","ping_status":"open","sticky":false,"template":"","format":"standard","meta":{"advanced_seo_description":"","jetpack_seo_html_title":"","jetpack_seo_noindex":false,"_jetpack_memberships_contains_paid_content":false,"footnotes":""},"categories":[1],"tags":[],"class_list":["post-61721","post","type-post","status-publish","format-standard","has-post-thumbnail","hentry","category-cronica"],"jetpack_featured_media_url":"https:\/\/i0.wp.com\/eltrabajo.cl\/portal\/wp-content\/uploads\/2015\/09\/Aguinaldos-pensionados.jpg?fit=530%2C350&ssl=1","jetpack_sharing_enabled":true,"jetpack_likes_enabled":true,"jetpack-related-posts":[],"_links":{"self":[{"href":"https:\/\/eltrabajo.cl\/portal\/wp-json\/wp\/v2\/posts\/61721","targetHints":{"allow":["GET"]}}],"collection":[{"href":"https:\/\/eltrabajo.cl\/portal\/wp-json\/wp\/v2\/posts"}],"about":[{"href":"https:\/\/eltrabajo.cl\/portal\/wp-json\/wp\/v2\/types\/post"}],"author":[{"embeddable":true,"href":"https:\/\/eltrabajo.cl\/portal\/wp-json\/wp\/v2\/users\/482"}],"replies":[{"embeddable":true,"href":"https:\/\/eltrabajo.cl\/portal\/wp-json\/wp\/v2\/comments?post=61721"}],"version-history":[{"count":0,"href":"https:\/\/eltrabajo.cl\/portal\/wp-json\/wp\/v2\/posts\/61721\/revisions"}],"wp:featuredmedia":[{"embeddable":true,"href":"https:\/\/eltrabajo.cl\/portal\/wp-json\/wp\/v2\/media\/61722"}],"wp:attachment":[{"href":"https:\/\/eltrabajo.cl\/portal\/wp-json\/wp\/v2\/media?parent=61721"}],"wp:term":[{"taxonomy":"category","embeddable":true,"href":"https:\/\/eltrabajo.cl\/portal\/wp-json\/wp\/v2\/categories?post=61721"},{"taxonomy":"post_tag","embeddable":true,"href":"https:\/\/eltrabajo.cl\/portal\/wp-json\/wp\/v2\/tags?post=61721"}],"curies":[{"name":"wp","href":"https:\/\/api.w.org\/{rel}","templated":true}]}}