{"id":61724,"date":"2015-09-07T09:32:17","date_gmt":"2015-09-07T12:32:17","guid":{"rendered":"http:\/\/www.eltrabajo.cl\/portal\/?p=61724"},"modified":"2015-09-07T09:32:17","modified_gmt":"2015-09-07T12:32:17","slug":"vecinos-y-autoridades-inauguran-repavimentacion-de-villa-las-acacias","status":"publish","type":"post","link":"https:\/\/eltrabajo.cl\/portal\/vecinos-y-autoridades-inauguran-repavimentacion-de-villa-las-acacias\/","title":{"rendered":"Vecinos y autoridades inauguran repavimentaci\u00f3n de villa Las Acacias"},"content":{"rendered":"<figure id=\"attachment_61725\" aria-describedby=\"caption-attachment-61725\" style=\"width: 300px\" class=\"wp-caption alignleft\"><a href=\"https:\/\/i0.wp.com\/www.eltrabajo.cl\/portal\/wp-content\/uploads\/2015\/09\/las-acacias-2.jpg\"><img data-recalc-dims=\"1\" loading=\"lazy\" decoding=\"async\" class=\"wp-image-61725 size-medium\" src=\"https:\/\/i0.wp.com\/www.eltrabajo.cl\/portal\/wp-content\/uploads\/2015\/09\/las-acacias-2-300x198.jpg?resize=300%2C198\" alt=\"El alcalde Patricio Freire junto a Jessica Leiva, presidenta de la junta de vecinos, participaron de la inauguraci\u00f3n de 12 repavimentos de la villa Las Acacias. \" width=\"300\" height=\"198\" srcset=\"https:\/\/i0.wp.com\/eltrabajo.cl\/portal\/wp-content\/uploads\/2015\/09\/las-acacias-2.jpg?resize=300%2C198&amp;ssl=1 300w, https:\/\/i0.wp.com\/eltrabajo.cl\/portal\/wp-content\/uploads\/2015\/09\/las-acacias-2.jpg?resize=200%2C132&amp;ssl=1 200w, https:\/\/i0.wp.com\/eltrabajo.cl\/portal\/wp-content\/uploads\/2015\/09\/las-acacias-2.jpg?resize=228%2C150&amp;ssl=1 228w, https:\/\/i0.wp.com\/eltrabajo.cl\/portal\/wp-content\/uploads\/2015\/09\/las-acacias-2.jpg?resize=400%2C263&amp;ssl=1 400w, https:\/\/i0.wp.com\/eltrabajo.cl\/portal\/wp-content\/uploads\/2015\/09\/las-acacias-2.jpg?w=530&amp;ssl=1 530w\" sizes=\"auto, (max-width: 300px) 100vw, 300px\" \/><\/a><figcaption id=\"caption-attachment-61725\" class=\"wp-caption-text\">El alcalde Patricio Freire junto a Jessica Leiva, presidenta de la junta de vecinos, participaron de la inauguraci\u00f3n de 12 repavimentos de la villa Las Acacias.<\/figcaption><\/figure>\n<p>Con una inversi\u00f3n superior a los 580 millones de pesos, doce pasajes y calles de la villa Las Acacias fueron repavimentados en el marco del llamado 23 del programa de Pavimentos Participativos del ministerio de Vivienda y Urbanismo, obras que fueron inauguradas recientemente por el alcalde Patricio Freire, acompa\u00f1ado por autoridades y los vecinos del sector.<br \/>\nEl proyecto consisti\u00f3 en la repavimentaci\u00f3n en hormig\u00f3n de las calzadas de doce arterias, incluyendo veredas, accesos vehiculares y dispositivos para personas con capacidades diferentes en todas las esquinas.<br \/>\nLas obras tienen un horizonte de uso de por lo menos 20 a\u00f1os y responden a altos est\u00e1ndares en este tipo de trabajos, proceso que el municipio de San Felipe realiz\u00f3 en conjunto con los vecinos.<br \/>\n\u201cSin las juntas de vecinos que existen en los barrios, que nos entregan las carencias que ellos tienen en sus sectores, no ser\u00eda posible estar inaugurando estos pavimentos. Estamos trabajando junto a los vecinos para sacar proyectos de barrio y mejorando la calidad de vida de los sanfelipe\u00f1os\u201d, se\u00f1al\u00f3 el alcalde Patricio Freire.<br \/>\nLos vecinos organizados pueden postular al programa en la Secretar\u00eda Comunal de Planificaci\u00f3n del municipio durante todo el a\u00f1o, en sectores cuyas calles, pasajes y aceras se encuentren sin pavimento o altamente deterioradas, comenzando de esta manera el proceso.<br \/>\nEse trabajo precisamente realizaron los vecinos de la villa Las Acacias, siendo beneficiados con la ejecuci\u00f3n del proyecto que esperaron por varios a\u00f1os.<br \/>\n\u201cPara nosotros los dirigentes es un orgullo muy grande por todo lo que hemos realizado. Aqu\u00ed hac\u00eda falta un cambio y gracias a don Patricio tuvimos un cambio, lo que me tiene muy orgullosa. Por eso les digo a vecinos de otros sectores que luchen como nosotros, codo a codo con el municipio, ellos han sido muy importantes para nosotros\u201d, dijo Jessica Leiva, presidenta de la junta de vecinos.<br \/>\nSeg\u00fan se\u00f1al\u00f3 el concejal Juan Manuel Millanao, al comienzo de la d\u00e9cada del 90 este era un sector que ten\u00eda bastantes carencias. \u201cNo estaban construidas las plazas y el pavimento era de una calidad m\u00ednima y esta administraci\u00f3n ha logrado que el barrio se convirtiera en algo importante para la ciudad, d\u00e1ndole valor agregado y dignificando a los vecinos\u201d, dijo el edil.<\/p>\n","protected":false},"excerpt":{"rendered":"<p>Con una inversi\u00f3n superior a los 580 millones de pesos, doce pasajes y calles de la villa Las Acacias fueron repavimentados en el marco del llamado 23 del programa de Pavimentos Participativos&#8230;<\/p>\n","protected":false},"author":482,"featured_media":61725,"comment_status":"open","ping_status":"open","sticky":false,"template":"","format":"standard","meta":{"advanced_seo_description":"","jetpack_seo_html_title":"","jetpack_seo_noindex":false,"_jetpack_memberships_contains_paid_content":false,"footnotes":""},"categories":[1],"tags":[],"class_list":["post-61724","post","type-post","status-publish","format-standard","has-post-thumbnail","hentry","category-cronica"],"jetpack_featured_media_url":"https:\/\/i0.wp.com\/eltrabajo.cl\/portal\/wp-content\/uploads\/2015\/09\/las-acacias-2.jpg?fit=530%2C349&ssl=1","jetpack_sharing_enabled":true,"jetpack_likes_enabled":true,"jetpack-related-posts":[],"_links":{"self":[{"href":"https:\/\/eltrabajo.cl\/portal\/wp-json\/wp\/v2\/posts\/61724","targetHints":{"allow":["GET"]}}],"collection":[{"href":"https:\/\/eltrabajo.cl\/portal\/wp-json\/wp\/v2\/posts"}],"about":[{"href":"https:\/\/eltrabajo.cl\/portal\/wp-json\/wp\/v2\/types\/post"}],"author":[{"embeddable":true,"href":"https:\/\/eltrabajo.cl\/portal\/wp-json\/wp\/v2\/users\/482"}],"replies":[{"embeddable":true,"href":"https:\/\/eltrabajo.cl\/portal\/wp-json\/wp\/v2\/comments?post=61724"}],"version-history":[{"count":0,"href":"https:\/\/eltrabajo.cl\/portal\/wp-json\/wp\/v2\/posts\/61724\/revisions"}],"wp:featuredmedia":[{"embeddable":true,"href":"https:\/\/eltrabajo.cl\/portal\/wp-json\/wp\/v2\/media\/61725"}],"wp:attachment":[{"href":"https:\/\/eltrabajo.cl\/portal\/wp-json\/wp\/v2\/media?parent=61724"}],"wp:term":[{"taxonomy":"category","embeddable":true,"href":"https:\/\/eltrabajo.cl\/portal\/wp-json\/wp\/v2\/categories?post=61724"},{"taxonomy":"post_tag","embeddable":true,"href":"https:\/\/eltrabajo.cl\/portal\/wp-json\/wp\/v2\/tags?post=61724"}],"curies":[{"name":"wp","href":"https:\/\/api.w.org\/{rel}","templated":true}]}}