{"id":61728,"date":"2015-09-07T09:34:28","date_gmt":"2015-09-07T12:34:28","guid":{"rendered":"http:\/\/www.eltrabajo.cl\/portal\/?p=61728"},"modified":"2015-09-07T09:34:28","modified_gmt":"2015-09-07T12:34:28","slug":"celebran-cumpleanos-no-16-del-teatro-municipal-con-connotada-obra-teatral","status":"publish","type":"post","link":"https:\/\/eltrabajo.cl\/portal\/celebran-cumpleanos-no-16-del-teatro-municipal-con-connotada-obra-teatral\/","title":{"rendered":"Celebran cumplea\u00f1os N\u00ba 16 del Teatro Municipal con connotada obra teatral"},"content":{"rendered":"<figure id=\"attachment_61729\" aria-describedby=\"caption-attachment-61729\" style=\"width: 300px\" class=\"wp-caption alignleft\"><a href=\"https:\/\/i0.wp.com\/www.eltrabajo.cl\/portal\/wp-content\/uploads\/2015\/09\/aniversario-teatro-2.jpg\"><img data-recalc-dims=\"1\" loading=\"lazy\" decoding=\"async\" class=\"wp-image-61729 size-medium\" src=\"https:\/\/i0.wp.com\/www.eltrabajo.cl\/portal\/wp-content\/uploads\/2015\/09\/aniversario-teatro-2-300x198.jpg?resize=300%2C198\" alt=\"En la celebraci\u00f3n se llev\u00f3 a cabo la obra \u2018Parlamento\u2019, de la compa\u00f1\u00eda Tryo Teatro Banda, una coproducci\u00f3n de Fundaci\u00f3n Teatro a Mil.\" width=\"300\" height=\"198\" srcset=\"https:\/\/i0.wp.com\/eltrabajo.cl\/portal\/wp-content\/uploads\/2015\/09\/aniversario-teatro-2.jpg?resize=300%2C198&amp;ssl=1 300w, https:\/\/i0.wp.com\/eltrabajo.cl\/portal\/wp-content\/uploads\/2015\/09\/aniversario-teatro-2.jpg?resize=200%2C132&amp;ssl=1 200w, https:\/\/i0.wp.com\/eltrabajo.cl\/portal\/wp-content\/uploads\/2015\/09\/aniversario-teatro-2.jpg?resize=227%2C150&amp;ssl=1 227w, https:\/\/i0.wp.com\/eltrabajo.cl\/portal\/wp-content\/uploads\/2015\/09\/aniversario-teatro-2.jpg?resize=400%2C264&amp;ssl=1 400w, https:\/\/i0.wp.com\/eltrabajo.cl\/portal\/wp-content\/uploads\/2015\/09\/aniversario-teatro-2.jpg?w=530&amp;ssl=1 530w\" sizes=\"auto, (max-width: 300px) 100vw, 300px\" \/><\/a><figcaption id=\"caption-attachment-61729\" class=\"wp-caption-text\">En la celebraci\u00f3n se llev\u00f3 a cabo la obra \u2018Parlamento\u2019, de la compa\u00f1\u00eda Tryo Teatro Banda, una coproducci\u00f3n de Fundaci\u00f3n Teatro a Mil.<\/figcaption><\/figure>\n<p>Como un espacio abierto a las distintas disciplinas art\u00edsticas, con exponentes locales y de renombre nacional, defini\u00f3 el alcalde Patricio Freire la nueva etapa que vive el Teatro Municipal de San Felipe, el que recientemente cumpli\u00f3 16 a\u00f1os de actividades ininterrumpidas.<br \/>\nEn el contexto del mes aniversario de San Felipe precisamente, el municipal celebr\u00f3 su aniversario y con una obra de categor\u00eda, como es \u2018Parlamento\u2019, de la compa\u00f1\u00eda Tryo Teatro Banda, una coproducci\u00f3n de Fundaci\u00f3n Teatro a Mil, la que fue presenciada por un p\u00fablico que replet\u00f3 la sala.<br \/>\nLa Seremi de Cultura, N\u00e9lida Pozo, junto con felicitar al equipo del Departamento de Cultura de la municipalidad y al alcalde Patricio Freire, por el trabajo que se ha llevado a cabo para fomentar el desarrollo art\u00edstico y cultural en San Felipe, manifest\u00f3 que \u201cel hecho de que la ciudad tenga su teatro, es un enorme m\u00e9rito, pero adem\u00e1s que la sala est\u00e9 llena y disfrute de las presentaciones, habla bien de la labor que aqu\u00ed se realiza\u201d.<\/p>\n<figure id=\"attachment_61730\" aria-describedby=\"caption-attachment-61730\" style=\"width: 300px\" class=\"wp-caption alignright\"><a href=\"https:\/\/i0.wp.com\/www.eltrabajo.cl\/portal\/wp-content\/uploads\/2015\/09\/aniversario-teatro-1.jpg\"><img data-recalc-dims=\"1\" loading=\"lazy\" decoding=\"async\" class=\"wp-image-61730 size-medium\" src=\"https:\/\/i0.wp.com\/www.eltrabajo.cl\/portal\/wp-content\/uploads\/2015\/09\/aniversario-teatro-1-300x198.jpg?resize=300%2C198\" alt=\"El alcalde Patricio Freire junto a diversas autoridades en el aniversario del Teatro Municipal.\" width=\"300\" height=\"198\" srcset=\"https:\/\/i0.wp.com\/eltrabajo.cl\/portal\/wp-content\/uploads\/2015\/09\/aniversario-teatro-1.jpg?resize=300%2C198&amp;ssl=1 300w, https:\/\/i0.wp.com\/eltrabajo.cl\/portal\/wp-content\/uploads\/2015\/09\/aniversario-teatro-1.jpg?resize=200%2C132&amp;ssl=1 200w, https:\/\/i0.wp.com\/eltrabajo.cl\/portal\/wp-content\/uploads\/2015\/09\/aniversario-teatro-1.jpg?resize=227%2C150&amp;ssl=1 227w, https:\/\/i0.wp.com\/eltrabajo.cl\/portal\/wp-content\/uploads\/2015\/09\/aniversario-teatro-1.jpg?resize=400%2C264&amp;ssl=1 400w, https:\/\/i0.wp.com\/eltrabajo.cl\/portal\/wp-content\/uploads\/2015\/09\/aniversario-teatro-1.jpg?w=530&amp;ssl=1 530w\" sizes=\"auto, (max-width: 300px) 100vw, 300px\" \/><\/a><figcaption id=\"caption-attachment-61730\" class=\"wp-caption-text\">El alcalde Patricio Freire junto a diversas autoridades en el aniversario del Teatro Municipal.<\/figcaption><\/figure>\n<p>En este mismo sentido, el alcalde Patricio Freire expres\u00f3 que \u201cel municipal es un espacio que est\u00e1 abierto a la cultura, a todas las disciplinas art\u00edsticas, respondiendo a las demandas de los vecinos, en cuanto a favorecer el desarrollo de nuestros artistas locales, pero adem\u00e1s realizando actividades gratuitas de enorme categor\u00eda, que se presentan en Santiago y que son de renombre\u201d.<br \/>\nSeg\u00fan asever\u00f3 el coordinador comunal de Cultura, Ricardo Ruiz Herrera, la pol\u00edtica comunal del alcalde Freire en este \u00e1mbito, se ha visto fortalecida con las gestiones que ha desarrollado para la realizaci\u00f3n en San Felipe de grandes espect\u00e1culos que han marcado un antes y un despu\u00e9s en la comuna.<br \/>\n\u201cLa alianza que hemos hecho con la Fundaci\u00f3n Teatro a Mil ha sido un enorme acierto de nuestro alcalde y eso fortalece el desarrollo cultural de San Felipe. Eso nos pone muy contentos, pues sabemos que la comunidad est\u00e1 \u00e1vida de este tipo de actividades, por lo tanto al cumplir el Teatro Municipal 16 a\u00f1os de funcionamiento, tenemos que continuar en esta l\u00ednea y potenciar este trabajo\u201d, se\u00f1al\u00f3 finalmente Ricardo Ruiz.<\/p>\n","protected":false},"excerpt":{"rendered":"<p>Como un espacio abierto a las distintas disciplinas art\u00edsticas, con exponentes locales y de renombre nacional, defini\u00f3 el alcalde Patricio Freire la nueva etapa que vive el Teatro Municipal de San Felipe,&#8230;<\/p>\n","protected":false},"author":482,"featured_media":61729,"comment_status":"open","ping_status":"open","sticky":false,"template":"","format":"standard","meta":{"advanced_seo_description":"","jetpack_seo_html_title":"","jetpack_seo_noindex":false,"_jetpack_memberships_contains_paid_content":false,"footnotes":""},"categories":[1],"tags":[],"class_list":["post-61728","post","type-post","status-publish","format-standard","has-post-thumbnail","hentry","category-cronica"],"jetpack_featured_media_url":"https:\/\/i0.wp.com\/eltrabajo.cl\/portal\/wp-content\/uploads\/2015\/09\/aniversario-teatro-2.jpg?fit=530%2C350&ssl=1","jetpack_sharing_enabled":true,"jetpack_likes_enabled":true,"jetpack-related-posts":[],"_links":{"self":[{"href":"https:\/\/eltrabajo.cl\/portal\/wp-json\/wp\/v2\/posts\/61728","targetHints":{"allow":["GET"]}}],"collection":[{"href":"https:\/\/eltrabajo.cl\/portal\/wp-json\/wp\/v2\/posts"}],"about":[{"href":"https:\/\/eltrabajo.cl\/portal\/wp-json\/wp\/v2\/types\/post"}],"author":[{"embeddable":true,"href":"https:\/\/eltrabajo.cl\/portal\/wp-json\/wp\/v2\/users\/482"}],"replies":[{"embeddable":true,"href":"https:\/\/eltrabajo.cl\/portal\/wp-json\/wp\/v2\/comments?post=61728"}],"version-history":[{"count":0,"href":"https:\/\/eltrabajo.cl\/portal\/wp-json\/wp\/v2\/posts\/61728\/revisions"}],"wp:featuredmedia":[{"embeddable":true,"href":"https:\/\/eltrabajo.cl\/portal\/wp-json\/wp\/v2\/media\/61729"}],"wp:attachment":[{"href":"https:\/\/eltrabajo.cl\/portal\/wp-json\/wp\/v2\/media?parent=61728"}],"wp:term":[{"taxonomy":"category","embeddable":true,"href":"https:\/\/eltrabajo.cl\/portal\/wp-json\/wp\/v2\/categories?post=61728"},{"taxonomy":"post_tag","embeddable":true,"href":"https:\/\/eltrabajo.cl\/portal\/wp-json\/wp\/v2\/tags?post=61728"}],"curies":[{"name":"wp","href":"https:\/\/api.w.org\/{rel}","templated":true}]}}