{"id":61732,"date":"2015-09-07T09:36:33","date_gmt":"2015-09-07T12:36:33","guid":{"rendered":"http:\/\/www.eltrabajo.cl\/portal\/?p=61732"},"modified":"2015-09-07T09:36:33","modified_gmt":"2015-09-07T12:36:33","slug":"cuchilla-en-mano-intento-asaltar-farmacia-en-pleno-centro-de-putaendo","status":"publish","type":"post","link":"https:\/\/eltrabajo.cl\/portal\/cuchilla-en-mano-intento-asaltar-farmacia-en-pleno-centro-de-putaendo\/","title":{"rendered":"Cuchilla en mano intent\u00f3 asaltar farmacia en pleno centro de Putaendo"},"content":{"rendered":"<figure id=\"attachment_61733\" aria-describedby=\"caption-attachment-61733\" style=\"width: 300px\" class=\"wp-caption alignleft\"><a href=\"https:\/\/i0.wp.com\/www.eltrabajo.cl\/portal\/wp-content\/uploads\/2015\/09\/ASALTO-FARMACIA-2.jpg\"><img data-recalc-dims=\"1\" loading=\"lazy\" decoding=\"async\" class=\"wp-image-61733 size-medium\" src=\"https:\/\/i0.wp.com\/www.eltrabajo.cl\/portal\/wp-content\/uploads\/2015\/09\/ASALTO-FARMACIA-2-300x197.jpg?resize=300%2C197\" alt=\"El sujeto fue dejado en libertad, debiendo esperar la citaci\u00f3n al tribunal por el delito de robo con intimidaci\u00f3n.\" width=\"300\" height=\"197\" srcset=\"https:\/\/i0.wp.com\/eltrabajo.cl\/portal\/wp-content\/uploads\/2015\/09\/ASALTO-FARMACIA-2.jpg?resize=300%2C197&amp;ssl=1 300w, https:\/\/i0.wp.com\/eltrabajo.cl\/portal\/wp-content\/uploads\/2015\/09\/ASALTO-FARMACIA-2.jpg?resize=200%2C131&amp;ssl=1 200w, https:\/\/i0.wp.com\/eltrabajo.cl\/portal\/wp-content\/uploads\/2015\/09\/ASALTO-FARMACIA-2.jpg?resize=228%2C150&amp;ssl=1 228w, https:\/\/i0.wp.com\/eltrabajo.cl\/portal\/wp-content\/uploads\/2015\/09\/ASALTO-FARMACIA-2.jpg?resize=400%2C263&amp;ssl=1 400w, https:\/\/i0.wp.com\/eltrabajo.cl\/portal\/wp-content\/uploads\/2015\/09\/ASALTO-FARMACIA-2.jpg?w=530&amp;ssl=1 530w\" sizes=\"auto, (max-width: 300px) 100vw, 300px\" \/><\/a><figcaption id=\"caption-attachment-61733\" class=\"wp-caption-text\">El sujeto fue dejado en libertad, debiendo esperar la citaci\u00f3n al tribunal por el delito de robo con intimidaci\u00f3n.<\/figcaption><\/figure>\n<p><strong>PUTAENDO.-<\/strong> Luego de una intensa persecuci\u00f3n a trav\u00e9s del R\u00edo Putaendo, Carabineros logr\u00f3 detener a un sujeto que momentos antes y provisto de un cuchillo, asalt\u00f3 la Farmacia Farma Vida, ubicada en calle Comercio.<br \/>\nLos antecedentes oficiales entregados a nuestro medio por el Teniente de Carabineros \u00c1ngelo Acevedo, indican que a eso de las 16:00 horas de este viernes, un sujeto de 59 a\u00f1os de edad lleg\u00f3 hasta la citada farmacia y solicit\u00f3 un medicamento, que para poder ser vendido necesita la receta m\u00e9dica que debe quedar retenida, lo que fue explicado por la farmac\u00e9utica, quien finalmente no vendi\u00f3 el f\u00e1rmaco solicitado por el individuo.<br \/>\nEl oficial policial agreg\u00f3 que luego el sujeto comenz\u00f3 a merodear el frontis de la farmacia y repentinamente ingres\u00f3 portando un cuchillo, amenazando a la trabajadora que ven\u00eda saliendo de una bodega para que le entregara el medicamento pedido. Ante esta situaci\u00f3n, la mujer se defendi\u00f3 con una silla y comenz\u00f3 a gritar, lo que fue advertido por su jefa que estaba en otra dependencia de la farmacia y tambi\u00e9n por vecinos y comerciantes que llegaron r\u00e1pidamente hasta el lugar.<br \/>\nLo anterior hizo que el sujeto huyera del recinto, siendo perseguido muy de cerca por algunos comerciantes mientras se daba el aviso a Carabineros que llego r\u00e1pidamente. El sujeto se intern\u00f3 en la ribera del Rio Putaendo detr\u00e1s de la zona donde se encuentran los talleres y empresas, y en una persecuci\u00f3n por ese sector se logr\u00f3 detener al individuo que fue reconocido por la victima y testigos como el autor del asalto.<br \/>\nEl oficial de Carabineros inform\u00f3 que el cuchillo con el cual amenaz\u00f3 a la atendedora no fue encontrado, pero de todas maneras se rastre\u00f3 el sector sin resultados positivos, por lo que se maneja como hip\u00f3tesis que el sujeto habr\u00eda arrojado el arma mientras hu\u00eda, motivo por el cual se dificulta determinar el lugar donde pudo haber quedado.<br \/>\nEl sujeto fue identificado con las iniciales J.C.I con domicilio en el sector Guzmanes, quien posterior a su detenci\u00f3n y por instrucci\u00f3n del fiscal de turno fue dejado en libertad y s\u00f3lo deber\u00e1 esperar la citaci\u00f3n al tribunal para la correspondiente investigaci\u00f3n por el delito de robo con intimidaci\u00f3n.<br \/>\nPatricio Gallardo M.<\/p>\n","protected":false},"excerpt":{"rendered":"<p>PUTAENDO.- Luego de una intensa persecuci\u00f3n a trav\u00e9s del R\u00edo Putaendo, Carabineros logr\u00f3 detener a un sujeto que momentos antes y provisto de un cuchillo, asalt\u00f3 la Farmacia Farma Vida, ubicada en&#8230;<\/p>\n","protected":false},"author":482,"featured_media":61733,"comment_status":"open","ping_status":"open","sticky":false,"template":"","format":"standard","meta":{"advanced_seo_description":"","jetpack_seo_html_title":"","jetpack_seo_noindex":false,"_jetpack_memberships_contains_paid_content":false,"footnotes":""},"categories":[21],"tags":[],"class_list":["post-61732","post","type-post","status-publish","format-standard","has-post-thumbnail","hentry","category-policial"],"jetpack_featured_media_url":"https:\/\/i0.wp.com\/eltrabajo.cl\/portal\/wp-content\/uploads\/2015\/09\/ASALTO-FARMACIA-2.jpg?fit=530%2C348&ssl=1","jetpack_sharing_enabled":true,"jetpack_likes_enabled":true,"jetpack-related-posts":[],"_links":{"self":[{"href":"https:\/\/eltrabajo.cl\/portal\/wp-json\/wp\/v2\/posts\/61732","targetHints":{"allow":["GET"]}}],"collection":[{"href":"https:\/\/eltrabajo.cl\/portal\/wp-json\/wp\/v2\/posts"}],"about":[{"href":"https:\/\/eltrabajo.cl\/portal\/wp-json\/wp\/v2\/types\/post"}],"author":[{"embeddable":true,"href":"https:\/\/eltrabajo.cl\/portal\/wp-json\/wp\/v2\/users\/482"}],"replies":[{"embeddable":true,"href":"https:\/\/eltrabajo.cl\/portal\/wp-json\/wp\/v2\/comments?post=61732"}],"version-history":[{"count":0,"href":"https:\/\/eltrabajo.cl\/portal\/wp-json\/wp\/v2\/posts\/61732\/revisions"}],"wp:featuredmedia":[{"embeddable":true,"href":"https:\/\/eltrabajo.cl\/portal\/wp-json\/wp\/v2\/media\/61733"}],"wp:attachment":[{"href":"https:\/\/eltrabajo.cl\/portal\/wp-json\/wp\/v2\/media?parent=61732"}],"wp:term":[{"taxonomy":"category","embeddable":true,"href":"https:\/\/eltrabajo.cl\/portal\/wp-json\/wp\/v2\/categories?post=61732"},{"taxonomy":"post_tag","embeddable":true,"href":"https:\/\/eltrabajo.cl\/portal\/wp-json\/wp\/v2\/tags?post=61732"}],"curies":[{"name":"wp","href":"https:\/\/api.w.org\/{rel}","templated":true}]}}