{"id":61735,"date":"2015-09-07T09:38:05","date_gmt":"2015-09-07T12:38:05","guid":{"rendered":"http:\/\/www.eltrabajo.cl\/portal\/?p=61735"},"modified":"2015-09-07T09:38:05","modified_gmt":"2015-09-07T12:38:05","slug":"robaron-electrodomesticos-y-pretendian-venderlos-por-facebook","status":"publish","type":"post","link":"https:\/\/eltrabajo.cl\/portal\/robaron-electrodomesticos-y-pretendian-venderlos-por-facebook\/","title":{"rendered":"Robaron electrodom\u00e9sticos y pretend\u00edan venderlos por Facebook"},"content":{"rendered":"<figure id=\"attachment_61736\" aria-describedby=\"caption-attachment-61736\" style=\"width: 300px\" class=\"wp-caption alignleft\"><a href=\"https:\/\/i0.wp.com\/www.eltrabajo.cl\/portal\/wp-content\/uploads\/2015\/09\/ADOLESCENTES-DETENIDOS-1.jpg\"><img data-recalc-dims=\"1\" loading=\"lazy\" decoding=\"async\" class=\"wp-image-61736 size-medium\" src=\"https:\/\/i0.wp.com\/www.eltrabajo.cl\/portal\/wp-content\/uploads\/2015\/09\/ADOLESCENTES-DETENIDOS-1-300x198.jpg?resize=300%2C198\" alt=\"En tiempo record Carabineros logr\u00f3 recuperar las especies robadas antes que fueran reducidas a trav\u00e9s de Facebook.  Los imputados luego de ser detenidos fueron dejados en libertad. (Foto Archivo).\" width=\"300\" height=\"198\" srcset=\"https:\/\/i0.wp.com\/eltrabajo.cl\/portal\/wp-content\/uploads\/2015\/09\/ADOLESCENTES-DETENIDOS-1.jpg?resize=300%2C198&amp;ssl=1 300w, https:\/\/i0.wp.com\/eltrabajo.cl\/portal\/wp-content\/uploads\/2015\/09\/ADOLESCENTES-DETENIDOS-1.jpg?resize=200%2C132&amp;ssl=1 200w, https:\/\/i0.wp.com\/eltrabajo.cl\/portal\/wp-content\/uploads\/2015\/09\/ADOLESCENTES-DETENIDOS-1.jpg?resize=227%2C150&amp;ssl=1 227w, https:\/\/i0.wp.com\/eltrabajo.cl\/portal\/wp-content\/uploads\/2015\/09\/ADOLESCENTES-DETENIDOS-1.jpg?resize=400%2C264&amp;ssl=1 400w, https:\/\/i0.wp.com\/eltrabajo.cl\/portal\/wp-content\/uploads\/2015\/09\/ADOLESCENTES-DETENIDOS-1.jpg?w=530&amp;ssl=1 530w\" sizes=\"auto, (max-width: 300px) 100vw, 300px\" \/><\/a><figcaption id=\"caption-attachment-61736\" class=\"wp-caption-text\">En tiempo record Carabineros logr\u00f3 recuperar las especies robadas antes que fueran reducidas a trav\u00e9s de Facebook. Los imputados luego de ser detenidos fueron dejados en libertad. (Foto Archivo).<\/figcaption><\/figure>\n<ul>\n<li><strong>El pasado jueves, propietarios de una vivienda ubicada en la villa El Canelo de San Felipe, denunciaron el robo de un Televisor Plasma y una consola de Play Station, las que luego aparecieron publicadas en la popular red social de internet para ser reducidas.<\/strong><\/li>\n<\/ul>\n<p>Con la detenci\u00f3n de tres imputados por el delito de receptaci\u00f3n de especies, culmin\u00f3 un procedimiento de Carabineros donde se vieron implicados dos menores de edad y un adulto, quienes intentaron vender un televisor plasma y una consola de Play Station a trav\u00e9s de la red social Facebook. Sin embargo, estos electrodom\u00e9sticos hab\u00edan sido robados el d\u00eda anterior desde una vivienda ubicada en villa El Canelo de San Felipe.<br \/>\nLas diligencias policiales se ejecutaron luego de recibir una denuncia de los propietarios de una vivienda, quienes informaron del robo cometido al interior del inmueble el pasado d\u00eda jueves, en donde desconocidos se apoderaron de las especies antes mencionadas.<br \/>\nNo obstante, al d\u00eda siguiente de los hechos, Carabineros recibi\u00f3 informaci\u00f3n sobre un individuo que public\u00f3 a trav\u00e9s de las redes sociales las fotograf\u00edas de los electrodom\u00e9sticos robados, los que se encontraban a la venta, instancia en que los efectivos policiales contactaron al vendedor para establecer el delito.<br \/>\nFue a eso de las 20:25 del viernes cuando los efectivos policiales lograron ubicar a este sujeto menor de edad, concurriendo hasta su domicilio donde manten\u00eda las especies de propiedad de las v\u00edctimas.<br \/>\nDe acuerdo a la investigaci\u00f3n realizada por Carabineros, en el hecho habr\u00edan participado un menor de 16 a\u00f1os de edad, un segundo de 17 y un adulto quien registra antecedentes por el delito de robo con intimidaci\u00f3n en el a\u00f1o 2014.<br \/>\nCon estos antecedentes los efectivos procedieron a la detenci\u00f3n de los tres imputados por receptaci\u00f3n, logrando la devoluci\u00f3n de las especies a las v\u00edctimas de estos hechos.<br \/>\nPosteriormente, los detenidos de iniciales P.A.H.R. y M.A.S.O., fueron entregados por Carabineros, quedando a cargo de un adulto responsable. Mientras que Rodrigo Alberto Rebolledo Le\u00f3n de 20 a\u00f1os, recuper\u00f3 su libertad por disposici\u00f3n de la Fiscal\u00eda a la espera de citaci\u00f3n mientras se investiga el caso.<br \/>\n<strong>Pablo Salinas Sald\u00edas<\/strong><\/p>\n","protected":false},"excerpt":{"rendered":"<p>El pasado jueves, propietarios de una vivienda ubicada en la villa El Canelo de San Felipe, denunciaron el robo de un Televisor Plasma y una consola de Play Station, las que luego&#8230;<\/p>\n","protected":false},"author":482,"featured_media":61736,"comment_status":"open","ping_status":"open","sticky":false,"template":"","format":"standard","meta":{"advanced_seo_description":"","jetpack_seo_html_title":"","jetpack_seo_noindex":false,"_jetpack_memberships_contains_paid_content":false,"footnotes":""},"categories":[21],"tags":[],"class_list":["post-61735","post","type-post","status-publish","format-standard","has-post-thumbnail","hentry","category-policial"],"jetpack_featured_media_url":"https:\/\/i0.wp.com\/eltrabajo.cl\/portal\/wp-content\/uploads\/2015\/09\/ADOLESCENTES-DETENIDOS-1.jpg?fit=530%2C350&ssl=1","jetpack_sharing_enabled":true,"jetpack_likes_enabled":true,"jetpack-related-posts":[],"_links":{"self":[{"href":"https:\/\/eltrabajo.cl\/portal\/wp-json\/wp\/v2\/posts\/61735","targetHints":{"allow":["GET"]}}],"collection":[{"href":"https:\/\/eltrabajo.cl\/portal\/wp-json\/wp\/v2\/posts"}],"about":[{"href":"https:\/\/eltrabajo.cl\/portal\/wp-json\/wp\/v2\/types\/post"}],"author":[{"embeddable":true,"href":"https:\/\/eltrabajo.cl\/portal\/wp-json\/wp\/v2\/users\/482"}],"replies":[{"embeddable":true,"href":"https:\/\/eltrabajo.cl\/portal\/wp-json\/wp\/v2\/comments?post=61735"}],"version-history":[{"count":0,"href":"https:\/\/eltrabajo.cl\/portal\/wp-json\/wp\/v2\/posts\/61735\/revisions"}],"wp:featuredmedia":[{"embeddable":true,"href":"https:\/\/eltrabajo.cl\/portal\/wp-json\/wp\/v2\/media\/61736"}],"wp:attachment":[{"href":"https:\/\/eltrabajo.cl\/portal\/wp-json\/wp\/v2\/media?parent=61735"}],"wp:term":[{"taxonomy":"category","embeddable":true,"href":"https:\/\/eltrabajo.cl\/portal\/wp-json\/wp\/v2\/categories?post=61735"},{"taxonomy":"post_tag","embeddable":true,"href":"https:\/\/eltrabajo.cl\/portal\/wp-json\/wp\/v2\/tags?post=61735"}],"curies":[{"name":"wp","href":"https:\/\/api.w.org\/{rel}","templated":true}]}}