{"id":61738,"date":"2015-09-07T09:40:53","date_gmt":"2015-09-07T12:40:53","guid":{"rendered":"http:\/\/www.eltrabajo.cl\/portal\/?p=61738"},"modified":"2015-09-07T09:40:53","modified_gmt":"2015-09-07T12:40:53","slug":"cientos-de-manifestantes-contra-despenalizacion-del-aborto","status":"publish","type":"post","link":"https:\/\/eltrabajo.cl\/portal\/cientos-de-manifestantes-contra-despenalizacion-del-aborto\/","title":{"rendered":"Cientos de manifestantes contra despenalizaci\u00f3n del aborto"},"content":{"rendered":"<figure id=\"attachment_61739\" aria-describedby=\"caption-attachment-61739\" style=\"width: 300px\" class=\"wp-caption alignleft\"><a href=\"https:\/\/i0.wp.com\/www.eltrabajo.cl\/portal\/wp-content\/uploads\/2015\/09\/aborto_no.jpg\"><img data-recalc-dims=\"1\" loading=\"lazy\" decoding=\"async\" class=\"wp-image-61739 size-medium\" src=\"https:\/\/i0.wp.com\/www.eltrabajo.cl\/portal\/wp-content\/uploads\/2015\/09\/aborto_no-300x198.jpg?resize=300%2C198\" alt=\"Parte de los cientos de personas que se reunieron para manifestar su oposici\u00f3n a la despenalizaci\u00f3n del aborto en tres causales.\" width=\"300\" height=\"198\" srcset=\"https:\/\/i0.wp.com\/eltrabajo.cl\/portal\/wp-content\/uploads\/2015\/09\/aborto_no.jpg?resize=300%2C198&amp;ssl=1 300w, https:\/\/i0.wp.com\/eltrabajo.cl\/portal\/wp-content\/uploads\/2015\/09\/aborto_no.jpg?resize=200%2C132&amp;ssl=1 200w, https:\/\/i0.wp.com\/eltrabajo.cl\/portal\/wp-content\/uploads\/2015\/09\/aborto_no.jpg?resize=227%2C150&amp;ssl=1 227w, https:\/\/i0.wp.com\/eltrabajo.cl\/portal\/wp-content\/uploads\/2015\/09\/aborto_no.jpg?resize=400%2C264&amp;ssl=1 400w, https:\/\/i0.wp.com\/eltrabajo.cl\/portal\/wp-content\/uploads\/2015\/09\/aborto_no.jpg?w=530&amp;ssl=1 530w\" sizes=\"auto, (max-width: 300px) 100vw, 300px\" \/><\/a><figcaption id=\"caption-attachment-61739\" class=\"wp-caption-text\">Parte de los cientos de personas que se reunieron para manifestar su oposici\u00f3n a la despenalizaci\u00f3n del aborto en tres causales.<\/figcaption><\/figure>\n<p><strong>RINCONADA.-<\/strong> La ma\u00f1ana del s\u00e1bado en la explanada del Santuario de Auco se realiz\u00f3 el acto \u2018Chile blanco por la vida\u2019, actividad organizada a nivel nacional por diversas agrupaciones y organizaciones que se oponen al aborto en todas sus formas.<br \/>\nLa convocatoria tuvo por objetivo demostrar el rechazo hacia el proyecto de \u2018Ley de Despenalizaci\u00f3n de la Interrupci\u00f3n Voluntaria del Embarazo en Tres Causales\u2019, normativa impulsada por el gobierno de la presidenta Michelle Bachelet, y que actualmente se tramita en la Comisi\u00f3n de Salud de la C\u00e1mara de Diputados.<br \/>\nFueron cientos de personas las que llegaron hasta el santuario de nuestra primera santa a expresar su rechazo a la normativa legal y a la vez dar testimonios de vida.<br \/>\nLas mujeres concurrieron vestidas de blanco portando una caja tipo de zapatos forrada con papel blanco, que representaba un peque\u00f1o ata\u00fad.<br \/>\n\u201cEs un grito silencioso para defender a nuestros ni\u00f1os m\u00e1s peque\u00f1os que est\u00e1n amenazados por una ley de aborto discriminatoria y brutal\u201d, explicaron las organizaciones convocantes a trav\u00e9s de un comunicado.<\/p>\n","protected":false},"excerpt":{"rendered":"<p>RINCONADA.- La ma\u00f1ana del s\u00e1bado en la explanada del Santuario de Auco se realiz\u00f3 el acto \u2018Chile blanco por la vida\u2019, actividad organizada a nivel nacional por diversas agrupaciones y organizaciones que&#8230;<\/p>\n","protected":false},"author":482,"featured_media":61739,"comment_status":"open","ping_status":"open","sticky":false,"template":"","format":"standard","meta":{"advanced_seo_description":"","jetpack_seo_html_title":"","jetpack_seo_noindex":false,"_jetpack_memberships_contains_paid_content":false,"footnotes":""},"categories":[15],"tags":[],"class_list":["post-61738","post","type-post","status-publish","format-standard","has-post-thumbnail","hentry","category-comunidad"],"jetpack_featured_media_url":"https:\/\/i0.wp.com\/eltrabajo.cl\/portal\/wp-content\/uploads\/2015\/09\/aborto_no.jpg?fit=530%2C350&ssl=1","jetpack_sharing_enabled":true,"jetpack_likes_enabled":true,"jetpack-related-posts":[],"_links":{"self":[{"href":"https:\/\/eltrabajo.cl\/portal\/wp-json\/wp\/v2\/posts\/61738","targetHints":{"allow":["GET"]}}],"collection":[{"href":"https:\/\/eltrabajo.cl\/portal\/wp-json\/wp\/v2\/posts"}],"about":[{"href":"https:\/\/eltrabajo.cl\/portal\/wp-json\/wp\/v2\/types\/post"}],"author":[{"embeddable":true,"href":"https:\/\/eltrabajo.cl\/portal\/wp-json\/wp\/v2\/users\/482"}],"replies":[{"embeddable":true,"href":"https:\/\/eltrabajo.cl\/portal\/wp-json\/wp\/v2\/comments?post=61738"}],"version-history":[{"count":0,"href":"https:\/\/eltrabajo.cl\/portal\/wp-json\/wp\/v2\/posts\/61738\/revisions"}],"wp:featuredmedia":[{"embeddable":true,"href":"https:\/\/eltrabajo.cl\/portal\/wp-json\/wp\/v2\/media\/61739"}],"wp:attachment":[{"href":"https:\/\/eltrabajo.cl\/portal\/wp-json\/wp\/v2\/media?parent=61738"}],"wp:term":[{"taxonomy":"category","embeddable":true,"href":"https:\/\/eltrabajo.cl\/portal\/wp-json\/wp\/v2\/categories?post=61738"},{"taxonomy":"post_tag","embeddable":true,"href":"https:\/\/eltrabajo.cl\/portal\/wp-json\/wp\/v2\/tags?post=61738"}],"curies":[{"name":"wp","href":"https:\/\/api.w.org\/{rel}","templated":true}]}}