{"id":61741,"date":"2015-09-07T09:42:41","date_gmt":"2015-09-07T12:42:41","guid":{"rendered":"http:\/\/www.eltrabajo.cl\/portal\/?p=61741"},"modified":"2015-09-07T09:42:41","modified_gmt":"2015-09-07T12:42:41","slug":"dos-menores-graves-tras-estrellar-automovil-contra-un-muro-de-ladrillo","status":"publish","type":"post","link":"https:\/\/eltrabajo.cl\/portal\/dos-menores-graves-tras-estrellar-automovil-contra-un-muro-de-ladrillo\/","title":{"rendered":"Dos menores graves tras estrellar autom\u00f3vil contra un muro de ladrillo"},"content":{"rendered":"<figure id=\"attachment_61742\" aria-describedby=\"caption-attachment-61742\" style=\"width: 300px\" class=\"wp-caption alignleft\"><a href=\"https:\/\/i0.wp.com\/www.eltrabajo.cl\/portal\/wp-content\/uploads\/2015\/09\/dos-menores-graves-1.jpg\"><img data-recalc-dims=\"1\" loading=\"lazy\" decoding=\"async\" class=\"wp-image-61742 size-medium\" src=\"https:\/\/i0.wp.com\/www.eltrabajo.cl\/portal\/wp-content\/uploads\/2015\/09\/dos-menores-graves-1-300x198.jpg?resize=300%2C198\" alt=\"La alta energ\u00eda del impacto tambi\u00e9n provoc\u00f3 serios da\u00f1os en el muro de ladrillo del cierre perimetral de la propiedad.\" width=\"300\" height=\"198\" srcset=\"https:\/\/i0.wp.com\/eltrabajo.cl\/portal\/wp-content\/uploads\/2015\/09\/dos-menores-graves-1.jpg?resize=300%2C198&amp;ssl=1 300w, https:\/\/i0.wp.com\/eltrabajo.cl\/portal\/wp-content\/uploads\/2015\/09\/dos-menores-graves-1.jpg?resize=200%2C132&amp;ssl=1 200w, https:\/\/i0.wp.com\/eltrabajo.cl\/portal\/wp-content\/uploads\/2015\/09\/dos-menores-graves-1.jpg?resize=227%2C150&amp;ssl=1 227w, https:\/\/i0.wp.com\/eltrabajo.cl\/portal\/wp-content\/uploads\/2015\/09\/dos-menores-graves-1.jpg?resize=400%2C264&amp;ssl=1 400w, https:\/\/i0.wp.com\/eltrabajo.cl\/portal\/wp-content\/uploads\/2015\/09\/dos-menores-graves-1.jpg?w=530&amp;ssl=1 530w\" sizes=\"auto, (max-width: 300px) 100vw, 300px\" \/><\/a><figcaption id=\"caption-attachment-61742\" class=\"wp-caption-text\">La alta energ\u00eda del impacto tambi\u00e9n provoc\u00f3 serios da\u00f1os en el muro de ladrillo del cierre perimetral de la propiedad.<\/figcaption><\/figure>\n<ul>\n<li><strong>Violento accidente deja dos j\u00f3venes lesionados adem\u00e1s de importantes da\u00f1os en veh\u00edculo y una vivienda<\/strong><\/li>\n<\/ul>\n<p><strong>PUTAENDO.<\/strong>&#8211; Un grave y violento accidente de tr\u00e1nsito se registr\u00f3 en la carretera que une Putaendo con San Felipe, en el sector Las Coimas la tarde de este domingo, dejando como saldo a dos j\u00f3venes gravemente heridos, adem\u00e1s de un autom\u00f3vil totalmente destruido y el muro de concreto de un cierre perimetral derribado por completo.<br \/>\nLa informaci\u00f3n entregada a nuestro medio por Carabineros de Putaendo, indica que aproximadamente a eso de las 19:45 horas, el menor de 16 a\u00f1os de edad, de iniciales W.M.P., conduc\u00eda el veh\u00edculo Fiat 147, patente HG-26-47 desde Putaendo hacia San Felipe, luego de enfrentar una curva perdi\u00f3 el control de su autom\u00f3vil, aparentemente debido al exceso de velocidad, impactando el muro de concreto del domicilio de Ernesto Yopis.<\/p>\n<figure id=\"attachment_61743\" aria-describedby=\"caption-attachment-61743\" style=\"width: 300px\" class=\"wp-caption alignright\"><a href=\"https:\/\/i0.wp.com\/www.eltrabajo.cl\/portal\/wp-content\/uploads\/2015\/09\/dos-menores-graves-3.jpg\"><img data-recalc-dims=\"1\" loading=\"lazy\" decoding=\"async\" class=\"wp-image-61743 size-medium\" src=\"https:\/\/i0.wp.com\/www.eltrabajo.cl\/portal\/wp-content\/uploads\/2015\/09\/dos-menores-graves-3-300x198.jpg?resize=300%2C198\" alt=\"El autom\u00f3vil Fiat 147 result\u00f3 con serios da\u00f1os y reflej\u00f3 la violencia del impacto.\" width=\"300\" height=\"198\" srcset=\"https:\/\/i0.wp.com\/eltrabajo.cl\/portal\/wp-content\/uploads\/2015\/09\/dos-menores-graves-3.jpg?resize=300%2C198&amp;ssl=1 300w, https:\/\/i0.wp.com\/eltrabajo.cl\/portal\/wp-content\/uploads\/2015\/09\/dos-menores-graves-3.jpg?resize=200%2C132&amp;ssl=1 200w, https:\/\/i0.wp.com\/eltrabajo.cl\/portal\/wp-content\/uploads\/2015\/09\/dos-menores-graves-3.jpg?resize=227%2C150&amp;ssl=1 227w, https:\/\/i0.wp.com\/eltrabajo.cl\/portal\/wp-content\/uploads\/2015\/09\/dos-menores-graves-3.jpg?resize=400%2C264&amp;ssl=1 400w, https:\/\/i0.wp.com\/eltrabajo.cl\/portal\/wp-content\/uploads\/2015\/09\/dos-menores-graves-3.jpg?w=530&amp;ssl=1 530w\" sizes=\"auto, (max-width: 300px) 100vw, 300px\" \/><\/a><figcaption id=\"caption-attachment-61743\" class=\"wp-caption-text\">El autom\u00f3vil Fiat 147 result\u00f3 con serios da\u00f1os y reflej\u00f3 la violencia del impacto.<\/figcaption><\/figure>\n<p>Fue tal la magnitud del impacto, que el menor de 16 a\u00f1os y su acompa\u00f1ante identificado como Sebasti\u00e1n Andr\u00e9s V.R., de 24 a\u00f1os de edad, salieron eyectados desde el deformado autom\u00f3vil, golpe\u00e1ndose fuertemente contra el muro, por lo que en primera instancia fueron socorridos por los propietarios del inmueble afectado.<br \/>\nHasta el lugar del accidente acudi\u00f3 Bomberos de Putaendo y Carabineros, m\u00e1s dos ambulancias del SAMU, cuyo personal traslad\u00f3 a los heridos hasta el Hospital San Camilo de San Felipe, donde hasta el cierre de esta edici\u00f3n y de acuerdo a informaci\u00f3n extraoficial, ambos involucrados presentar\u00edan lesiones de consideraci\u00f3n, pero se encontrar\u00edan aparentemente fuera de riesgo vital.<br \/>\nErnesto Yopis, propietario de la vivienda cuyo cierre perimetral fue impactado por el Fiat 147, asegur\u00f3 que esta es la tercera vez que un veh\u00edculo termina incrustado en el per\u00edmetro de su vivienda, motivo por el cual solicit\u00f3 a Vialidad colocar barreras o reductores de velocidad, ya que este accidente fue uno de los impactos m\u00e1s violentos que le ha tocado enfrentar, expresando que esto pudo terminar en una tragedia.<br \/>\nEl tr\u00e1nsito vehicular permaneci\u00f3 suspendido durante 30 minutos y fue regulado por Carabineros, mientras en el lugar trabajaban los equipos de emergencia.<br \/>\n<strong>Patricio Gallardo M.<\/strong><\/p>\n","protected":false},"excerpt":{"rendered":"<p>Violento accidente deja dos j\u00f3venes lesionados adem\u00e1s de importantes da\u00f1os en veh\u00edculo y una vivienda PUTAENDO.&#8211; Un grave y violento accidente de tr\u00e1nsito se registr\u00f3 en la carretera que une Putaendo con&#8230;<\/p>\n","protected":false},"author":482,"featured_media":61742,"comment_status":"open","ping_status":"open","sticky":false,"template":"","format":"standard","meta":{"advanced_seo_description":"","jetpack_seo_html_title":"","jetpack_seo_noindex":false,"_jetpack_memberships_contains_paid_content":false,"footnotes":""},"categories":[21],"tags":[],"class_list":["post-61741","post","type-post","status-publish","format-standard","has-post-thumbnail","hentry","category-policial"],"jetpack_featured_media_url":"https:\/\/i0.wp.com\/eltrabajo.cl\/portal\/wp-content\/uploads\/2015\/09\/dos-menores-graves-1.jpg?fit=530%2C350&ssl=1","jetpack_sharing_enabled":true,"jetpack_likes_enabled":true,"jetpack-related-posts":[],"_links":{"self":[{"href":"https:\/\/eltrabajo.cl\/portal\/wp-json\/wp\/v2\/posts\/61741","targetHints":{"allow":["GET"]}}],"collection":[{"href":"https:\/\/eltrabajo.cl\/portal\/wp-json\/wp\/v2\/posts"}],"about":[{"href":"https:\/\/eltrabajo.cl\/portal\/wp-json\/wp\/v2\/types\/post"}],"author":[{"embeddable":true,"href":"https:\/\/eltrabajo.cl\/portal\/wp-json\/wp\/v2\/users\/482"}],"replies":[{"embeddable":true,"href":"https:\/\/eltrabajo.cl\/portal\/wp-json\/wp\/v2\/comments?post=61741"}],"version-history":[{"count":0,"href":"https:\/\/eltrabajo.cl\/portal\/wp-json\/wp\/v2\/posts\/61741\/revisions"}],"wp:featuredmedia":[{"embeddable":true,"href":"https:\/\/eltrabajo.cl\/portal\/wp-json\/wp\/v2\/media\/61742"}],"wp:attachment":[{"href":"https:\/\/eltrabajo.cl\/portal\/wp-json\/wp\/v2\/media?parent=61741"}],"wp:term":[{"taxonomy":"category","embeddable":true,"href":"https:\/\/eltrabajo.cl\/portal\/wp-json\/wp\/v2\/categories?post=61741"},{"taxonomy":"post_tag","embeddable":true,"href":"https:\/\/eltrabajo.cl\/portal\/wp-json\/wp\/v2\/tags?post=61741"}],"curies":[{"name":"wp","href":"https:\/\/api.w.org\/{rel}","templated":true}]}}