{"id":61756,"date":"2015-09-08T09:32:39","date_gmt":"2015-09-08T12:32:39","guid":{"rendered":"http:\/\/www.eltrabajo.cl\/portal\/?p=61756"},"modified":"2015-09-08T09:32:39","modified_gmt":"2015-09-08T12:32:39","slug":"surge-nuevo-caso-sospechoso-de-meningitis-en-los-andes","status":"publish","type":"post","link":"https:\/\/eltrabajo.cl\/portal\/surge-nuevo-caso-sospechoso-de-meningitis-en-los-andes\/","title":{"rendered":"Surge nuevo caso sospechoso de meningitis en Los Andes"},"content":{"rendered":"<figure id=\"attachment_61757\" aria-describedby=\"caption-attachment-61757\" style=\"width: 300px\" class=\"wp-caption alignleft\"><a href=\"https:\/\/i0.wp.com\/www.eltrabajo.cl\/portal\/wp-content\/uploads\/2015\/09\/seremi-de-salud-maria_graciela_astudillo.jpg\"><img data-recalc-dims=\"1\" loading=\"lazy\" decoding=\"async\" class=\"wp-image-61757 size-medium\" src=\"https:\/\/i0.wp.com\/www.eltrabajo.cl\/portal\/wp-content\/uploads\/2015\/09\/seremi-de-salud-maria_graciela_astudillo-300x198.jpg?resize=300%2C198\" alt=\"Mar\u00eda Graciela Astudillo, seremi de Salud.\" width=\"300\" height=\"198\" srcset=\"https:\/\/i0.wp.com\/eltrabajo.cl\/portal\/wp-content\/uploads\/2015\/09\/seremi-de-salud-maria_graciela_astudillo.jpg?resize=300%2C198&amp;ssl=1 300w, https:\/\/i0.wp.com\/eltrabajo.cl\/portal\/wp-content\/uploads\/2015\/09\/seremi-de-salud-maria_graciela_astudillo.jpg?resize=200%2C132&amp;ssl=1 200w, https:\/\/i0.wp.com\/eltrabajo.cl\/portal\/wp-content\/uploads\/2015\/09\/seremi-de-salud-maria_graciela_astudillo.jpg?resize=228%2C150&amp;ssl=1 228w, https:\/\/i0.wp.com\/eltrabajo.cl\/portal\/wp-content\/uploads\/2015\/09\/seremi-de-salud-maria_graciela_astudillo.jpg?resize=400%2C263&amp;ssl=1 400w, https:\/\/i0.wp.com\/eltrabajo.cl\/portal\/wp-content\/uploads\/2015\/09\/seremi-de-salud-maria_graciela_astudillo.jpg?w=530&amp;ssl=1 530w\" sizes=\"auto, (max-width: 300px) 100vw, 300px\" \/><\/a><figcaption id=\"caption-attachment-61757\" class=\"wp-caption-text\">Mar\u00eda Graciela Astudillo, seremi de Salud.<\/figcaption><\/figure>\n<ul>\n<li><strong>La seremi de salud se\u00f1al\u00f3 que la persona afectada no se encuentra en riesgo vital.<\/strong><\/li>\n<\/ul>\n<p><strong>LOS ANDES.-<\/strong> Dos casos sospechosos de la enfermedad meningoc\u00f3cica aparecieron en la regi\u00f3n, uno de ellos en Los Andes, cuyas muestras fueron remitidas al Instituto de Salud P\u00fablica.<br \/>\nAs\u00ed lo inform\u00f3 la Secretaria Regional Ministerial de Salud, Mar\u00eda Graciela Astudillo, quien se\u00f1al\u00f3 que \u00abtenemos en la regi\u00f3n dos casos sospechosos uno de Los Andes y otro de Valpara\u00edso, se encuentran sin riesgo vital. Estamos a la espera que el Instituto de Salud P\u00fablica, nos entregue los resultados para confirmar o descartar la enfermedad\u00bb, apunt\u00f3 la autoridad.<br \/>\nAgreg\u00f3 que se \u00abha hecho el tratamiento a todos los contactos, siguiendo el protocolo del Ministerio de Salud y decir que esto no corresponde en ning\u00fan caso a un brote son casos aislados. Lo importante es que se est\u00e1n tomando todas las medidas necesarias\u00bb.<\/p>\n<p><strong>SITUACI\u00d3N REGIONAL<\/strong><br \/>\nEl Instituto de Salud P\u00fablica (ISP) ha confirmado 15 casos de enfermedad meningoc\u00f3cica en la regi\u00f3n de Valpara\u00edso, 7 de los cuales corresponden al serotipo W 135, 6 tipo B, 1 tipo C y 1 caso tipo Z. De los 15 casos, 6 personas fallecieron en lo que va corrido de este a\u00f1o.<br \/>\nLa Seremi de Salud formul\u00f3 un llamado a extremar algunas medidas de prevenci\u00f3n como: Evitar lugares donde se produzcan aglomeraciones, especialmente no exponer a los lactantes; Reforzar la higiene como medida b\u00e1sica de prevenci\u00f3n de enfermedades (especialmente el lavado de manos); Al toser o estornudar cubrir la boca y nariz con el borde interno del codo; Ventilaci\u00f3n de ambientes, especialmente dormitorios, salas de clases, lugares de trabajos y otros con aglomeraci\u00f3n de personas.<\/p>\n","protected":false},"excerpt":{"rendered":"<p>La seremi de salud se\u00f1al\u00f3 que la persona afectada no se encuentra en riesgo vital. LOS ANDES.- Dos casos sospechosos de la enfermedad meningoc\u00f3cica aparecieron en la regi\u00f3n, uno de ellos en&#8230;<\/p>\n","protected":false},"author":482,"featured_media":61757,"comment_status":"open","ping_status":"open","sticky":false,"template":"","format":"standard","meta":{"advanced_seo_description":"","jetpack_seo_html_title":"","jetpack_seo_noindex":false,"_jetpack_memberships_contains_paid_content":false,"footnotes":""},"categories":[1],"tags":[],"class_list":["post-61756","post","type-post","status-publish","format-standard","has-post-thumbnail","hentry","category-cronica"],"jetpack_featured_media_url":"https:\/\/i0.wp.com\/eltrabajo.cl\/portal\/wp-content\/uploads\/2015\/09\/seremi-de-salud-maria_graciela_astudillo.jpg?fit=530%2C349&ssl=1","jetpack_sharing_enabled":true,"jetpack_likes_enabled":true,"jetpack-related-posts":[],"_links":{"self":[{"href":"https:\/\/eltrabajo.cl\/portal\/wp-json\/wp\/v2\/posts\/61756","targetHints":{"allow":["GET"]}}],"collection":[{"href":"https:\/\/eltrabajo.cl\/portal\/wp-json\/wp\/v2\/posts"}],"about":[{"href":"https:\/\/eltrabajo.cl\/portal\/wp-json\/wp\/v2\/types\/post"}],"author":[{"embeddable":true,"href":"https:\/\/eltrabajo.cl\/portal\/wp-json\/wp\/v2\/users\/482"}],"replies":[{"embeddable":true,"href":"https:\/\/eltrabajo.cl\/portal\/wp-json\/wp\/v2\/comments?post=61756"}],"version-history":[{"count":0,"href":"https:\/\/eltrabajo.cl\/portal\/wp-json\/wp\/v2\/posts\/61756\/revisions"}],"wp:featuredmedia":[{"embeddable":true,"href":"https:\/\/eltrabajo.cl\/portal\/wp-json\/wp\/v2\/media\/61757"}],"wp:attachment":[{"href":"https:\/\/eltrabajo.cl\/portal\/wp-json\/wp\/v2\/media?parent=61756"}],"wp:term":[{"taxonomy":"category","embeddable":true,"href":"https:\/\/eltrabajo.cl\/portal\/wp-json\/wp\/v2\/categories?post=61756"},{"taxonomy":"post_tag","embeddable":true,"href":"https:\/\/eltrabajo.cl\/portal\/wp-json\/wp\/v2\/tags?post=61756"}],"curies":[{"name":"wp","href":"https:\/\/api.w.org\/{rel}","templated":true}]}}