{"id":61759,"date":"2015-09-08T09:34:30","date_gmt":"2015-09-08T12:34:30","guid":{"rendered":"http:\/\/www.eltrabajo.cl\/portal\/?p=61759"},"modified":"2015-09-08T09:34:30","modified_gmt":"2015-09-08T12:34:30","slug":"hasta-el-7-de-octubre-se-podra-postular-a-fondo-de-proteccion-ambiental","status":"publish","type":"post","link":"https:\/\/eltrabajo.cl\/portal\/hasta-el-7-de-octubre-se-podra-postular-a-fondo-de-proteccion-ambiental\/","title":{"rendered":"Hasta el 7 de octubre se podr\u00e1 postular a Fondo de Protecci\u00f3n Ambiental"},"content":{"rendered":"<figure id=\"attachment_61760\" aria-describedby=\"caption-attachment-61760\" style=\"width: 300px\" class=\"wp-caption alignleft\"><a href=\"https:\/\/i0.wp.com\/www.eltrabajo.cl\/portal\/wp-content\/uploads\/2015\/09\/Gobernadora-Los-Andes.jpg\"><img data-recalc-dims=\"1\" loading=\"lazy\" decoding=\"async\" class=\"wp-image-61760 size-medium\" src=\"https:\/\/i0.wp.com\/www.eltrabajo.cl\/portal\/wp-content\/uploads\/2015\/09\/Gobernadora-Los-Andes-300x198.jpg?resize=300%2C198\" alt=\"La Gobernadora Los Andes, Mar\u00eda Victoria Rodr\u00edguez invit\u00f3 a la comunidad a participar de los Fondos de Protecci\u00f3n Ambiental que estar\u00e1n disponibles hasta el 7 de octubre.\" width=\"300\" height=\"198\" srcset=\"https:\/\/i0.wp.com\/eltrabajo.cl\/portal\/wp-content\/uploads\/2015\/09\/Gobernadora-Los-Andes.jpg?resize=300%2C198&amp;ssl=1 300w, https:\/\/i0.wp.com\/eltrabajo.cl\/portal\/wp-content\/uploads\/2015\/09\/Gobernadora-Los-Andes.jpg?resize=200%2C132&amp;ssl=1 200w, https:\/\/i0.wp.com\/eltrabajo.cl\/portal\/wp-content\/uploads\/2015\/09\/Gobernadora-Los-Andes.jpg?resize=227%2C150&amp;ssl=1 227w, https:\/\/i0.wp.com\/eltrabajo.cl\/portal\/wp-content\/uploads\/2015\/09\/Gobernadora-Los-Andes.jpg?resize=400%2C264&amp;ssl=1 400w, https:\/\/i0.wp.com\/eltrabajo.cl\/portal\/wp-content\/uploads\/2015\/09\/Gobernadora-Los-Andes.jpg?w=530&amp;ssl=1 530w\" sizes=\"auto, (max-width: 300px) 100vw, 300px\" \/><\/a><figcaption id=\"caption-attachment-61760\" class=\"wp-caption-text\">La Gobernadora Los Andes, Mar\u00eda Victoria Rodr\u00edguez invit\u00f3 a la comunidad a participar de los Fondos de Protecci\u00f3n Ambiental que estar\u00e1n disponibles hasta el 7 de octubre.<\/figcaption><\/figure>\n<ul>\n<li><strong>Hoy martes a las 11 horas se realizar\u00e1 una capacitaci\u00f3n para postular a este fondo.<\/strong><\/li>\n<\/ul>\n<p><strong>LOS ANDES<\/strong>.- La gobernadora provincial de Los Andes, Mar\u00eda Victoria Rodr\u00edguez, invita a la comunidad a postular al Fondo de Protecci\u00f3n Ambiental, el cual estar\u00e1 abierto hasta el 7 de octubre de 2015. Por tal raz\u00f3n, la primera autoridad provincial llama a la poblaci\u00f3n a participar de una capacitaci\u00f3n sobre la postulaci\u00f3n de este fondo a realizarse ma\u00f1ana martes 8 de septiembre a las 11 horas en la Gobernaci\u00f3n Provincial.<br \/>\nEste fondo es el primer y \u00fanico fondo concursable de car\u00e1cter ambiental que existe en el Estado, cuya administraci\u00f3n depende del Ministerio del Medio Ambiente. Con \u00e9l se financian proyectos o actividades orientadas al protecci\u00f3n o reparaci\u00f3n del medio ambiente, desarrollo sustentable, la preservaci\u00f3n de la naturaleza o la conservaci\u00f3n del patrimonio ambiental.<br \/>\nEste Fondo tiene dos l\u00edneas: el de Gesti\u00f3n Ambiental Local, dirigido a corporaciones, fundaciones, organizaciones comunitarias, territoriales o funcionales (abierta hasta el 7 de octubre); y el Concurso de Protecci\u00f3n y Gesti\u00f3n Ambiental Ind\u00edgena, al que pueden postular s\u00f3lo las Comunidades o Asociaciones Ind\u00edgenas que se encuentren inscritas en el Registro Nacional de Comunidades y Asociaciones Ind\u00edgenas de la Conadi (hasta el 8 de octubre).<br \/>\nEl martes 8 de septiembre, a las 11 horas, en la Gobernaci\u00f3n Provincial de Los Andes, se llevar\u00e1 a cabo una capacitaci\u00f3n para la postulaci\u00f3n al Fondo de Protecci\u00f3n Ambiental, a la cual la autoridad provincial invita a participar.<br \/>\n\u201cExisten fondos que complementan otras iniciativas de este tipo como el Fondo de Protecci\u00f3n Ambiental, que puede ser el impacto m\u00e1s significativo seg\u00fan lo que cada organizaci\u00f3n quiera para su comunidad\u201d, se\u00f1al\u00f3 la gobernadora Mar\u00eda Victoria Rodr\u00edguez.<br \/>\nPara mayor informaci\u00f3n sobre la postulaci\u00f3n, se encuentra disponible la p\u00e1gina web www.fondodeprot eccionambiental.cl.<\/p>\n","protected":false},"excerpt":{"rendered":"<p>Hoy martes a las 11 horas se realizar\u00e1 una capacitaci\u00f3n para postular a este fondo. LOS ANDES.- La gobernadora provincial de Los Andes, Mar\u00eda Victoria Rodr\u00edguez, invita a la comunidad a postular&#8230;<\/p>\n","protected":false},"author":482,"featured_media":61760,"comment_status":"open","ping_status":"open","sticky":false,"template":"","format":"standard","meta":{"advanced_seo_description":"","jetpack_seo_html_title":"","jetpack_seo_noindex":false,"_jetpack_memberships_contains_paid_content":false,"footnotes":""},"categories":[1],"tags":[],"class_list":["post-61759","post","type-post","status-publish","format-standard","has-post-thumbnail","hentry","category-cronica"],"jetpack_featured_media_url":"https:\/\/i0.wp.com\/eltrabajo.cl\/portal\/wp-content\/uploads\/2015\/09\/Gobernadora-Los-Andes.jpg?fit=530%2C350&ssl=1","jetpack_sharing_enabled":true,"jetpack_likes_enabled":true,"jetpack-related-posts":[],"_links":{"self":[{"href":"https:\/\/eltrabajo.cl\/portal\/wp-json\/wp\/v2\/posts\/61759","targetHints":{"allow":["GET"]}}],"collection":[{"href":"https:\/\/eltrabajo.cl\/portal\/wp-json\/wp\/v2\/posts"}],"about":[{"href":"https:\/\/eltrabajo.cl\/portal\/wp-json\/wp\/v2\/types\/post"}],"author":[{"embeddable":true,"href":"https:\/\/eltrabajo.cl\/portal\/wp-json\/wp\/v2\/users\/482"}],"replies":[{"embeddable":true,"href":"https:\/\/eltrabajo.cl\/portal\/wp-json\/wp\/v2\/comments?post=61759"}],"version-history":[{"count":0,"href":"https:\/\/eltrabajo.cl\/portal\/wp-json\/wp\/v2\/posts\/61759\/revisions"}],"wp:featuredmedia":[{"embeddable":true,"href":"https:\/\/eltrabajo.cl\/portal\/wp-json\/wp\/v2\/media\/61760"}],"wp:attachment":[{"href":"https:\/\/eltrabajo.cl\/portal\/wp-json\/wp\/v2\/media?parent=61759"}],"wp:term":[{"taxonomy":"category","embeddable":true,"href":"https:\/\/eltrabajo.cl\/portal\/wp-json\/wp\/v2\/categories?post=61759"},{"taxonomy":"post_tag","embeddable":true,"href":"https:\/\/eltrabajo.cl\/portal\/wp-json\/wp\/v2\/tags?post=61759"}],"curies":[{"name":"wp","href":"https:\/\/api.w.org\/{rel}","templated":true}]}}