{"id":61762,"date":"2015-09-08T09:36:33","date_gmt":"2015-09-08T12:36:33","guid":{"rendered":"http:\/\/www.eltrabajo.cl\/portal\/?p=61762"},"modified":"2015-09-08T09:36:33","modified_gmt":"2015-09-08T12:36:33","slug":"corte-de-suministro-de-agua-afecto-a-mas-de-5-mil-clientes-de-los-andes","status":"publish","type":"post","link":"https:\/\/eltrabajo.cl\/portal\/corte-de-suministro-de-agua-afecto-a-mas-de-5-mil-clientes-de-los-andes\/","title":{"rendered":"Corte de suministro de agua afect\u00f3 a m\u00e1s de 5 mil clientes de Los Andes"},"content":{"rendered":"<figure id=\"attachment_61763\" aria-describedby=\"caption-attachment-61763\" style=\"width: 300px\" class=\"wp-caption alignleft\"><a href=\"https:\/\/i0.wp.com\/www.eltrabajo.cl\/portal\/wp-content\/uploads\/2015\/09\/matriz-hori13.jpg\"><img data-recalc-dims=\"1\" loading=\"lazy\" decoding=\"async\" class=\"wp-image-61763 size-medium\" src=\"https:\/\/i0.wp.com\/www.eltrabajo.cl\/portal\/wp-content\/uploads\/2015\/09\/matriz-hori13-300x197.jpg?resize=300%2C197\" alt=\"M\u00e1s de cinco mil personas se vieron afectada por un corte de agua debido a la rotura de una matriz de Esval en avenida H\u00e9ctor Humeres de la villa El Horizonte.\" width=\"300\" height=\"197\" srcset=\"https:\/\/i0.wp.com\/eltrabajo.cl\/portal\/wp-content\/uploads\/2015\/09\/matriz-hori13.jpg?resize=300%2C197&amp;ssl=1 300w, https:\/\/i0.wp.com\/eltrabajo.cl\/portal\/wp-content\/uploads\/2015\/09\/matriz-hori13.jpg?resize=200%2C131&amp;ssl=1 200w, https:\/\/i0.wp.com\/eltrabajo.cl\/portal\/wp-content\/uploads\/2015\/09\/matriz-hori13.jpg?resize=228%2C150&amp;ssl=1 228w, https:\/\/i0.wp.com\/eltrabajo.cl\/portal\/wp-content\/uploads\/2015\/09\/matriz-hori13.jpg?resize=400%2C263&amp;ssl=1 400w, https:\/\/i0.wp.com\/eltrabajo.cl\/portal\/wp-content\/uploads\/2015\/09\/matriz-hori13.jpg?w=530&amp;ssl=1 530w\" sizes=\"auto, (max-width: 300px) 100vw, 300px\" \/><\/a><figcaption id=\"caption-attachment-61763\" class=\"wp-caption-text\">M\u00e1s de cinco mil personas se vieron afectada por un corte de agua debido a la rotura de una matriz de Esval en avenida H\u00e9ctor Humeres de la villa El Horizonte.<\/figcaption><\/figure>\n<ul>\n<li><strong>Emergencia se produjo antes de las 7 horas de ayer lunes generando m\u00faltiples inconvenientes en los vecinos.<\/strong><\/li>\n<\/ul>\n<p><strong>LOS ANDES<\/strong>.-Un desagradable despertar tuvieron ayer m\u00e1s de cinco mil vecinos de villas y poblaciones del sector sur oriente de Los Andes al no poder contar con agua potable debido a la rotura de una matriz de Esval en avenida H\u00e9ctor Humeres de la villa El Horizonte.<\/p>\n<figure id=\"attachment_61764\" aria-describedby=\"caption-attachment-61764\" style=\"width: 300px\" class=\"wp-caption alignright\"><a href=\"https:\/\/i0.wp.com\/www.eltrabajo.cl\/portal\/wp-content\/uploads\/2015\/09\/matriz-horizonte.jpg\"><img data-recalc-dims=\"1\" loading=\"lazy\" decoding=\"async\" class=\"wp-image-61764 size-medium\" src=\"https:\/\/i0.wp.com\/www.eltrabajo.cl\/portal\/wp-content\/uploads\/2015\/09\/matriz-horizonte-300x197.jpg?resize=300%2C197\" alt=\"As\u00ed luc\u00eda la avenida luego de la rotura de matriz cerca de las 7 horas.\" width=\"300\" height=\"197\" srcset=\"https:\/\/i0.wp.com\/eltrabajo.cl\/portal\/wp-content\/uploads\/2015\/09\/matriz-horizonte.jpg?resize=300%2C197&amp;ssl=1 300w, https:\/\/i0.wp.com\/eltrabajo.cl\/portal\/wp-content\/uploads\/2015\/09\/matriz-horizonte.jpg?resize=200%2C131&amp;ssl=1 200w, https:\/\/i0.wp.com\/eltrabajo.cl\/portal\/wp-content\/uploads\/2015\/09\/matriz-horizonte.jpg?resize=228%2C150&amp;ssl=1 228w, https:\/\/i0.wp.com\/eltrabajo.cl\/portal\/wp-content\/uploads\/2015\/09\/matriz-horizonte.jpg?resize=400%2C263&amp;ssl=1 400w, https:\/\/i0.wp.com\/eltrabajo.cl\/portal\/wp-content\/uploads\/2015\/09\/matriz-horizonte.jpg?w=530&amp;ssl=1 530w\" sizes=\"auto, (max-width: 300px) 100vw, 300px\" \/><\/a><figcaption id=\"caption-attachment-61764\" class=\"wp-caption-text\">As\u00ed luc\u00eda la avenida luego de la rotura de matriz cerca de las 7 horas.<\/figcaption><\/figure>\n<p>La emergencia se produjo antes de las 7 horas, cuando muchas personas se aprestaban a ba\u00f1arse para iniciar su jornada laboral y en el caso de los escolares acudir a sus colegios.<br \/>\nLa rotura de la matriz convirti\u00f3 a esa arteria en un verdadero r\u00edo, lo que provoc\u00f3 que las villas Minera Andina, El Remanso, Los Jardines, Horizonte, Los Morenos, Las Bodegas y Barrio Oriente quedaran sin suministro.<br \/>\nAdicionalmente el corte afect\u00f3 tambi\u00e9n al sector de avenida Pascual Baburizza, B\u00e9jares, las Delicias y Villas Camilo Mori, Pedro Aguirre Cerda y Hugo Jordan de Calle Larga.<\/p>\n","protected":false},"excerpt":{"rendered":"<p>Emergencia se produjo antes de las 7 horas de ayer lunes generando m\u00faltiples inconvenientes en los vecinos. LOS ANDES.-Un desagradable despertar tuvieron ayer m\u00e1s de cinco mil vecinos de villas y poblaciones&#8230;<\/p>\n","protected":false},"author":482,"featured_media":61763,"comment_status":"open","ping_status":"open","sticky":false,"template":"","format":"standard","meta":{"advanced_seo_description":"","jetpack_seo_html_title":"","jetpack_seo_noindex":false,"_jetpack_memberships_contains_paid_content":false,"footnotes":""},"categories":[1],"tags":[],"class_list":["post-61762","post","type-post","status-publish","format-standard","has-post-thumbnail","hentry","category-cronica"],"jetpack_featured_media_url":"https:\/\/i0.wp.com\/eltrabajo.cl\/portal\/wp-content\/uploads\/2015\/09\/matriz-hori13.jpg?fit=530%2C348&ssl=1","jetpack_sharing_enabled":true,"jetpack_likes_enabled":true,"jetpack-related-posts":[],"_links":{"self":[{"href":"https:\/\/eltrabajo.cl\/portal\/wp-json\/wp\/v2\/posts\/61762","targetHints":{"allow":["GET"]}}],"collection":[{"href":"https:\/\/eltrabajo.cl\/portal\/wp-json\/wp\/v2\/posts"}],"about":[{"href":"https:\/\/eltrabajo.cl\/portal\/wp-json\/wp\/v2\/types\/post"}],"author":[{"embeddable":true,"href":"https:\/\/eltrabajo.cl\/portal\/wp-json\/wp\/v2\/users\/482"}],"replies":[{"embeddable":true,"href":"https:\/\/eltrabajo.cl\/portal\/wp-json\/wp\/v2\/comments?post=61762"}],"version-history":[{"count":0,"href":"https:\/\/eltrabajo.cl\/portal\/wp-json\/wp\/v2\/posts\/61762\/revisions"}],"wp:featuredmedia":[{"embeddable":true,"href":"https:\/\/eltrabajo.cl\/portal\/wp-json\/wp\/v2\/media\/61763"}],"wp:attachment":[{"href":"https:\/\/eltrabajo.cl\/portal\/wp-json\/wp\/v2\/media?parent=61762"}],"wp:term":[{"taxonomy":"category","embeddable":true,"href":"https:\/\/eltrabajo.cl\/portal\/wp-json\/wp\/v2\/categories?post=61762"},{"taxonomy":"post_tag","embeddable":true,"href":"https:\/\/eltrabajo.cl\/portal\/wp-json\/wp\/v2\/tags?post=61762"}],"curies":[{"name":"wp","href":"https:\/\/api.w.org\/{rel}","templated":true}]}}