{"id":61766,"date":"2015-09-08T09:39:20","date_gmt":"2015-09-08T12:39:20","guid":{"rendered":"http:\/\/www.eltrabajo.cl\/portal\/?p=61766"},"modified":"2015-09-08T09:39:20","modified_gmt":"2015-09-08T12:39:20","slug":"con-gran-convocatoria-realizaron-iv-version-de-la-feria-del-olivo-en-santa-maria","status":"publish","type":"post","link":"https:\/\/eltrabajo.cl\/portal\/con-gran-convocatoria-realizaron-iv-version-de-la-feria-del-olivo-en-santa-maria\/","title":{"rendered":"Con gran convocatoria realizaron IV Versi\u00f3n de la Feria del Olivo en Santa Mar\u00eda"},"content":{"rendered":"<figure id=\"attachment_61767\" aria-describedby=\"caption-attachment-61767\" style=\"width: 300px\" class=\"wp-caption alignleft\"><a href=\"https:\/\/i0.wp.com\/www.eltrabajo.cl\/portal\/wp-content\/uploads\/2015\/09\/Santa-Mar%C3%ADa-2.jpg\"><img data-recalc-dims=\"1\" loading=\"lazy\" decoding=\"async\" class=\"wp-image-61767 size-medium\" src=\"https:\/\/i0.wp.com\/www.eltrabajo.cl\/portal\/wp-content\/uploads\/2015\/09\/Santa-Mar%C3%ADa-2-300x198.jpg?resize=300%2C198\" alt=\"Durante este fin de semana se realiz\u00f3 la IV versi\u00f3n de la Feria del Olivo, la cual cont\u00f3 con distintas actividades art\u00edsticas en la Iglesia de Santa Filomena.\" width=\"300\" height=\"198\" srcset=\"https:\/\/i0.wp.com\/eltrabajo.cl\/portal\/wp-content\/uploads\/2015\/09\/Santa-Mar%C3%ADa-2.jpg?resize=300%2C198&amp;ssl=1 300w, https:\/\/i0.wp.com\/eltrabajo.cl\/portal\/wp-content\/uploads\/2015\/09\/Santa-Mar%C3%ADa-2.jpg?resize=200%2C132&amp;ssl=1 200w, https:\/\/i0.wp.com\/eltrabajo.cl\/portal\/wp-content\/uploads\/2015\/09\/Santa-Mar%C3%ADa-2.jpg?resize=227%2C150&amp;ssl=1 227w, https:\/\/i0.wp.com\/eltrabajo.cl\/portal\/wp-content\/uploads\/2015\/09\/Santa-Mar%C3%ADa-2.jpg?resize=400%2C264&amp;ssl=1 400w, https:\/\/i0.wp.com\/eltrabajo.cl\/portal\/wp-content\/uploads\/2015\/09\/Santa-Mar%C3%ADa-2.jpg?w=530&amp;ssl=1 530w\" sizes=\"auto, (max-width: 300px) 100vw, 300px\" \/><\/a><figcaption id=\"caption-attachment-61767\" class=\"wp-caption-text\">Durante este fin de semana se realiz\u00f3 la IV versi\u00f3n de la Feria del Olivo, la cual cont\u00f3 con distintas actividades art\u00edsticas en la Iglesia de Santa Filomena.<\/figcaption><\/figure>\n<p><strong>SANTA MAR\u00cdA.<\/strong>&#8211; Como ya es tradicional, con una gran asistencia se llev\u00f3 a cabo el pasado fin de semana la IV Versi\u00f3n de la Feria del Olivo, ejecutada por la Municipalidad de Santa Mar\u00eda en conjunto con Sernatur regi\u00f3n de Valpara\u00edso, con fondos provenientes del Gobierno Regional.<br \/>\nLa ceremonia de inauguraci\u00f3n, cont\u00f3 con la presencia de la directora de Sernatur de la Regi\u00f3n de Valpara\u00edso Katrina Sanguinetti, la Jefe de \u00c1rea de Indap Michelle Metayer, El gobernador Eduardo Le\u00f3n, el Consejero Regional Mario Sottolichio, el alcalde Ren\u00e9 Mardones y el Padre Claudio Acevedo, quienes acompa\u00f1aron al alcalde Claudio Zurita y los Concejales de la Comuna.<br \/>\nAl recinto de la espectacular Iglesia de Santa Filomena, concurrieron turistas de las distintas comunas del Valle de Aconcagua, de la regi\u00f3n de Valpara\u00edso y una gran cantidad de visitantes de la Regi\u00f3n Metropolitana, quienes disfrutaron de la belleza de los paisajes de Valle de Jahuel, de la m\u00fasica y del trabajo de emprendedores y artesanos.<\/p>\n<figure id=\"attachment_61768\" aria-describedby=\"caption-attachment-61768\" style=\"width: 300px\" class=\"wp-caption alignright\"><a href=\"https:\/\/i0.wp.com\/www.eltrabajo.cl\/portal\/wp-content\/uploads\/2015\/09\/Feria-del-Olivo-4.jpg\"><img data-recalc-dims=\"1\" loading=\"lazy\" decoding=\"async\" class=\"wp-image-61768 size-medium\" src=\"https:\/\/i0.wp.com\/www.eltrabajo.cl\/portal\/wp-content\/uploads\/2015\/09\/Feria-del-Olivo-4-300x198.jpg?resize=300%2C198\" alt=\"Tambi\u00e9n participaron del evento escuelas art\u00edsticas de Santa Mar\u00eda. \" width=\"300\" height=\"198\" srcset=\"https:\/\/i0.wp.com\/eltrabajo.cl\/portal\/wp-content\/uploads\/2015\/09\/Feria-del-Olivo-4.jpg?resize=300%2C198&amp;ssl=1 300w, https:\/\/i0.wp.com\/eltrabajo.cl\/portal\/wp-content\/uploads\/2015\/09\/Feria-del-Olivo-4.jpg?resize=200%2C132&amp;ssl=1 200w, https:\/\/i0.wp.com\/eltrabajo.cl\/portal\/wp-content\/uploads\/2015\/09\/Feria-del-Olivo-4.jpg?resize=227%2C150&amp;ssl=1 227w, https:\/\/i0.wp.com\/eltrabajo.cl\/portal\/wp-content\/uploads\/2015\/09\/Feria-del-Olivo-4.jpg?resize=400%2C264&amp;ssl=1 400w, https:\/\/i0.wp.com\/eltrabajo.cl\/portal\/wp-content\/uploads\/2015\/09\/Feria-del-Olivo-4.jpg?w=530&amp;ssl=1 530w\" sizes=\"auto, (max-width: 300px) 100vw, 300px\" \/><\/a><figcaption id=\"caption-attachment-61768\" class=\"wp-caption-text\">Tambi\u00e9n participaron del evento escuelas art\u00edsticas de Santa Mar\u00eda.<\/figcaption><\/figure>\n<p>En total, fueron sesenta y tres stand, donde se pudieron encontrar deliciosas aceitunas y otros productos derivados, como pastas y aceite de oliva, adem\u00e1s de miel, polen, mermeladas, licores artesanales, frutos secos, pan con aceituna, en fin diversas especialidades campesinas, adem\u00e1s de la hermosa artesan\u00eda t\u00edpica de la zona.<br \/>\nEn los dos d\u00edas que dur\u00f3 este gran evento, quienes llegaron hasta la localidad de Santa Filomena, pudieron disfrutar de una fiesta, que destac\u00f3 los atributos tur\u00edsticos de la comuna. Entre hermosos paisajes de la pre cordillera y los olivos centenarios m\u00e1s antiguos de Chile, los asistentes vibraron con una nutrida programaci\u00f3n art\u00edstica que destac\u00f3 lo mejor de nuestro arte, m\u00fasica y danza folcl\u00f3rica, con agrupaciones como Teo cal\u00e1n, El Club Santiago Mar\u00edn, La Orquesta Juvenil e Infantil, Ensamble Latinoamericano y el Circo Teatro Jahuel, entre otros. Todo lo anterior coronado con la extraordinaria presentaci\u00f3n de dos grandes de la m\u00fasica nacional e Internacional como Luis Lambis y la Sonora Malec\u00f3n y el gran Joe Vasconcellos.<br \/>\nEl alcalde Claudio Zurita qued\u00f3 muy contento con los resultados de esta IV versi\u00f3n de la feria se\u00f1alando que \u201cSin duda que potenciar el aspecto tur\u00edstico es fundamental para las comunas del Valle del Aconcagua y qu\u00e9 mejor que hacerlo con este evento que permite a expositores locales promover sus productos. Sin duda fue una fiesta incre\u00edble con una alt\u00edsima convocatoria y una parrilla de artistas de primer nivel.<br \/>\n\u201cLa Feria del Olivo es una actividad que cada a\u00f1o crece m\u00e1s, a eso sumamos un recinto amplio y seguro, con una iglesia restaurada que no tengo dudas est\u00e1 entre las m\u00e1s hermosas de Chile. Quienes llegaron a exponer sus productos se fueron felices porque vendieron casi todo, el resumen del evento nos deja altamente satisfechos.<br \/>\n\u201cAgradezco la presencia del Concejo Municipal en pleno y de todos quienes hicieron esto posible, especialmente el trabajo de los funcionarios municipales de Prodesal, Cultura, Secplac, Gabinete, Operaci\u00f3n y Mantenci\u00f3n, entre otros, tambi\u00e9n agradecemos a Carabineros de Chile, a Bomberos de Santa Mar\u00eda y nuestros param\u00e9dicos del Cesfam\u201d.<br \/>\nEsta actividad surgi\u00f3 como una estrategia para apoyar el trabajo y esfuerzo de familias, principalmente del Valle de Jahuel; la localidad de Santa Filomena y sus alrededores, para que pudiesen exponer y vender sus productos y la vez potenciar fuertemente el turismo en la comuna de Santa Mar\u00eda.<\/p>\n","protected":false},"excerpt":{"rendered":"<p>SANTA MAR\u00cdA.&#8211; Como ya es tradicional, con una gran asistencia se llev\u00f3 a cabo el pasado fin de semana la IV Versi\u00f3n de la Feria del Olivo, ejecutada por la Municipalidad de&#8230;<\/p>\n","protected":false},"author":482,"featured_media":61767,"comment_status":"open","ping_status":"open","sticky":false,"template":"","format":"standard","meta":{"advanced_seo_description":"","jetpack_seo_html_title":"","jetpack_seo_noindex":false,"_jetpack_memberships_contains_paid_content":false,"footnotes":""},"categories":[1],"tags":[],"class_list":["post-61766","post","type-post","status-publish","format-standard","has-post-thumbnail","hentry","category-cronica"],"jetpack_featured_media_url":"https:\/\/i0.wp.com\/eltrabajo.cl\/portal\/wp-content\/uploads\/2015\/09\/Santa-Mar%C3%ADa-2.jpg?fit=530%2C350&ssl=1","jetpack_sharing_enabled":true,"jetpack_likes_enabled":true,"jetpack-related-posts":[],"_links":{"self":[{"href":"https:\/\/eltrabajo.cl\/portal\/wp-json\/wp\/v2\/posts\/61766","targetHints":{"allow":["GET"]}}],"collection":[{"href":"https:\/\/eltrabajo.cl\/portal\/wp-json\/wp\/v2\/posts"}],"about":[{"href":"https:\/\/eltrabajo.cl\/portal\/wp-json\/wp\/v2\/types\/post"}],"author":[{"embeddable":true,"href":"https:\/\/eltrabajo.cl\/portal\/wp-json\/wp\/v2\/users\/482"}],"replies":[{"embeddable":true,"href":"https:\/\/eltrabajo.cl\/portal\/wp-json\/wp\/v2\/comments?post=61766"}],"version-history":[{"count":0,"href":"https:\/\/eltrabajo.cl\/portal\/wp-json\/wp\/v2\/posts\/61766\/revisions"}],"wp:featuredmedia":[{"embeddable":true,"href":"https:\/\/eltrabajo.cl\/portal\/wp-json\/wp\/v2\/media\/61767"}],"wp:attachment":[{"href":"https:\/\/eltrabajo.cl\/portal\/wp-json\/wp\/v2\/media?parent=61766"}],"wp:term":[{"taxonomy":"category","embeddable":true,"href":"https:\/\/eltrabajo.cl\/portal\/wp-json\/wp\/v2\/categories?post=61766"},{"taxonomy":"post_tag","embeddable":true,"href":"https:\/\/eltrabajo.cl\/portal\/wp-json\/wp\/v2\/tags?post=61766"}],"curies":[{"name":"wp","href":"https:\/\/api.w.org\/{rel}","templated":true}]}}