{"id":61770,"date":"2015-09-08T09:41:23","date_gmt":"2015-09-08T12:41:23","guid":{"rendered":"http:\/\/www.eltrabajo.cl\/portal\/?p=61770"},"modified":"2015-09-08T09:41:23","modified_gmt":"2015-09-08T12:41:23","slug":"nuevamente-chicha-de-jose-toro-presente-en-parada-militar-en-santiago","status":"publish","type":"post","link":"https:\/\/eltrabajo.cl\/portal\/nuevamente-chicha-de-jose-toro-presente-en-parada-militar-en-santiago\/","title":{"rendered":"Nuevamente chicha de Jos\u00e9 Toro presente en parada militar en Santiago"},"content":{"rendered":"<figure id=\"attachment_61771\" aria-describedby=\"caption-attachment-61771\" style=\"width: 300px\" class=\"wp-caption alignleft\"><a href=\"https:\/\/i0.wp.com\/www.eltrabajo.cl\/portal\/wp-content\/uploads\/2015\/09\/freire-chicha-jose-toro.jpg\"><img data-recalc-dims=\"1\" loading=\"lazy\" decoding=\"async\" class=\"wp-image-61771 size-medium\" src=\"https:\/\/i0.wp.com\/www.eltrabajo.cl\/portal\/wp-content\/uploads\/2015\/09\/freire-chicha-jose-toro-300x198.jpg?resize=300%2C198\" alt=\"El Alcalde Patricio Freire junto al concejal Rodolfo Silva acompa\u00f1aron al productor sanfelipe\u00f1o Jos\u00e9 Toro cuando entreg\u00f3 su chicha al club Gil Letelier para festividades patrias.\" width=\"300\" height=\"198\" srcset=\"https:\/\/i0.wp.com\/eltrabajo.cl\/portal\/wp-content\/uploads\/2015\/09\/freire-chicha-jose-toro.jpg?resize=300%2C198&amp;ssl=1 300w, https:\/\/i0.wp.com\/eltrabajo.cl\/portal\/wp-content\/uploads\/2015\/09\/freire-chicha-jose-toro.jpg?resize=200%2C132&amp;ssl=1 200w, https:\/\/i0.wp.com\/eltrabajo.cl\/portal\/wp-content\/uploads\/2015\/09\/freire-chicha-jose-toro.jpg?resize=227%2C150&amp;ssl=1 227w, https:\/\/i0.wp.com\/eltrabajo.cl\/portal\/wp-content\/uploads\/2015\/09\/freire-chicha-jose-toro.jpg?resize=400%2C264&amp;ssl=1 400w, https:\/\/i0.wp.com\/eltrabajo.cl\/portal\/wp-content\/uploads\/2015\/09\/freire-chicha-jose-toro.jpg?w=530&amp;ssl=1 530w\" sizes=\"auto, (max-width: 300px) 100vw, 300px\" \/><\/a><figcaption id=\"caption-attachment-61771\" class=\"wp-caption-text\">El Alcalde Patricio Freire junto al concejal Rodolfo Silva acompa\u00f1aron al productor sanfelipe\u00f1o Jos\u00e9 Toro cuando entreg\u00f3 su chicha al club Gil Letelier para festividades patrias.<\/figcaption><\/figure>\n<ul>\n<li><strong>Alcalde Patricio Freire junto a concejal Rodolfo Silva acompa\u00f1aron a productor sanfelipe\u00f1o cuando entreg\u00f3 chicha al club Gil Letelier para festividades patrias.<\/strong><\/li>\n<\/ul>\n<p>Por cuarto a\u00f1o consecutivo la chicha de Almendral estar\u00e1 presente en la Parada Militar del pr\u00f3ximo 19 de septiembre y eso porque el productor local Jos\u00e9 Toro, fue elegido nuevamente para entregar este exquisito brebaje para las festividades patrias.<br \/>\nEl viernes reci\u00e9n pasado miembros del Club de Huasos y Rodeo \u2018Gil Letelier\u2019 llegaron hasta El Almendral para retirar los litros necesarios para que las autoridades, encabezadas por la Presidenta Michelle Bachelet, degusten durante la parada militar.<br \/>\n\u00abYa por m\u00e1s de tres veces don Jos\u00e9 Toro se ha impuesto con su producto. La pol\u00edtica nuestra es ir dando oportunidades a diferentes ciudades, a distintos \u2018chicheros\u2019, pero la calidad que ha impuesto don Jos\u00e9 Toro de ac\u00e1 de San Felipe le ha permitido a \u00e9l ser designado como la mejor chicha\u00bb, se\u00f1al\u00f3 el presidente del club, Juan Gonz\u00e1lez.<br \/>\nSeg\u00fan explic\u00f3 el directivo, en el proceso de b\u00fasqueda se toma en cuenta que el producto tenga varias condiciones: \u00abQue sea un producto de buena calidad o excelente calidad y ac\u00e1 yo me recuerdo que don Jos\u00e9 dijo el a\u00f1o pasado que ser\u00eda muy dif\u00edcil que el pr\u00f3ximo a\u00f1o nos ganen a San Felipe, porque \u2018me voy a preocupar de otra uvita\u2019, dijo \u00e9l y parece que cumpli\u00f3, porque es un trabajo del productor, no es llegar y moler uva y ac\u00e1 se da, es primera vez que un productor vuelve a imponerse\u00bb, dijo Gonz\u00e1lez.<br \/>\nEn el desarrollo del proceso, los integrantes del club recorrieron distintas regiones probando diferentes chichas, brebajes que deben competir de igual a igual con aquel que se ha impuesto en a\u00f1os anteriores y que se caracteriza por su excelente calidad.De esta forma el nombre de San Felipe ha estado presente en distintos lugares del pa\u00eds y muchos han podido conocer los buenos productos que se dan en el valle de Aconcagua y especialmente en esta comuna.<br \/>\n\u00abNos sentimos orgullosos de que un productor de la comuna de San Felipe, del valle de Aconcagua, haya sido elegido por cuarta vez para saborear la rica chicha de este lugar en la parada militar a\u00f1o 2015. Nos tiene muy contentos a todos los vecinos que un emprendedor como don Jos\u00e9 Toro sea el elegido para deleitar a las autoridades de nuestro pa\u00eds con la rica chicha que se hace en el valle de Aconcagua\u00bb, se\u00f1al\u00f3 el Alcalde Patricio Freire.<br \/>\nJos\u00e9 Toro se mostr\u00f3 muy contento al haber sido elegido nuevamente para entregar su chicha para las festividades patrias, especialmente al mantener por tantos a\u00f1os esta tradici\u00f3n que ha pasado de generaci\u00f3n en generaci\u00f3n y que hoy comparte con sus hijos.<br \/>\n\u00abNuevamente he tenido el honor de representar con mi chicha a los huasos y a toda la tradici\u00f3n chilena en ese momento de la parada militar y el secreto es un buen jugo, bien cocido y el resto es trabajo nada m\u00e1s, porque la chicha no tiene ninguna ciencia, es simple y creo que ah\u00ed es donde est\u00e1 la esencia de tener un producto bueno\u00bb.<br \/>\nEl concejal Rodolfo Silva felicit\u00f3 a Jos\u00e9 Toro por el reconocimiento realizado por el club Gil Letelier, destacando que los aconcag\u00fcinos tienen el privilegio de contar con esta chicha durante todo el a\u00f1o y agreg\u00f3 que \u00abcoment\u00e1bamos con el Alcalde Patricio Freire y tambi\u00e9n con el presidente del club por qu\u00e9 no tener nosotros la denominaci\u00f3n de origen de la chicha, se est\u00e1 peleando en Curacav\u00ed y me parece que tambi\u00e9n tenemos los antecedentes, la historia y el prestigio para que luchemos y que tengamos denominaci\u00f3n de origen de la chicha\u00bb, dijo el edil.<br \/>\nDon Jos\u00e9 viene preparando esta chicha desde el a\u00f1o 2003, siguiendo una tradici\u00f3n que comenz\u00f3 su padre y que hoy este emprendedor sanfelipe\u00f1o contin\u00faa realizando junto a su familia, con estos resultados que le permiten ser reconocido a nivel nacional.<\/p>\n","protected":false},"excerpt":{"rendered":"<p>Alcalde Patricio Freire junto a concejal Rodolfo Silva acompa\u00f1aron a productor sanfelipe\u00f1o cuando entreg\u00f3 chicha al club Gil Letelier para festividades patrias. Por cuarto a\u00f1o consecutivo la chicha de Almendral estar\u00e1 presente&#8230;<\/p>\n","protected":false},"author":482,"featured_media":61771,"comment_status":"open","ping_status":"open","sticky":false,"template":"","format":"standard","meta":{"advanced_seo_description":"","jetpack_seo_html_title":"","jetpack_seo_noindex":false,"_jetpack_memberships_contains_paid_content":false,"footnotes":""},"categories":[1],"tags":[],"class_list":["post-61770","post","type-post","status-publish","format-standard","has-post-thumbnail","hentry","category-cronica"],"jetpack_featured_media_url":"https:\/\/i0.wp.com\/eltrabajo.cl\/portal\/wp-content\/uploads\/2015\/09\/freire-chicha-jose-toro.jpg?fit=530%2C350&ssl=1","jetpack_sharing_enabled":true,"jetpack_likes_enabled":true,"jetpack-related-posts":[],"_links":{"self":[{"href":"https:\/\/eltrabajo.cl\/portal\/wp-json\/wp\/v2\/posts\/61770","targetHints":{"allow":["GET"]}}],"collection":[{"href":"https:\/\/eltrabajo.cl\/portal\/wp-json\/wp\/v2\/posts"}],"about":[{"href":"https:\/\/eltrabajo.cl\/portal\/wp-json\/wp\/v2\/types\/post"}],"author":[{"embeddable":true,"href":"https:\/\/eltrabajo.cl\/portal\/wp-json\/wp\/v2\/users\/482"}],"replies":[{"embeddable":true,"href":"https:\/\/eltrabajo.cl\/portal\/wp-json\/wp\/v2\/comments?post=61770"}],"version-history":[{"count":0,"href":"https:\/\/eltrabajo.cl\/portal\/wp-json\/wp\/v2\/posts\/61770\/revisions"}],"wp:featuredmedia":[{"embeddable":true,"href":"https:\/\/eltrabajo.cl\/portal\/wp-json\/wp\/v2\/media\/61771"}],"wp:attachment":[{"href":"https:\/\/eltrabajo.cl\/portal\/wp-json\/wp\/v2\/media?parent=61770"}],"wp:term":[{"taxonomy":"category","embeddable":true,"href":"https:\/\/eltrabajo.cl\/portal\/wp-json\/wp\/v2\/categories?post=61770"},{"taxonomy":"post_tag","embeddable":true,"href":"https:\/\/eltrabajo.cl\/portal\/wp-json\/wp\/v2\/tags?post=61770"}],"curies":[{"name":"wp","href":"https:\/\/api.w.org\/{rel}","templated":true}]}}