{"id":61773,"date":"2015-09-08T09:45:38","date_gmt":"2015-09-08T12:45:38","guid":{"rendered":"http:\/\/www.eltrabajo.cl\/portal\/?p=61773"},"modified":"2015-09-08T09:45:38","modified_gmt":"2015-09-08T12:45:38","slug":"agricultor-de-103-anos-comparte-su-vida-con-diario-el-trabajo-para-morir-tranquilo-solo-me-falta-conquistar-a-una-sanfelipena","status":"publish","type":"post","link":"https:\/\/eltrabajo.cl\/portal\/agricultor-de-103-anos-comparte-su-vida-con-diario-el-trabajo-para-morir-tranquilo-solo-me-falta-conquistar-a-una-sanfelipena\/","title":{"rendered":"Agricultor de 103 a\u00f1os comparte su vida con Diario El Trabajo:\u00a0\u00abPara morir tranquilo, s\u00f3lo me falta conquistar a una sanfelipe\u00f1a\u00bb"},"content":{"rendered":"<figure id=\"attachment_61774\" aria-describedby=\"caption-attachment-61774\" style=\"width: 300px\" class=\"wp-caption alignleft\"><a href=\"https:\/\/i0.wp.com\/www.eltrabajo.cl\/portal\/wp-content\/uploads\/2015\/09\/Centenario1.jpg\"><img data-recalc-dims=\"1\" loading=\"lazy\" decoding=\"async\" class=\"wp-image-61774 size-medium\" src=\"https:\/\/i0.wp.com\/www.eltrabajo.cl\/portal\/wp-content\/uploads\/2015\/09\/Centenario1-300x198.jpg?resize=300%2C198\" alt=\"EL PESO DEL TIEMPO.- Orgulloso de sus a\u00f1os de juventud, Don Leo muestra a Diario El Trabajo esta fotograf\u00eda.\" width=\"300\" height=\"198\" srcset=\"https:\/\/i0.wp.com\/eltrabajo.cl\/portal\/wp-content\/uploads\/2015\/09\/Centenario1.jpg?resize=300%2C198&amp;ssl=1 300w, https:\/\/i0.wp.com\/eltrabajo.cl\/portal\/wp-content\/uploads\/2015\/09\/Centenario1.jpg?resize=200%2C132&amp;ssl=1 200w, https:\/\/i0.wp.com\/eltrabajo.cl\/portal\/wp-content\/uploads\/2015\/09\/Centenario1.jpg?resize=227%2C150&amp;ssl=1 227w, https:\/\/i0.wp.com\/eltrabajo.cl\/portal\/wp-content\/uploads\/2015\/09\/Centenario1.jpg?resize=400%2C264&amp;ssl=1 400w, https:\/\/i0.wp.com\/eltrabajo.cl\/portal\/wp-content\/uploads\/2015\/09\/Centenario1.jpg?w=530&amp;ssl=1 530w\" sizes=\"auto, (max-width: 300px) 100vw, 300px\" \/><\/a><figcaption id=\"caption-attachment-61774\" class=\"wp-caption-text\">EL PESO DEL TIEMPO.- Orgulloso de sus a\u00f1os de juventud, Don Leo muestra a Diario El Trabajo esta fotograf\u00eda.<\/figcaption><\/figure>\n<p>Por en fin Diario El Trabajo dimos con el sanfelipe\u00f1os que quiz\u00e1 sea quien tiene m\u00e1s edad de estar con nosotros, recordemos que en el pasado a los ni\u00f1os se les presentaba ante el Registro Civil ya cuando ten\u00edan cuatro a seis a\u00f1os, por lo que presumiremos que este vecino tiene m\u00e1s edad de la que reporta su documento de identidad.<\/p>\n<p><strong>\u00abYO QUER\u00cdA CRECER\u00bb<\/strong><br \/>\nSeg\u00fan los datos oficiales, don Leonidas Herrera Naveas naci\u00f3 en Santa Mar\u00eda el viernes 8 de noviembre de 1912, o sea, cumplir\u00e1 muy pronto 103 a\u00f1os, aunque como ya aclaramos, podr\u00eda tener 106 o 107 a\u00f1os de edad. Este vecino vive en Poblaci\u00f3n Benito Larra\u00f1aga 1044 de San Felipe, tuvo trece hijos, de los cuales diez siguen con vida a\u00fan, \u00e9l siempre dedic\u00f3 su vida a la agricultura, hasta que dej\u00f3 de trabajar a sus 95 a\u00f1os.<br \/>\n<strong>&#8211; \u00bfC\u00f3mo me lo tratan sus familiares?<\/strong><br \/>\n<strong>&#8211;<\/strong> Muy bien amigo, me tratan muy bien, vivo aqu\u00ed con mi hija Jovita y otros familiares, ellos me cuidan muy bien y no me puedo quejar.<br \/>\n<strong>&#8211; \u00bfC\u00f3mo fue su infancia don Leonidas?<\/strong><br \/>\n<strong>&#8211;<\/strong> Cuando yo era chico mi pap\u00e1 me ped\u00eda que creciera, para que le ayudara con su carreta de acarreo de escombros y ripio, entonces yo quer\u00eda crecer y as\u00ed lo hice, pronto estuve grande para ayudar a pap\u00e1.<br \/>\n<strong>&#8211; \u00bfA qu\u00e9 se dedic\u00f3 entonces en sus a\u00f1os de juventud?<\/strong><br \/>\n<strong>&#8211;<\/strong> Despu\u00e9s de algunos a\u00f1os me dediqu\u00e9 a sembrar papas, frijoles y de todo, as\u00ed pas\u00f3 mi vida, cultivando y criando a mis hijos.<br \/>\n<strong>&#8211; \u00bfJugaba usted f\u00fatbol en las canchas del valle?<\/strong><br \/>\n<strong>&#8211;<\/strong> No, para nada. Nunca me gustaron las pichangas, lo que s\u00ed me encantaba era salir a bailar con amigas, luego me cas\u00e9 con Raquel Segura, la madre de mis hijos, con ella compart\u00ed mi vida hasta que en 2001 ella falleci\u00f3.<br \/>\n<strong>&#8211; \u00bfSiente usted que la vida ha sido buena con su persona?<\/strong><br \/>\n<strong>&#8211;<\/strong> La vida ha sido muy buena conmigo, me dio a mis hijos, buena salud para morir tranquilo, s\u00f3lo me falta conquistar a una sanfelipe\u00f1a, pero a\u00fan la sigo esperando.<br \/>\nDiario El Trabajo tambi\u00e9n habl\u00f3 con do\u00f1a Jovita, una de las hijas de \u2018Don Leo\u2019, \u00abmi pap\u00e1 es muy sano a su edad y no tiene diabetes, hipertensi\u00f3n ni las enfermedades propias de su edad, come de todo y hasta hace pocos a\u00f1os dej\u00f3 la agricultura, \u00e9l nos alegra la vida a veces con sus chistes y bromas, aunque tambi\u00e9n a veces se deprime un poco\u00bb, dijo Jovita.<br \/>\nDon Leonidas nos cuenta que \u00e9l nunca viaj\u00f3 lejos, siempre quiso vivir en San Felipe y a la fecha s\u00f3lo espera poder conquistar a una dama sanfelipe\u00f1a, \u00bfy por qu\u00e9 no?<br \/>\n<strong>Roberto Gonz\u00e1lez Short<\/strong><br \/>\n<strong>rgonzalez@eltrabajo.cl<\/strong><\/p>\n<div class=\"tiled-gallery type-rectangular tiled-gallery-unresized\" data-original-width=\"640\" data-carousel-extra='null' itemscope itemtype=\"http:\/\/schema.org\/ImageGallery\" > <div class=\"gallery-row\" style=\"width: 640px; height: 283px;\" data-original-width=\"640\" data-original-height=\"283\" > <div class=\"gallery-group images-1\" style=\"width: 428px; height: 283px;\" data-original-width=\"428\" data-original-height=\"283\" > <div class=\"tiled-gallery-item tiled-gallery-item-large\" itemprop=\"associatedMedia\" itemscope itemtype=\"http:\/\/schema.org\/ImageObject\"> <a href=\"https:\/\/eltrabajo.cl\/portal\/agricultor-de-103-anos-comparte-su-vida-con-diario-el-trabajo-para-morir-tranquilo-solo-me-falta-conquistar-a-una-sanfelipena\/cedula1\/\" border=\"0\" itemprop=\"url\"> <meta itemprop=\"width\" content=\"424\"> <meta itemprop=\"height\" content=\"279\"> <img decoding=\"async\" class=\"\" data-attachment-id=\"61775\" data-orig-file=\"https:\/\/eltrabajo.cl\/portal\/wp-content\/uploads\/2015\/09\/Cedula1.jpg\" data-orig-size=\"530,348\" data-comments-opened=\"1\" data-image-meta=\"{&quot;aperture&quot;:&quot;0&quot;,&quot;credit&quot;:&quot;&quot;,&quot;camera&quot;:&quot;&quot;,&quot;caption&quot;:&quot;&quot;,&quot;created_timestamp&quot;:&quot;0&quot;,&quot;copyright&quot;:&quot;&quot;,&quot;focal_length&quot;:&quot;0&quot;,&quot;iso&quot;:&quot;0&quot;,&quot;shutter_speed&quot;:&quot;0&quot;,&quot;title&quot;:&quot;&quot;,&quot;orientation&quot;:&quot;0&quot;}\" data-image-title=\"Cedula1\" data-image-description=\"&lt;p&gt;RUT CENTENARIO.- Este documento certifica la edad y fecha de nacimiento de este sanfelipe\u00f1o.&lt;\/p&gt; \" data-medium-file=\"https:\/\/i0.wp.com\/eltrabajo.cl\/portal\/wp-content\/uploads\/2015\/09\/Cedula1.jpg?fit=300%2C197&#038;ssl=1\" data-large-file=\"https:\/\/i0.wp.com\/eltrabajo.cl\/portal\/wp-content\/uploads\/2015\/09\/Cedula1.jpg?fit=530%2C348&#038;ssl=1\" src=\"https:\/\/i0.wp.com\/eltrabajo.cl\/portal\/wp-content\/uploads\/2015\/09\/Cedula1.jpg?w=424&#038;h=279&#038;ssl=1\" srcset=\"https:\/\/i0.wp.com\/eltrabajo.cl\/portal\/wp-content\/uploads\/2015\/09\/Cedula1.jpg?w=530&amp;ssl=1 530w, https:\/\/i0.wp.com\/eltrabajo.cl\/portal\/wp-content\/uploads\/2015\/09\/Cedula1.jpg?resize=200%2C131&amp;ssl=1 200w, https:\/\/i0.wp.com\/eltrabajo.cl\/portal\/wp-content\/uploads\/2015\/09\/Cedula1.jpg?resize=300%2C197&amp;ssl=1 300w, https:\/\/i0.wp.com\/eltrabajo.cl\/portal\/wp-content\/uploads\/2015\/09\/Cedula1.jpg?resize=228%2C150&amp;ssl=1 228w, https:\/\/i0.wp.com\/eltrabajo.cl\/portal\/wp-content\/uploads\/2015\/09\/Cedula1.jpg?resize=400%2C263&amp;ssl=1 400w\" width=\"424\" height=\"279\" loading=\"lazy\" data-original-width=\"424\" data-original-height=\"279\" itemprop=\"http:\/\/schema.org\/image\" title=\"Cedula1\" alt=\"RUT CENTENARIO.- Este documento certifica la edad y fecha de nacimiento de este sanfelipe\u00f1o.\" style=\"width: 424px; height: 279px;\" \/> <\/a> <div class=\"tiled-gallery-caption\" itemprop=\"caption description\"> RUT CENTENARIO.- Este documento certifica la edad y fecha de nacimiento de este sanfelipe\u00f1o. <\/div> <\/div> <\/div> <!-- close group --> <div class=\"gallery-group images-2\" style=\"width: 212px; height: 283px;\" data-original-width=\"212\" data-original-height=\"283\" > <div class=\"tiled-gallery-item tiled-gallery-item-small\" itemprop=\"associatedMedia\" itemscope itemtype=\"http:\/\/schema.org\/ImageObject\"> <a href=\"https:\/\/eltrabajo.cl\/portal\/agricultor-de-103-anos-comparte-su-vida-con-diario-el-trabajo-para-morir-tranquilo-solo-me-falta-conquistar-a-una-sanfelipena\/juventud2\/\" border=\"0\" itemprop=\"url\"> <meta itemprop=\"width\" content=\"208\"> <meta itemprop=\"height\" content=\"138\"> <img decoding=\"async\" class=\"\" data-attachment-id=\"61778\" data-orig-file=\"https:\/\/eltrabajo.cl\/portal\/wp-content\/uploads\/2015\/09\/Juventud2.jpg\" data-orig-size=\"530,350\" data-comments-opened=\"1\" data-image-meta=\"{&quot;aperture&quot;:&quot;0&quot;,&quot;credit&quot;:&quot;&quot;,&quot;camera&quot;:&quot;&quot;,&quot;caption&quot;:&quot;&quot;,&quot;created_timestamp&quot;:&quot;0&quot;,&quot;copyright&quot;:&quot;&quot;,&quot;focal_length&quot;:&quot;0&quot;,&quot;iso&quot;:&quot;0&quot;,&quot;shutter_speed&quot;:&quot;0&quot;,&quot;title&quot;:&quot;&quot;,&quot;orientation&quot;:&quot;0&quot;}\" data-image-title=\"Juventud2\" data-image-description=\"&lt;p&gt;A\u00d1OS LEJANOS.- As\u00ed luc\u00eda don Leonidas y su bella esposa do\u00f1a Raquel Segura cuando se casaron.&lt;\/p&gt; \" data-medium-file=\"https:\/\/i0.wp.com\/eltrabajo.cl\/portal\/wp-content\/uploads\/2015\/09\/Juventud2.jpg?fit=300%2C198&#038;ssl=1\" data-large-file=\"https:\/\/i0.wp.com\/eltrabajo.cl\/portal\/wp-content\/uploads\/2015\/09\/Juventud2.jpg?fit=530%2C350&#038;ssl=1\" src=\"https:\/\/i0.wp.com\/eltrabajo.cl\/portal\/wp-content\/uploads\/2015\/09\/Juventud2.jpg?w=208&#038;h=138&#038;ssl=1\" srcset=\"https:\/\/i0.wp.com\/eltrabajo.cl\/portal\/wp-content\/uploads\/2015\/09\/Juventud2.jpg?w=530&amp;ssl=1 530w, https:\/\/i0.wp.com\/eltrabajo.cl\/portal\/wp-content\/uploads\/2015\/09\/Juventud2.jpg?resize=200%2C132&amp;ssl=1 200w, https:\/\/i0.wp.com\/eltrabajo.cl\/portal\/wp-content\/uploads\/2015\/09\/Juventud2.jpg?resize=300%2C198&amp;ssl=1 300w, https:\/\/i0.wp.com\/eltrabajo.cl\/portal\/wp-content\/uploads\/2015\/09\/Juventud2.jpg?resize=227%2C150&amp;ssl=1 227w, https:\/\/i0.wp.com\/eltrabajo.cl\/portal\/wp-content\/uploads\/2015\/09\/Juventud2.jpg?resize=400%2C264&amp;ssl=1 400w\" width=\"208\" height=\"138\" loading=\"lazy\" data-original-width=\"208\" data-original-height=\"138\" itemprop=\"http:\/\/schema.org\/image\" title=\"Juventud2\" alt=\"A\u00d1OS LEJANOS.- As\u00ed luc\u00eda don Leonidas y su bella esposa do\u00f1a Raquel Segura cuando se casaron.\" style=\"width: 208px; height: 138px;\" \/> <\/a> <div class=\"tiled-gallery-caption\" itemprop=\"caption description\"> A\u00d1OS LEJANOS.- As\u00ed luc\u00eda don Leonidas y su bella esposa do\u00f1a Raquel Segura cuando se casaron. <\/div> <\/div> <div class=\"tiled-gallery-item tiled-gallery-item-small\" itemprop=\"associatedMedia\" itemscope itemtype=\"http:\/\/schema.org\/ImageObject\"> <a href=\"https:\/\/eltrabajo.cl\/portal\/agricultor-de-103-anos-comparte-su-vida-con-diario-el-trabajo-para-morir-tranquilo-solo-me-falta-conquistar-a-una-sanfelipena\/familiar1-11\/\" border=\"0\" itemprop=\"url\"> <meta itemprop=\"width\" content=\"208\"> <meta itemprop=\"height\" content=\"137\"> <img decoding=\"async\" class=\"\" data-attachment-id=\"61776\" data-orig-file=\"https:\/\/eltrabajo.cl\/portal\/wp-content\/uploads\/2015\/09\/Familiar1.jpg\" data-orig-size=\"530,350\" data-comments-opened=\"1\" data-image-meta=\"{&quot;aperture&quot;:&quot;0&quot;,&quot;credit&quot;:&quot;&quot;,&quot;camera&quot;:&quot;&quot;,&quot;caption&quot;:&quot;&quot;,&quot;created_timestamp&quot;:&quot;0&quot;,&quot;copyright&quot;:&quot;&quot;,&quot;focal_length&quot;:&quot;0&quot;,&quot;iso&quot;:&quot;0&quot;,&quot;shutter_speed&quot;:&quot;0&quot;,&quot;title&quot;:&quot;&quot;,&quot;orientation&quot;:&quot;0&quot;}\" data-image-title=\"Familiar1\" data-image-description=\"&lt;p&gt;SU FAMILIA.- Ellos son parte de los familiares que cuidan de don Leonidas Herrera de 103 a\u00f1os.&lt;\/p&gt; \" data-medium-file=\"https:\/\/i0.wp.com\/eltrabajo.cl\/portal\/wp-content\/uploads\/2015\/09\/Familiar1.jpg?fit=300%2C198&#038;ssl=1\" data-large-file=\"https:\/\/i0.wp.com\/eltrabajo.cl\/portal\/wp-content\/uploads\/2015\/09\/Familiar1.jpg?fit=530%2C350&#038;ssl=1\" src=\"https:\/\/i0.wp.com\/eltrabajo.cl\/portal\/wp-content\/uploads\/2015\/09\/Familiar1.jpg?w=208&#038;h=137&#038;ssl=1\" srcset=\"https:\/\/i0.wp.com\/eltrabajo.cl\/portal\/wp-content\/uploads\/2015\/09\/Familiar1.jpg?w=530&amp;ssl=1 530w, https:\/\/i0.wp.com\/eltrabajo.cl\/portal\/wp-content\/uploads\/2015\/09\/Familiar1.jpg?resize=200%2C132&amp;ssl=1 200w, https:\/\/i0.wp.com\/eltrabajo.cl\/portal\/wp-content\/uploads\/2015\/09\/Familiar1.jpg?resize=300%2C198&amp;ssl=1 300w, https:\/\/i0.wp.com\/eltrabajo.cl\/portal\/wp-content\/uploads\/2015\/09\/Familiar1.jpg?resize=227%2C150&amp;ssl=1 227w, https:\/\/i0.wp.com\/eltrabajo.cl\/portal\/wp-content\/uploads\/2015\/09\/Familiar1.jpg?resize=400%2C264&amp;ssl=1 400w\" width=\"208\" height=\"137\" loading=\"lazy\" data-original-width=\"208\" data-original-height=\"137\" itemprop=\"http:\/\/schema.org\/image\" title=\"Familiar1\" alt=\"SU FAMILIA.- Ellos son parte de los familiares que cuidan de don Leonidas Herrera de 103 a\u00f1os.\" style=\"width: 208px; height: 137px;\" \/> <\/a> <div class=\"tiled-gallery-caption\" itemprop=\"caption description\"> SU FAMILIA.- Ellos son parte de los familiares que cuidan de don Leonidas Herrera de 103 a\u00f1os. <\/div> <\/div> <\/div> <!-- close group --> <\/div> <!-- close row --> <div class=\"gallery-row\" style=\"width: 640px; height: 424px;\" data-original-width=\"640\" data-original-height=\"424\" > <div class=\"gallery-group images-1\" style=\"width: 640px; height: 424px;\" data-original-width=\"640\" data-original-height=\"424\" > <div class=\"tiled-gallery-item tiled-gallery-item-large\" itemprop=\"associatedMedia\" itemscope itemtype=\"http:\/\/schema.org\/ImageObject\"> <a href=\"https:\/\/eltrabajo.cl\/portal\/agricultor-de-103-anos-comparte-su-vida-con-diario-el-trabajo-para-morir-tranquilo-solo-me-falta-conquistar-a-una-sanfelipena\/jovita1\/\" border=\"0\" itemprop=\"url\"> <meta itemprop=\"width\" content=\"636\"> <meta itemprop=\"height\" content=\"420\"> <img decoding=\"async\" class=\"\" data-attachment-id=\"61777\" data-orig-file=\"https:\/\/eltrabajo.cl\/portal\/wp-content\/uploads\/2015\/09\/Jovita1.jpg\" data-orig-size=\"530,350\" data-comments-opened=\"1\" data-image-meta=\"{&quot;aperture&quot;:&quot;0&quot;,&quot;credit&quot;:&quot;&quot;,&quot;camera&quot;:&quot;&quot;,&quot;caption&quot;:&quot;&quot;,&quot;created_timestamp&quot;:&quot;0&quot;,&quot;copyright&quot;:&quot;&quot;,&quot;focal_length&quot;:&quot;0&quot;,&quot;iso&quot;:&quot;0&quot;,&quot;shutter_speed&quot;:&quot;0&quot;,&quot;title&quot;:&quot;&quot;,&quot;orientation&quot;:&quot;0&quot;}\" data-image-title=\"Jovita1\" data-image-description=\"&lt;p&gt;Jovita Herrera Segura, hija que atiende religiosamente a su pap\u00e1.&lt;\/p&gt; \" data-medium-file=\"https:\/\/i0.wp.com\/eltrabajo.cl\/portal\/wp-content\/uploads\/2015\/09\/Jovita1.jpg?fit=300%2C198&#038;ssl=1\" data-large-file=\"https:\/\/i0.wp.com\/eltrabajo.cl\/portal\/wp-content\/uploads\/2015\/09\/Jovita1.jpg?fit=530%2C350&#038;ssl=1\" src=\"https:\/\/i0.wp.com\/eltrabajo.cl\/portal\/wp-content\/uploads\/2015\/09\/Jovita1.jpg?w=636&#038;h=420&#038;ssl=1\" srcset=\"https:\/\/i0.wp.com\/eltrabajo.cl\/portal\/wp-content\/uploads\/2015\/09\/Jovita1.jpg?w=530&amp;ssl=1 530w, https:\/\/i0.wp.com\/eltrabajo.cl\/portal\/wp-content\/uploads\/2015\/09\/Jovita1.jpg?resize=200%2C132&amp;ssl=1 200w, https:\/\/i0.wp.com\/eltrabajo.cl\/portal\/wp-content\/uploads\/2015\/09\/Jovita1.jpg?resize=300%2C198&amp;ssl=1 300w, https:\/\/i0.wp.com\/eltrabajo.cl\/portal\/wp-content\/uploads\/2015\/09\/Jovita1.jpg?resize=227%2C150&amp;ssl=1 227w, https:\/\/i0.wp.com\/eltrabajo.cl\/portal\/wp-content\/uploads\/2015\/09\/Jovita1.jpg?resize=400%2C264&amp;ssl=1 400w\" width=\"636\" height=\"420\" loading=\"lazy\" data-original-width=\"636\" data-original-height=\"420\" itemprop=\"http:\/\/schema.org\/image\" title=\"Jovita1\" alt=\"Jovita Herrera Segura, hija que atiende religiosamente a su pap\u00e1.\" style=\"width: 636px; height: 420px;\" \/> <\/a> <div class=\"tiled-gallery-caption\" itemprop=\"caption description\"> Jovita Herrera Segura, hija que atiende religiosamente a su pap\u00e1. <\/div> <\/div> <\/div> <!-- close group --> <\/div> <!-- close row --> <\/div>\n","protected":false},"excerpt":{"rendered":"<p>Por en fin Diario El Trabajo dimos con el sanfelipe\u00f1os que quiz\u00e1 sea quien tiene m\u00e1s edad de estar con nosotros, recordemos que en el pasado a los ni\u00f1os se les presentaba&#8230;<\/p>\n","protected":false},"author":482,"featured_media":61774,"comment_status":"open","ping_status":"open","sticky":false,"template":"","format":"standard","meta":{"advanced_seo_description":"","jetpack_seo_html_title":"","jetpack_seo_noindex":false,"_jetpack_memberships_contains_paid_content":false,"footnotes":""},"categories":[15],"tags":[],"class_list":["post-61773","post","type-post","status-publish","format-standard","has-post-thumbnail","hentry","category-comunidad"],"jetpack_featured_media_url":"https:\/\/i0.wp.com\/eltrabajo.cl\/portal\/wp-content\/uploads\/2015\/09\/Centenario1.jpg?fit=530%2C350&ssl=1","jetpack_sharing_enabled":true,"jetpack_likes_enabled":true,"jetpack-related-posts":[],"_links":{"self":[{"href":"https:\/\/eltrabajo.cl\/portal\/wp-json\/wp\/v2\/posts\/61773","targetHints":{"allow":["GET"]}}],"collection":[{"href":"https:\/\/eltrabajo.cl\/portal\/wp-json\/wp\/v2\/posts"}],"about":[{"href":"https:\/\/eltrabajo.cl\/portal\/wp-json\/wp\/v2\/types\/post"}],"author":[{"embeddable":true,"href":"https:\/\/eltrabajo.cl\/portal\/wp-json\/wp\/v2\/users\/482"}],"replies":[{"embeddable":true,"href":"https:\/\/eltrabajo.cl\/portal\/wp-json\/wp\/v2\/comments?post=61773"}],"version-history":[{"count":0,"href":"https:\/\/eltrabajo.cl\/portal\/wp-json\/wp\/v2\/posts\/61773\/revisions"}],"wp:featuredmedia":[{"embeddable":true,"href":"https:\/\/eltrabajo.cl\/portal\/wp-json\/wp\/v2\/media\/61774"}],"wp:attachment":[{"href":"https:\/\/eltrabajo.cl\/portal\/wp-json\/wp\/v2\/media?parent=61773"}],"wp:term":[{"taxonomy":"category","embeddable":true,"href":"https:\/\/eltrabajo.cl\/portal\/wp-json\/wp\/v2\/categories?post=61773"},{"taxonomy":"post_tag","embeddable":true,"href":"https:\/\/eltrabajo.cl\/portal\/wp-json\/wp\/v2\/tags?post=61773"}],"curies":[{"name":"wp","href":"https:\/\/api.w.org\/{rel}","templated":true}]}}