{"id":61780,"date":"2015-09-08T09:46:41","date_gmt":"2015-09-08T12:46:41","guid":{"rendered":"http:\/\/www.eltrabajo.cl\/portal\/?p=61780"},"modified":"2015-09-08T09:46:41","modified_gmt":"2015-09-08T12:46:41","slug":"durante-tres-dias-celebraran-fiesta-de-la-chilenidad-en-el-almendral","status":"publish","type":"post","link":"https:\/\/eltrabajo.cl\/portal\/durante-tres-dias-celebraran-fiesta-de-la-chilenidad-en-el-almendral\/","title":{"rendered":"Durante tres d\u00edas celebrar\u00e1n Fiesta de la Chilenidad en El Almendral"},"content":{"rendered":"<figure id=\"attachment_61781\" aria-describedby=\"caption-attachment-61781\" style=\"width: 300px\" class=\"wp-caption alignleft\"><a href=\"https:\/\/i0.wp.com\/www.eltrabajo.cl\/portal\/wp-content\/uploads\/2015\/09\/Fiesta-de-la-Chilenidad.jpg\"><img data-recalc-dims=\"1\" loading=\"lazy\" decoding=\"async\" class=\"wp-image-61781 size-medium\" src=\"https:\/\/i0.wp.com\/www.eltrabajo.cl\/portal\/wp-content\/uploads\/2015\/09\/Fiesta-de-la-Chilenidad-300x199.jpg?resize=300%2C199\" alt=\"Durante el d\u00eda s\u00e1bado, en la inauguraci\u00f3n de los stands, se realizar\u00e1 un esquinazo con la actuaci\u00f3n de Los Cuequeros.\" width=\"300\" height=\"199\" srcset=\"https:\/\/i0.wp.com\/eltrabajo.cl\/portal\/wp-content\/uploads\/2015\/09\/Fiesta-de-la-Chilenidad.jpg?resize=300%2C199&amp;ssl=1 300w, https:\/\/i0.wp.com\/eltrabajo.cl\/portal\/wp-content\/uploads\/2015\/09\/Fiesta-de-la-Chilenidad.jpg?resize=200%2C133&amp;ssl=1 200w, https:\/\/i0.wp.com\/eltrabajo.cl\/portal\/wp-content\/uploads\/2015\/09\/Fiesta-de-la-Chilenidad.jpg?resize=226%2C150&amp;ssl=1 226w, https:\/\/i0.wp.com\/eltrabajo.cl\/portal\/wp-content\/uploads\/2015\/09\/Fiesta-de-la-Chilenidad.jpg?resize=400%2C265&amp;ssl=1 400w, https:\/\/i0.wp.com\/eltrabajo.cl\/portal\/wp-content\/uploads\/2015\/09\/Fiesta-de-la-Chilenidad.jpg?w=528&amp;ssl=1 528w\" sizes=\"auto, (max-width: 300px) 100vw, 300px\" \/><\/a><figcaption id=\"caption-attachment-61781\" class=\"wp-caption-text\">Durante el d\u00eda s\u00e1bado, en la inauguraci\u00f3n de los stands, se realizar\u00e1 un esquinazo con la actuaci\u00f3n de Los Cuequeros.<\/figcaption><\/figure>\n<p>Por segundo a\u00f1o consecutivo la Municipalidad de San Felipe realizar\u00e1 la Fiesta de la Chilenidad, \u2018Viva Chile, Viva mi tierra, San Felipe 2015\u2019, en el sector de El Almendral y que contar\u00e1 a destacados artistas a nivel local y nacional.<br \/>\nLa actividad comienza el viernes 11 de septiembre, alrededor de las 17 horas, con la presentaci\u00f3n de Ariel el Argentino, para dar paso a la actuaci\u00f3n de Wilfredo Gonz\u00e1lez, el doble de Leo Rey, para cerrar con la sonora de Tomy Rey.<br \/>\nLa fiesta contin\u00faa el s\u00e1bado 12 de septiembre con la apertura de los stands desde las 11 horas, a medio d\u00eda se realizar\u00e1 el esquinazo de inauguraci\u00f3n de la actividad con la actuaci\u00f3n de Los Cuequeros y por la tarde los asistentes podr\u00e1n disfrutar de los juegos t\u00edpicos, mientras en el escenario se preparar\u00e1 la presentaci\u00f3n de los Wairas andinos, para luego disfrutar de la m\u00fasica de nuestra tierra con Los Cuequeros de Putaendo, la presentaci\u00f3n del Ballet Municipal y cerrar\u00e1 la jornada con la actuaci\u00f3n de Las Primas pasadas las 20 horas.<br \/>\nLa fiesta contin\u00faa el domingo con la misa a la chilena a cargo de Los Roblerinos, a las 17 horas se presentar\u00e1 la agrupaci\u00f3n musical sanfelipe\u00f1a \u2018Asiris\u2019 y luego los asistentes podr\u00e1n disfrutar de la m\u00fasica de Los Trukeros para clausurar la Fiesta de la Chilenidad con Inti Illimani.<br \/>\n\u201cLa invitaci\u00f3n es a todos los vecinos del Valle de Aconcagua a participar y disfrutar de nuestra Fiesta de la Chilenidad, que por segundo a\u00f1o realizaremos en el sector de Almendral y que este 2015 tendr\u00e1 una duraci\u00f3n de tres d\u00edas, 11, 12 y 13 de septiembre, donde se presentar\u00e1n importantes grupos art\u00edsticos tanto locales, como nacionales. Comenzamos a celebrar nuestras fiestas patrias este fin de semana con la sonora de Tomy Rey el d\u00eda 11 y cerraremos el domingo con Inti Illimani\u201d, dijo el Alcalde Patricio Freire.<br \/>\nDurante las tres jornadas de celebraci\u00f3n de esta fiesta sanfelipe\u00f1a los asistentes podr\u00e1n degustar los m\u00e1s exquisitos sabores de nuestras vi\u00f1as, apreciar la artesan\u00eda y disfrutar de los m\u00e1s variados productos tanto de San Felipe como de todo el valle de Aconcagua.<br \/>\nDesde el jueves en tanto se realizar\u00e1 el corte de calles en el sector para comenzar a instalar los stands de productos t\u00edpicos, por lo que el encargado de Cultura del municipio, Ricardo Ruiz, pidi\u00f3 comprensi\u00f3n a la comunidad.<br \/>\n\u201cLes pedimos comprensi\u00f3n y tambi\u00e9n les pedimos que valoren esta instancia que es muy importante, donde ponemos a El Almendral como epicentro de las celebraciones de septiembre. Va a estar cerrado desde el d\u00eda jueves en la tarde la calle Almendral, frente a la Iglesia y al convento y el d\u00eda viernes va a estar cerrada la calle Belisario Montenegro que es donde se instala la feria, desde la intersecci\u00f3n de calle Almendral hasta la escuela\u201d, inform\u00f3 Ruiz.<br \/>\nAnte esta situaci\u00f3n el llamado es a los vecinos que se deban trasladar hasta la comuna de Santa Mar\u00eda prefieran v\u00edas alternativas.<\/p>\n","protected":false},"excerpt":{"rendered":"<p>Por segundo a\u00f1o consecutivo la Municipalidad de San Felipe realizar\u00e1 la Fiesta de la Chilenidad, \u2018Viva Chile, Viva mi tierra, San Felipe 2015\u2019, en el sector de El Almendral y que contar\u00e1&#8230;<\/p>\n","protected":false},"author":482,"featured_media":61781,"comment_status":"open","ping_status":"open","sticky":false,"template":"","format":"standard","meta":{"advanced_seo_description":"","jetpack_seo_html_title":"","jetpack_seo_noindex":false,"_jetpack_memberships_contains_paid_content":false,"footnotes":""},"categories":[1],"tags":[],"class_list":["post-61780","post","type-post","status-publish","format-standard","has-post-thumbnail","hentry","category-cronica"],"jetpack_featured_media_url":"https:\/\/i0.wp.com\/eltrabajo.cl\/portal\/wp-content\/uploads\/2015\/09\/Fiesta-de-la-Chilenidad.jpg?fit=528%2C350&ssl=1","jetpack_sharing_enabled":true,"jetpack_likes_enabled":true,"jetpack-related-posts":[],"_links":{"self":[{"href":"https:\/\/eltrabajo.cl\/portal\/wp-json\/wp\/v2\/posts\/61780","targetHints":{"allow":["GET"]}}],"collection":[{"href":"https:\/\/eltrabajo.cl\/portal\/wp-json\/wp\/v2\/posts"}],"about":[{"href":"https:\/\/eltrabajo.cl\/portal\/wp-json\/wp\/v2\/types\/post"}],"author":[{"embeddable":true,"href":"https:\/\/eltrabajo.cl\/portal\/wp-json\/wp\/v2\/users\/482"}],"replies":[{"embeddable":true,"href":"https:\/\/eltrabajo.cl\/portal\/wp-json\/wp\/v2\/comments?post=61780"}],"version-history":[{"count":0,"href":"https:\/\/eltrabajo.cl\/portal\/wp-json\/wp\/v2\/posts\/61780\/revisions"}],"wp:featuredmedia":[{"embeddable":true,"href":"https:\/\/eltrabajo.cl\/portal\/wp-json\/wp\/v2\/media\/61781"}],"wp:attachment":[{"href":"https:\/\/eltrabajo.cl\/portal\/wp-json\/wp\/v2\/media?parent=61780"}],"wp:term":[{"taxonomy":"category","embeddable":true,"href":"https:\/\/eltrabajo.cl\/portal\/wp-json\/wp\/v2\/categories?post=61780"},{"taxonomy":"post_tag","embeddable":true,"href":"https:\/\/eltrabajo.cl\/portal\/wp-json\/wp\/v2\/tags?post=61780"}],"curies":[{"name":"wp","href":"https:\/\/api.w.org\/{rel}","templated":true}]}}