{"id":61783,"date":"2015-09-08T09:48:59","date_gmt":"2015-09-08T12:48:59","guid":{"rendered":"http:\/\/www.eltrabajo.cl\/portal\/?p=61783"},"modified":"2015-09-08T09:48:59","modified_gmt":"2015-09-08T12:48:59","slug":"a-piedrazos-atentan-contra-iglesia-la-merced-destruyendo-imagen-religiosa","status":"publish","type":"post","link":"https:\/\/eltrabajo.cl\/portal\/a-piedrazos-atentan-contra-iglesia-la-merced-destruyendo-imagen-religiosa\/","title":{"rendered":"A piedrazos atentan contra Iglesia La Merced destruyendo imagen religiosa"},"content":{"rendered":"<figure id=\"attachment_61784\" aria-describedby=\"caption-attachment-61784\" style=\"width: 300px\" class=\"wp-caption alignleft\"><a href=\"https:\/\/i0.wp.com\/www.eltrabajo.cl\/portal\/wp-content\/uploads\/2015\/09\/cristo-02-2-copia.jpg\"><img data-recalc-dims=\"1\" loading=\"lazy\" decoding=\"async\" class=\"wp-image-61784 size-medium\" src=\"https:\/\/i0.wp.com\/www.eltrabajo.cl\/portal\/wp-content\/uploads\/2015\/09\/cristo-02-2-copia-300x198.jpg?resize=300%2C198\" alt=\"La imagen del Cristo Resucitado result\u00f3 con da\u00f1os producto de un piedrazo arrojado por este sujeto en la Iglesia La Merced de San Felipe, la tarde del pasado domingo.\" width=\"300\" height=\"198\" srcset=\"https:\/\/i0.wp.com\/eltrabajo.cl\/portal\/wp-content\/uploads\/2015\/09\/cristo-02-2-copia.jpg?resize=300%2C198&amp;ssl=1 300w, https:\/\/i0.wp.com\/eltrabajo.cl\/portal\/wp-content\/uploads\/2015\/09\/cristo-02-2-copia.jpg?resize=200%2C132&amp;ssl=1 200w, https:\/\/i0.wp.com\/eltrabajo.cl\/portal\/wp-content\/uploads\/2015\/09\/cristo-02-2-copia.jpg?resize=227%2C150&amp;ssl=1 227w, https:\/\/i0.wp.com\/eltrabajo.cl\/portal\/wp-content\/uploads\/2015\/09\/cristo-02-2-copia.jpg?resize=400%2C264&amp;ssl=1 400w, https:\/\/i0.wp.com\/eltrabajo.cl\/portal\/wp-content\/uploads\/2015\/09\/cristo-02-2-copia.jpg?w=530&amp;ssl=1 530w\" sizes=\"auto, (max-width: 300px) 100vw, 300px\" \/><\/a><figcaption id=\"caption-attachment-61784\" class=\"wp-caption-text\">La imagen del Cristo Resucitado result\u00f3 con da\u00f1os producto de un piedrazo arrojado por este sujeto en la Iglesia La Merced de San Felipe, la tarde del pasado domingo.<\/figcaption><\/figure>\n<ul>\n<li><strong>Una venerada imagen de Cristo Resucitado result\u00f3 con da\u00f1os tras recibir un proyectil de un sujeto que, sin provocaci\u00f3n, caus\u00f3 da\u00f1os a la Iglesia La Merced en la comuna de San Felipe.<\/strong><\/li>\n<\/ul>\n<p>Fueron los mismos vecinos de calle V\u00edctor Laf\u00f3n los que denunciaron a Carabineros a un sujeto que arrojaba piedras, incluso una botella, contra los cristales de la Iglesia La Merced, provocando una serie de da\u00f1os, incluyendo una venerada imagen de Cristo Resucitado que se encontraba al interior en el sector de velatorios de esa casa de oraci\u00f3n.<br \/>\nLos hechos ocurrieron a eso de las 15:15 horas del pasado domingo, cuando los residentes de ese sector advirtieron la presencia de un desconocido que, sin mayor provocaci\u00f3n, arroj\u00f3 proyectiles de gran tama\u00f1o hacia la iglesia, destruyendo parte de los cristales de un ventanal que hab\u00eda en el lugar.<br \/>\nTras los antecedentes proporcionados por testigos, personal de Carabineros se traslad\u00f3 hasta el lugar de los hechos, comprobando la presencia del antisocial que fue interceptado para practicarle un control de identidad. Asimismo, los efectivos policiales realizaron una revisi\u00f3n a las dependencias, comprobando la destrucci\u00f3n de un ventanal y de la imagen religiosa, avaluados en la suma de $108.000.<\/p>\n<figure id=\"attachment_61785\" aria-describedby=\"caption-attachment-61785\" style=\"width: 300px\" class=\"wp-caption alignright\"><a href=\"https:\/\/i0.wp.com\/www.eltrabajo.cl\/portal\/wp-content\/uploads\/2015\/09\/Imputado-Da%C3%B1os.jpg\"><img data-recalc-dims=\"1\" loading=\"lazy\" decoding=\"async\" class=\"wp-image-61785 size-medium\" src=\"https:\/\/i0.wp.com\/www.eltrabajo.cl\/portal\/wp-content\/uploads\/2015\/09\/Imputado-Da%C3%B1os-300x197.jpg?resize=300%2C197\" alt=\"El imputado fue detenido por Carabineros por el delito de da\u00f1os quedando a disposici\u00f3n de la Fiscal\u00eda para ser requerido en una pr\u00f3xima fecha de audiencia para resolver el caso.\" width=\"300\" height=\"197\" srcset=\"https:\/\/i0.wp.com\/eltrabajo.cl\/portal\/wp-content\/uploads\/2015\/09\/Imputado-Da%C3%B1os.jpg?resize=300%2C197&amp;ssl=1 300w, https:\/\/i0.wp.com\/eltrabajo.cl\/portal\/wp-content\/uploads\/2015\/09\/Imputado-Da%C3%B1os.jpg?resize=200%2C131&amp;ssl=1 200w, https:\/\/i0.wp.com\/eltrabajo.cl\/portal\/wp-content\/uploads\/2015\/09\/Imputado-Da%C3%B1os.jpg?resize=228%2C150&amp;ssl=1 228w, https:\/\/i0.wp.com\/eltrabajo.cl\/portal\/wp-content\/uploads\/2015\/09\/Imputado-Da%C3%B1os.jpg?resize=400%2C263&amp;ssl=1 400w, https:\/\/i0.wp.com\/eltrabajo.cl\/portal\/wp-content\/uploads\/2015\/09\/Imputado-Da%C3%B1os.jpg?w=530&amp;ssl=1 530w\" sizes=\"auto, (max-width: 300px) 100vw, 300px\" \/><\/a><figcaption id=\"caption-attachment-61785\" class=\"wp-caption-text\">El imputado fue detenido por Carabineros por el delito de da\u00f1os quedando a disposici\u00f3n de la Fiscal\u00eda para ser requerido en una pr\u00f3xima fecha de audiencia para resolver el caso.<\/figcaption><\/figure>\n<p>Por su parte, la Comisario de Carabineros, Mayor Maureen Espinoza, destac\u00f3 la colaboraci\u00f3n de los vecinos en denunciar este tipo de actos vand\u00e1licos, proporcionando informaci\u00f3n depurada y al instante, logrando as\u00ed la detenci\u00f3n de sujetos que alteran el orden p\u00fablico.<br \/>\n\u201cSin embargo lo preocupante es que j\u00f3venes como \u00e9ste hayan incurrido en provocar da\u00f1os a un lugar de culto y oraci\u00f3n. Esta persona no registra detenciones anteriores y fue puesto a disposici\u00f3n del Ministerio P\u00fablico\u201d, recalc\u00f3 la oficial policial.<br \/>\nEl imputado identificado como Ra\u00fal Andr\u00e9s Calder\u00f3n Veas de 23 a\u00f1os de edad fue derivado la ma\u00f1ana de ayer lunes hasta el Juzgado de Garant\u00eda de San Felipe para ser requerido por la Fiscal\u00eda por el delito de da\u00f1os en una pr\u00f3xima fecha de audiencia fijada para cerrar el caso.<br \/>\n<strong>Pablo Salinas Sald\u00edas<\/strong><\/p>\n","protected":false},"excerpt":{"rendered":"<p>Una venerada imagen de Cristo Resucitado result\u00f3 con da\u00f1os tras recibir un proyectil de un sujeto que, sin provocaci\u00f3n, caus\u00f3 da\u00f1os a la Iglesia La Merced en la comuna de San Felipe&#8230;.<\/p>\n","protected":false},"author":482,"featured_media":61784,"comment_status":"open","ping_status":"open","sticky":false,"template":"","format":"standard","meta":{"advanced_seo_description":"","jetpack_seo_html_title":"","jetpack_seo_noindex":false,"_jetpack_memberships_contains_paid_content":false,"footnotes":""},"categories":[21],"tags":[],"class_list":["post-61783","post","type-post","status-publish","format-standard","has-post-thumbnail","hentry","category-policial"],"jetpack_featured_media_url":"https:\/\/i0.wp.com\/eltrabajo.cl\/portal\/wp-content\/uploads\/2015\/09\/cristo-02-2-copia.jpg?fit=530%2C350&ssl=1","jetpack_sharing_enabled":true,"jetpack_likes_enabled":true,"jetpack-related-posts":[],"_links":{"self":[{"href":"https:\/\/eltrabajo.cl\/portal\/wp-json\/wp\/v2\/posts\/61783","targetHints":{"allow":["GET"]}}],"collection":[{"href":"https:\/\/eltrabajo.cl\/portal\/wp-json\/wp\/v2\/posts"}],"about":[{"href":"https:\/\/eltrabajo.cl\/portal\/wp-json\/wp\/v2\/types\/post"}],"author":[{"embeddable":true,"href":"https:\/\/eltrabajo.cl\/portal\/wp-json\/wp\/v2\/users\/482"}],"replies":[{"embeddable":true,"href":"https:\/\/eltrabajo.cl\/portal\/wp-json\/wp\/v2\/comments?post=61783"}],"version-history":[{"count":0,"href":"https:\/\/eltrabajo.cl\/portal\/wp-json\/wp\/v2\/posts\/61783\/revisions"}],"wp:featuredmedia":[{"embeddable":true,"href":"https:\/\/eltrabajo.cl\/portal\/wp-json\/wp\/v2\/media\/61784"}],"wp:attachment":[{"href":"https:\/\/eltrabajo.cl\/portal\/wp-json\/wp\/v2\/media?parent=61783"}],"wp:term":[{"taxonomy":"category","embeddable":true,"href":"https:\/\/eltrabajo.cl\/portal\/wp-json\/wp\/v2\/categories?post=61783"},{"taxonomy":"post_tag","embeddable":true,"href":"https:\/\/eltrabajo.cl\/portal\/wp-json\/wp\/v2\/tags?post=61783"}],"curies":[{"name":"wp","href":"https:\/\/api.w.org\/{rel}","templated":true}]}}