{"id":61787,"date":"2015-09-08T09:52:19","date_gmt":"2015-09-08T12:52:19","guid":{"rendered":"http:\/\/www.eltrabajo.cl\/portal\/?p=61787"},"modified":"2015-09-08T09:52:19","modified_gmt":"2015-09-08T12:52:19","slug":"formalizan-a-duenos-de-pixels-por-boletas-de-garantia-falsas-en-obras-del-hospital-psiquiatrico","status":"publish","type":"post","link":"https:\/\/eltrabajo.cl\/portal\/formalizan-a-duenos-de-pixels-por-boletas-de-garantia-falsas-en-obras-del-hospital-psiquiatrico\/","title":{"rendered":"Formalizan a due\u00f1os de Pixels por boletas de garant\u00eda falsas en obras del Hospital Psiqui\u00e1trico"},"content":{"rendered":"<figure id=\"attachment_61788\" aria-describedby=\"caption-attachment-61788\" style=\"width: 300px\" class=\"wp-caption alignleft\"><a href=\"https:\/\/i0.wp.com\/www.eltrabajo.cl\/portal\/wp-content\/uploads\/2015\/09\/FORMALIZACION-PIXELS-1.jpg\"><img data-recalc-dims=\"1\" loading=\"lazy\" decoding=\"async\" class=\"wp-image-61788 size-medium\" src=\"https:\/\/i0.wp.com\/www.eltrabajo.cl\/portal\/wp-content\/uploads\/2015\/09\/FORMALIZACION-PIXELS-1-300x198.jpg?resize=300%2C198\" alt=\"V\u00edctor Hurtado Cosmelli, imputado por el delito de falsificaci\u00f3n de instrumento p\u00fablico y uso malicioso de boletas de garant\u00eda falsas.\" width=\"300\" height=\"198\" srcset=\"https:\/\/i0.wp.com\/eltrabajo.cl\/portal\/wp-content\/uploads\/2015\/09\/FORMALIZACION-PIXELS-1.jpg?resize=300%2C198&amp;ssl=1 300w, https:\/\/i0.wp.com\/eltrabajo.cl\/portal\/wp-content\/uploads\/2015\/09\/FORMALIZACION-PIXELS-1.jpg?resize=200%2C132&amp;ssl=1 200w, https:\/\/i0.wp.com\/eltrabajo.cl\/portal\/wp-content\/uploads\/2015\/09\/FORMALIZACION-PIXELS-1.jpg?resize=228%2C150&amp;ssl=1 228w, https:\/\/i0.wp.com\/eltrabajo.cl\/portal\/wp-content\/uploads\/2015\/09\/FORMALIZACION-PIXELS-1.jpg?resize=400%2C263&amp;ssl=1 400w, https:\/\/i0.wp.com\/eltrabajo.cl\/portal\/wp-content\/uploads\/2015\/09\/FORMALIZACION-PIXELS-1.jpg?w=530&amp;ssl=1 530w\" sizes=\"auto, (max-width: 300px) 100vw, 300px\" \/><\/a><figcaption id=\"caption-attachment-61788\" class=\"wp-caption-text\">V\u00edctor Hurtado Cosmelli, imputado por el delito de falsificaci\u00f3n de instrumento p\u00fablico y uso malicioso de boletas de garant\u00eda falsas.<\/figcaption><\/figure>\n<p><strong>PUTAENDO<\/strong>.- Por el delito de falsificaci\u00f3n de instrumento p\u00fablico y uso malicioso de boletas de garant\u00eda falsas, fueron formalizados los propietarios de la empresa Pixels SPA la ma\u00f1ana de este lunes en el Tribunal de Garant\u00eda de San Felipe.<br \/>\nAntes de las 09:00 de la ma\u00f1ana de este viernes, el abogado del Consejo de Defensa del Estado, Michael Wilkendorf Simpfendorfer, el abogado que representa al Servicio de Salud Aconcagua, y el Fiscal Regional de la Unidad Anticorrupci\u00f3n, Jos\u00e9 Antonio Erias, aguardaban en el segundo piso del Tribunal de San Felipe, hasta donde lleg\u00f3 tambi\u00e9n la Directora del Servicio de Salud Aconcagua, Dra. Vilma Olave, adem\u00e1s de directivos y dirigentes gremiales del Hospital Psiqui\u00e1trico de Putaendo.<br \/>\nMinutos m\u00e1s tarde llegaron al tribunal los abogados de los propietarios de la empresa Pixels y los propios imputados que ingresaron raudos a la audiencia, no sin antes ser duramente encarados por la Presidenta de la Agrupaci\u00f3n Luz Crepuscular, Cecilia Villalobos, que a viva voz los trat\u00f3 de \u201csinverg\u00fcenzas y aprovechadores\u201d.<br \/>\nEn la audiencia que dur\u00f3 poco m\u00e1s de diez minutos, el Fiscal Regional Anticorrupci\u00f3n narr\u00f3 una detallada exhibici\u00f3n de los hechos ya conocidos, y que dan cuenta de la presentaci\u00f3n de boletas bancarias de garant\u00eda falsas presentadas por Pixels al adjudicarse las obras de normalizaci\u00f3n del Hospital Psiqui\u00e1trico Dr. Philippe Pinel de Putaendo.<br \/>\nEl persecutor asegur\u00f3 que cuando el Servicio de Salud Aconcagua puso fin al contrato con Pixels por varios incumplimientos de la citada empresa, y tal como lo establece el contrato, procedi\u00f3 a hacer efectivo el cobro de las boletas bancarias de garant\u00eda, comprobando que todas eran total y absolutamente falsas, generando un da\u00f1o econ\u00f3mico superior a los $2.500 millones de pesos en perjuicio del Servicio de Salud Aconcagua y el Estado de Chile, por lo que los propietarios de P\u00edxels, Mat\u00edas G\u00f3mez Cousi\u00f1o y V\u00edctor Hurtado Cosmelli, tienen responsabilidad como autores en grado de consumado del delito de uso y falsificaci\u00f3n de instrumento p\u00fablico y uso malicioso de boletas bancarias de garant\u00eda falsas.<br \/>\nEl Fiscal Regional solicit\u00f3 las medidas cautelarles para ambos imputados, como firma mensual ante Carabineros y arraigo nacional, lo que fue concedido por el tribunal, que adem\u00e1s fij\u00f3 un plazo de investigaci\u00f3n de 8 meses.<\/p>\n<p><strong>EMPRESA PIXELS ALEGA INOCENCIA<\/strong><br \/>\nAl t\u00e9rmino de la audiencia, el abogado representante de Pixels, sostuvo escuetamente que sus defendidos son tan v\u00edctimas como el Servicio de Salud Aconcagua, expresando que fueron enga\u00f1ados por un tercero que falsific\u00f3 las boletas por las cuales sus clientes pagaron los montos de manera efectiva, lo que demostrar\u00e1n en la investigaci\u00f3n. Adem\u00e1s el abogado declar\u00f3 que sus defendidos debieron colocar 1.400 millones de pesos de sus bolsillos para sacar adelante las obras en el Hospital Psiqui\u00e1trico, precisando que los trabajos presentaban un 37% de avance y que el Servicio de Salud Aconcagua s\u00f3lo les pag\u00f3 un 25%.<br \/>\nLa defensa de Pixels apunt\u00f3 que por tratarse de una concesi\u00f3n es el mandante, es decir el Servicio de Salud Aconcagua, el responsable de las deudas, desligando de responsabilidades econ\u00f3micas a Pixels.<br \/>\nPara el abogado representante del Consejo de Defensa del Estado, esta audiencia de formalizaci\u00f3n es s\u00f3lo la punta del iceberg, aunque reconoci\u00f3 que le hubiese gustado la aplicaci\u00f3n de otras medidas cautelares.<br \/>\nMichael Wilkendorf agreg\u00f3 que G\u00f3mez Cousi\u00f1o y Hurtado Cosmelli s\u00f3lo fueron formalizados por uso malicioso de instrumento p\u00fablico y falsificaci\u00f3n de boletas, pero conf\u00eda en que la investigaci\u00f3n pueda aportar m\u00e1s antecedentes en el corto plazo.<\/p>\n<p><strong>PRIMERA FORMALIZACI\u00d3N NACIONAL ANTICORRUPCI\u00d3N<\/strong><br \/>\nEn la opini\u00f3n del Fiscal Regional Anticorrupci\u00f3n, Jos\u00e9 Antonio Erias, esta formalizaci\u00f3n es un hecho trascendental a nivel nacional, porque es la primera formalizaci\u00f3n en contra de personas efectuada por una Fiscal\u00eda Anticorrupci\u00f3n, agregando que est\u00e1n al tanto de la teor\u00eda de la defensa de Pixels, que pretende convertir a sus due\u00f1os en v\u00edctimas, lo que eventualmente en caso de demostrase no los exime de responsabilidades en otros hechos, aunque asinti\u00f3 que los antecedentes que maneja lo tienen tranquilo, enfatizando que s\u00ed hubo un da\u00f1o millonario al fisco y al Servicio de Salud Aconcagua.<br \/>\nEn cuanto al avance de la investigaci\u00f3n, Erias asever\u00f3 que \u00e9sta ya contempla indagaciones para saber si los pagos efectuados a Pixels eran los que correspond\u00edan y si hubo o no alg\u00fan grado de responsabilidad en esos pagos y en los contratos, adicionando que como Fiscal\u00eda Regional est\u00e1n estudiando todas las aristas de este caso.<br \/>\nEl fiscal anticorrupci\u00f3n se mostr\u00f3 conforme con las medidas cautelares, ya que una de las preocupaciones de la fiscal\u00eda era evitar que los imputados abandonaran el pa\u00eds.<\/p>\n<p><strong>\u201cQUEDAMOS EN LA CALLE POR CULPA DE UN ESTAFADOR\u201d<\/strong><br \/>\nMat\u00edas G\u00f3mez Cousi\u00f1o, arquitecto y uno de los due\u00f1os de Pixels, brevemente mencion\u00f3 a nuestro medio que es inocente de los cargos que se le imputan y luego subi\u00f3 a su veh\u00edculo hasta que escuch\u00f3 las interpelaciones de la dirigente Cecilia de Villalobos que lo tildaba de sinverg\u00fcenza, mientras llorando le recriminaba el da\u00f1o causado por su empresa a los usuarios y funcionarios del Hospital Psiqui\u00e1trico, ante lo cual G\u00f3mez Cousi\u00f1o baj\u00f3 de su autom\u00f3vil y abraz\u00f3 a Cecilia Villalobos indic\u00e1ndole, \u201che quedado en la calle por culpa de un sujeto que nos estaf\u00f3, trabajamos duro por sacar esa obra adelante, no quisimos da\u00f1ar a nadie, pero entienda que una persona nos estaf\u00f3\u201d.<br \/>\nEl representante legal de Pixels dijo que el sujeto que eventualmente los estaf\u00f3 y est\u00e1n buscando es Andr\u00e9s Arenas, quien de acuerdo a informaci\u00f3n extraoficial obtenida por nuestro medio, a\u00fan no es citado por la fiscal\u00eda para entregar su testimonio por las boletas falsas por m\u00e1s de $2100 millones que Pixels entreg\u00f3 como garant\u00eda al Servicio de Salud Aconcagua, para una obra que, lejos de ser el sue\u00f1o de muchos, se ha trasformado en una larga pesadilla que los tribunales de justicia deber\u00e1n aclarar.<br \/>\n<strong>Patricio Gallardo M.<\/strong><\/p>\n<div class=\"tiled-gallery type-rectangular tiled-gallery-unresized\" data-original-width=\"640\" data-carousel-extra='null' itemscope itemtype=\"http:\/\/schema.org\/ImageGallery\" > <div class=\"gallery-row\" style=\"width: 640px; height: 283px;\" data-original-width=\"640\" data-original-height=\"283\" > <div class=\"gallery-group images-1\" style=\"width: 427px; height: 283px;\" data-original-width=\"427\" data-original-height=\"283\" > <div class=\"tiled-gallery-item tiled-gallery-item-large\" itemprop=\"associatedMedia\" itemscope itemtype=\"http:\/\/schema.org\/ImageObject\"> <a href=\"https:\/\/eltrabajo.cl\/portal\/formalizan-a-duenos-de-pixels-por-boletas-de-garantia-falsas-en-obras-del-hospital-psiquiatrico\/abogado-consejo-defensa-del-estado\/\" border=\"0\" itemprop=\"url\"> <meta itemprop=\"width\" content=\"423\"> <meta itemprop=\"height\" content=\"279\"> <img decoding=\"async\" class=\"\" data-attachment-id=\"61789\" data-orig-file=\"https:\/\/eltrabajo.cl\/portal\/wp-content\/uploads\/2015\/09\/ABOGADO-CONSEJO-DEFENSA-DEL-ESTADO.jpg\" data-orig-size=\"530,349\" data-comments-opened=\"1\" data-image-meta=\"{&quot;aperture&quot;:&quot;0&quot;,&quot;credit&quot;:&quot;&quot;,&quot;camera&quot;:&quot;&quot;,&quot;caption&quot;:&quot;&quot;,&quot;created_timestamp&quot;:&quot;0&quot;,&quot;copyright&quot;:&quot;[wopmind]&quot;,&quot;focal_length&quot;:&quot;0&quot;,&quot;iso&quot;:&quot;0&quot;,&quot;shutter_speed&quot;:&quot;0&quot;,&quot;title&quot;:&quot;&quot;,&quot;orientation&quot;:&quot;0&quot;}\" data-image-title=\"ABOGADO CONSEJO DEFENSA DEL ESTADO\" data-image-description=\"&lt;p&gt;Michael Wilkendorf Simpfendorfer, abogado del Consejo de Defensa del Estado.&lt;\/p&gt; \" data-medium-file=\"https:\/\/i0.wp.com\/eltrabajo.cl\/portal\/wp-content\/uploads\/2015\/09\/ABOGADO-CONSEJO-DEFENSA-DEL-ESTADO.jpg?fit=300%2C198&#038;ssl=1\" data-large-file=\"https:\/\/i0.wp.com\/eltrabajo.cl\/portal\/wp-content\/uploads\/2015\/09\/ABOGADO-CONSEJO-DEFENSA-DEL-ESTADO.jpg?fit=530%2C349&#038;ssl=1\" src=\"https:\/\/i0.wp.com\/eltrabajo.cl\/portal\/wp-content\/uploads\/2015\/09\/ABOGADO-CONSEJO-DEFENSA-DEL-ESTADO.jpg?w=423&#038;h=279&#038;ssl=1\" srcset=\"https:\/\/i0.wp.com\/eltrabajo.cl\/portal\/wp-content\/uploads\/2015\/09\/ABOGADO-CONSEJO-DEFENSA-DEL-ESTADO.jpg?w=530&amp;ssl=1 530w, https:\/\/i0.wp.com\/eltrabajo.cl\/portal\/wp-content\/uploads\/2015\/09\/ABOGADO-CONSEJO-DEFENSA-DEL-ESTADO.jpg?resize=200%2C132&amp;ssl=1 200w, https:\/\/i0.wp.com\/eltrabajo.cl\/portal\/wp-content\/uploads\/2015\/09\/ABOGADO-CONSEJO-DEFENSA-DEL-ESTADO.jpg?resize=300%2C198&amp;ssl=1 300w, https:\/\/i0.wp.com\/eltrabajo.cl\/portal\/wp-content\/uploads\/2015\/09\/ABOGADO-CONSEJO-DEFENSA-DEL-ESTADO.jpg?resize=228%2C150&amp;ssl=1 228w, https:\/\/i0.wp.com\/eltrabajo.cl\/portal\/wp-content\/uploads\/2015\/09\/ABOGADO-CONSEJO-DEFENSA-DEL-ESTADO.jpg?resize=400%2C263&amp;ssl=1 400w\" width=\"423\" height=\"279\" loading=\"lazy\" data-original-width=\"423\" data-original-height=\"279\" itemprop=\"http:\/\/schema.org\/image\" title=\"ABOGADO CONSEJO DEFENSA DEL ESTADO\" alt=\"Michael Wilkendorf Simpfendorfer, abogado del Consejo de Defensa del Estado.\" style=\"width: 423px; height: 279px;\" \/> <\/a> <div class=\"tiled-gallery-caption\" itemprop=\"caption description\"> Michael Wilkendorf Simpfendorfer, abogado del Consejo de Defensa del Estado. <\/div> <\/div> <\/div> <!-- close group --> <div class=\"gallery-group images-2\" style=\"width: 213px; height: 283px;\" data-original-width=\"213\" data-original-height=\"283\" > <div class=\"tiled-gallery-item tiled-gallery-item-small\" itemprop=\"associatedMedia\" itemscope itemtype=\"http:\/\/schema.org\/ImageObject\"> <a href=\"https:\/\/eltrabajo.cl\/portal\/formalizan-a-duenos-de-pixels-por-boletas-de-garantia-falsas-en-obras-del-hospital-psiquiatrico\/fiscal-regional-anticorrupcion\/\" border=\"0\" itemprop=\"url\"> <meta itemprop=\"width\" content=\"209\"> <meta itemprop=\"height\" content=\"138\"> <img decoding=\"async\" class=\"\" data-attachment-id=\"61790\" data-orig-file=\"https:\/\/eltrabajo.cl\/portal\/wp-content\/uploads\/2015\/09\/FISCAL-REGIONAL-ANTICORRUPCION.jpg\" data-orig-size=\"530,350\" data-comments-opened=\"1\" data-image-meta=\"{&quot;aperture&quot;:&quot;0&quot;,&quot;credit&quot;:&quot;&quot;,&quot;camera&quot;:&quot;&quot;,&quot;caption&quot;:&quot;&quot;,&quot;created_timestamp&quot;:&quot;0&quot;,&quot;copyright&quot;:&quot;[wopmind]&quot;,&quot;focal_length&quot;:&quot;0&quot;,&quot;iso&quot;:&quot;0&quot;,&quot;shutter_speed&quot;:&quot;0&quot;,&quot;title&quot;:&quot;&quot;,&quot;orientation&quot;:&quot;0&quot;}\" data-image-title=\"FISCAL REGIONAL ANTICORRUPCION\" data-image-description=\"&lt;p&gt;Jos\u00e9 Antonio Erias, fiscal Regional de la Unidad Anticorrupci\u00f3n.&lt;\/p&gt; \" data-medium-file=\"https:\/\/i0.wp.com\/eltrabajo.cl\/portal\/wp-content\/uploads\/2015\/09\/FISCAL-REGIONAL-ANTICORRUPCION.jpg?fit=300%2C198&#038;ssl=1\" data-large-file=\"https:\/\/i0.wp.com\/eltrabajo.cl\/portal\/wp-content\/uploads\/2015\/09\/FISCAL-REGIONAL-ANTICORRUPCION.jpg?fit=530%2C350&#038;ssl=1\" src=\"https:\/\/i0.wp.com\/eltrabajo.cl\/portal\/wp-content\/uploads\/2015\/09\/FISCAL-REGIONAL-ANTICORRUPCION.jpg?w=209&#038;h=138&#038;ssl=1\" srcset=\"https:\/\/i0.wp.com\/eltrabajo.cl\/portal\/wp-content\/uploads\/2015\/09\/FISCAL-REGIONAL-ANTICORRUPCION.jpg?w=530&amp;ssl=1 530w, https:\/\/i0.wp.com\/eltrabajo.cl\/portal\/wp-content\/uploads\/2015\/09\/FISCAL-REGIONAL-ANTICORRUPCION.jpg?resize=200%2C132&amp;ssl=1 200w, https:\/\/i0.wp.com\/eltrabajo.cl\/portal\/wp-content\/uploads\/2015\/09\/FISCAL-REGIONAL-ANTICORRUPCION.jpg?resize=300%2C198&amp;ssl=1 300w, https:\/\/i0.wp.com\/eltrabajo.cl\/portal\/wp-content\/uploads\/2015\/09\/FISCAL-REGIONAL-ANTICORRUPCION.jpg?resize=227%2C150&amp;ssl=1 227w, https:\/\/i0.wp.com\/eltrabajo.cl\/portal\/wp-content\/uploads\/2015\/09\/FISCAL-REGIONAL-ANTICORRUPCION.jpg?resize=400%2C264&amp;ssl=1 400w\" width=\"209\" height=\"138\" loading=\"lazy\" data-original-width=\"209\" data-original-height=\"138\" itemprop=\"http:\/\/schema.org\/image\" title=\"FISCAL REGIONAL ANTICORRUPCION\" alt=\"Jos\u00e9 Antonio Erias, fiscal Regional de la Unidad Anticorrupci\u00f3n.\" style=\"width: 209px; height: 138px;\" \/> <\/a> <div class=\"tiled-gallery-caption\" itemprop=\"caption description\"> Jos\u00e9 Antonio Erias, fiscal Regional de la Unidad Anticorrupci\u00f3n. <\/div> <\/div> <div class=\"tiled-gallery-item tiled-gallery-item-small\" itemprop=\"associatedMedia\" itemscope itemtype=\"http:\/\/schema.org\/ImageObject\"> <a href=\"https:\/\/eltrabajo.cl\/portal\/formalizan-a-duenos-de-pixels-por-boletas-de-garantia-falsas-en-obras-del-hospital-psiquiatrico\/formalizacion-pixels-2\/\" border=\"0\" itemprop=\"url\"> <meta itemprop=\"width\" content=\"209\"> <meta itemprop=\"height\" content=\"137\"> <img decoding=\"async\" class=\"\" data-attachment-id=\"61791\" data-orig-file=\"https:\/\/eltrabajo.cl\/portal\/wp-content\/uploads\/2015\/09\/FORMALIZACION-PIXELS-2.jpg\" data-orig-size=\"530,348\" data-comments-opened=\"1\" data-image-meta=\"{&quot;aperture&quot;:&quot;0&quot;,&quot;credit&quot;:&quot;&quot;,&quot;camera&quot;:&quot;&quot;,&quot;caption&quot;:&quot;&quot;,&quot;created_timestamp&quot;:&quot;0&quot;,&quot;copyright&quot;:&quot;[wopmind]&quot;,&quot;focal_length&quot;:&quot;0&quot;,&quot;iso&quot;:&quot;0&quot;,&quot;shutter_speed&quot;:&quot;0&quot;,&quot;title&quot;:&quot;&quot;,&quot;orientation&quot;:&quot;0&quot;}\" data-image-title=\"FORMALIZACION PIXELS (2)\" data-image-description=\"&lt;p&gt;Mat\u00edas G\u00f3mez Cousi\u00f1o explic\u00e1ndole a la presidenta de la Agrupaci\u00f3n Luz Crepuscular, Cecilia Villalobos, su supuesta inocencia ante la acusaci\u00f3n.&lt;\/p&gt; \" data-medium-file=\"https:\/\/i0.wp.com\/eltrabajo.cl\/portal\/wp-content\/uploads\/2015\/09\/FORMALIZACION-PIXELS-2.jpg?fit=300%2C197&#038;ssl=1\" data-large-file=\"https:\/\/i0.wp.com\/eltrabajo.cl\/portal\/wp-content\/uploads\/2015\/09\/FORMALIZACION-PIXELS-2.jpg?fit=530%2C348&#038;ssl=1\" src=\"https:\/\/i0.wp.com\/eltrabajo.cl\/portal\/wp-content\/uploads\/2015\/09\/FORMALIZACION-PIXELS-2.jpg?w=209&#038;h=137&#038;ssl=1\" srcset=\"https:\/\/i0.wp.com\/eltrabajo.cl\/portal\/wp-content\/uploads\/2015\/09\/FORMALIZACION-PIXELS-2.jpg?w=530&amp;ssl=1 530w, https:\/\/i0.wp.com\/eltrabajo.cl\/portal\/wp-content\/uploads\/2015\/09\/FORMALIZACION-PIXELS-2.jpg?resize=200%2C131&amp;ssl=1 200w, https:\/\/i0.wp.com\/eltrabajo.cl\/portal\/wp-content\/uploads\/2015\/09\/FORMALIZACION-PIXELS-2.jpg?resize=300%2C197&amp;ssl=1 300w, https:\/\/i0.wp.com\/eltrabajo.cl\/portal\/wp-content\/uploads\/2015\/09\/FORMALIZACION-PIXELS-2.jpg?resize=228%2C150&amp;ssl=1 228w, https:\/\/i0.wp.com\/eltrabajo.cl\/portal\/wp-content\/uploads\/2015\/09\/FORMALIZACION-PIXELS-2.jpg?resize=400%2C263&amp;ssl=1 400w\" width=\"209\" height=\"137\" loading=\"lazy\" data-original-width=\"209\" data-original-height=\"137\" itemprop=\"http:\/\/schema.org\/image\" title=\"FORMALIZACION PIXELS (2)\" alt=\"Mat\u00edas G\u00f3mez Cousi\u00f1o explic\u00e1ndole a la presidenta de la Agrupaci\u00f3n Luz Crepuscular, Cecilia Villalobos, su supuesta inocencia ante la acusaci\u00f3n.\" style=\"width: 209px; height: 137px;\" \/> <\/a> <div class=\"tiled-gallery-caption\" itemprop=\"caption description\"> Mat\u00edas G\u00f3mez Cousi\u00f1o explic\u00e1ndole a la presidenta de la Agrupaci\u00f3n Luz Crepuscular, Cecilia Villalobos, su supuesta inocencia ante la acusaci\u00f3n. <\/div> <\/div> <\/div> <!-- close group --> <\/div> <!-- close row --> <\/div>\n","protected":false},"excerpt":{"rendered":"<p>PUTAENDO.- Por el delito de falsificaci\u00f3n de instrumento p\u00fablico y uso malicioso de boletas de garant\u00eda falsas, fueron formalizados los propietarios de la empresa Pixels SPA la ma\u00f1ana de este lunes en&#8230;<\/p>\n","protected":false},"author":482,"featured_media":61788,"comment_status":"open","ping_status":"open","sticky":false,"template":"","format":"standard","meta":{"advanced_seo_description":"","jetpack_seo_html_title":"","jetpack_seo_noindex":false,"_jetpack_memberships_contains_paid_content":false,"footnotes":""},"categories":[21],"tags":[],"class_list":["post-61787","post","type-post","status-publish","format-standard","has-post-thumbnail","hentry","category-policial"],"jetpack_featured_media_url":"https:\/\/i0.wp.com\/eltrabajo.cl\/portal\/wp-content\/uploads\/2015\/09\/FORMALIZACION-PIXELS-1.jpg?fit=530%2C349&ssl=1","jetpack_sharing_enabled":true,"jetpack_likes_enabled":true,"jetpack-related-posts":[],"_links":{"self":[{"href":"https:\/\/eltrabajo.cl\/portal\/wp-json\/wp\/v2\/posts\/61787","targetHints":{"allow":["GET"]}}],"collection":[{"href":"https:\/\/eltrabajo.cl\/portal\/wp-json\/wp\/v2\/posts"}],"about":[{"href":"https:\/\/eltrabajo.cl\/portal\/wp-json\/wp\/v2\/types\/post"}],"author":[{"embeddable":true,"href":"https:\/\/eltrabajo.cl\/portal\/wp-json\/wp\/v2\/users\/482"}],"replies":[{"embeddable":true,"href":"https:\/\/eltrabajo.cl\/portal\/wp-json\/wp\/v2\/comments?post=61787"}],"version-history":[{"count":0,"href":"https:\/\/eltrabajo.cl\/portal\/wp-json\/wp\/v2\/posts\/61787\/revisions"}],"wp:featuredmedia":[{"embeddable":true,"href":"https:\/\/eltrabajo.cl\/portal\/wp-json\/wp\/v2\/media\/61788"}],"wp:attachment":[{"href":"https:\/\/eltrabajo.cl\/portal\/wp-json\/wp\/v2\/media?parent=61787"}],"wp:term":[{"taxonomy":"category","embeddable":true,"href":"https:\/\/eltrabajo.cl\/portal\/wp-json\/wp\/v2\/categories?post=61787"},{"taxonomy":"post_tag","embeddable":true,"href":"https:\/\/eltrabajo.cl\/portal\/wp-json\/wp\/v2\/tags?post=61787"}],"curies":[{"name":"wp","href":"https:\/\/api.w.org\/{rel}","templated":true}]}}