{"id":61796,"date":"2015-09-09T09:12:32","date_gmt":"2015-09-09T12:12:32","guid":{"rendered":"http:\/\/www.eltrabajo.cl\/portal\/?p=61796"},"modified":"2015-09-09T09:12:32","modified_gmt":"2015-09-09T12:12:32","slug":"inauguran-nueva-oficina-de-atencion-de-esval-que-beneficiara-a-mas-de-3-mil-clientes","status":"publish","type":"post","link":"https:\/\/eltrabajo.cl\/portal\/inauguran-nueva-oficina-de-atencion-de-esval-que-beneficiara-a-mas-de-3-mil-clientes\/","title":{"rendered":"Inauguran nueva oficina de atenci\u00f3n de Esval que beneficiar\u00e1 a m\u00e1s de 3 mil clientes"},"content":{"rendered":"<figure id=\"attachment_61797\" aria-describedby=\"caption-attachment-61797\" style=\"width: 300px\" class=\"wp-caption alignleft\"><a href=\"https:\/\/i0.wp.com\/www.eltrabajo.cl\/portal\/wp-content\/uploads\/2015\/09\/inauguracion-sede-esval-Santa-Maria.jpg\"><img data-recalc-dims=\"1\" loading=\"lazy\" decoding=\"async\" class=\"wp-image-61797 size-medium\" src=\"https:\/\/i0.wp.com\/www.eltrabajo.cl\/portal\/wp-content\/uploads\/2015\/09\/inauguracion-sede-esval-Santa-Maria-300x199.jpg?resize=300%2C199\" alt=\"En la ceremonia particip\u00f3 el alcalde Claudio Zurita, el subgerente zonal de la sanitaria, Alejandro P\u00e9rez y la presidenta de la Uni\u00f3n Comunal de juntas de vecinos, Albina Marambio.\" width=\"300\" height=\"199\" srcset=\"https:\/\/i0.wp.com\/eltrabajo.cl\/portal\/wp-content\/uploads\/2015\/09\/inauguracion-sede-esval-Santa-Maria.jpg?resize=300%2C199&amp;ssl=1 300w, https:\/\/i0.wp.com\/eltrabajo.cl\/portal\/wp-content\/uploads\/2015\/09\/inauguracion-sede-esval-Santa-Maria.jpg?resize=200%2C133&amp;ssl=1 200w, https:\/\/i0.wp.com\/eltrabajo.cl\/portal\/wp-content\/uploads\/2015\/09\/inauguracion-sede-esval-Santa-Maria.jpg?resize=226%2C150&amp;ssl=1 226w, https:\/\/i0.wp.com\/eltrabajo.cl\/portal\/wp-content\/uploads\/2015\/09\/inauguracion-sede-esval-Santa-Maria.jpg?resize=400%2C265&amp;ssl=1 400w, https:\/\/i0.wp.com\/eltrabajo.cl\/portal\/wp-content\/uploads\/2015\/09\/inauguracion-sede-esval-Santa-Maria.jpg?w=528&amp;ssl=1 528w\" sizes=\"auto, (max-width: 300px) 100vw, 300px\" \/><\/a><figcaption id=\"caption-attachment-61797\" class=\"wp-caption-text\">En la ceremonia particip\u00f3 el alcalde Claudio Zurita, el subgerente zonal de la sanitaria, Alejandro P\u00e9rez y la presidenta de la Uni\u00f3n Comunal de juntas de vecinos, Albina Marambio.<\/figcaption><\/figure>\n<p><strong>SANTA MARIA<\/strong>.-Los vecinos de la comuna de Santa Mar\u00eda ya cuentan con una nueva oficina comercial de Esval, tras la inauguraci\u00f3n del recinto, que permitir\u00e1 beneficiar a m\u00e1s de 3 mil clientes de esta ciudad, con una atenci\u00f3n m\u00e1s directa y cercana.<br \/>\nLa actividad cont\u00f3 con la presencia del subgerente zonal de la sanitaria, Alejandro P\u00e9rez, el alcalde de Santa Mar\u00eda, Claudio Zurita y la presidenta de la Uni\u00f3n Comunal de juntas de vecinos, Albina Marambio, entre otros invitados.<br \/>\n\u201cEl objetivo de nuestra compa\u00f1\u00eda es estar cerca de nuestros clientes y vecinos, este a\u00f1o ya hemos inaugurado nuevas oficinas en Rinconada y San Esteban, sum\u00e1ndose esta en Santa Mar\u00eda, con lo cual seguimos descentralizando nuestros servicios como parte de nuestra pol\u00edtica y contribuyendo al desarrollo regional\u201d, explic\u00f3 P\u00e9rez.<br \/>\nPor su parte, el alcalde Zurita se\u00f1al\u00f3 que \u201cquiero agradecer p\u00fablicamente a Esval por esta decisi\u00f3n de abrir sucursales en todas las comunas, ya que as\u00ed nuestros vecinos no tendr\u00e1n que ir a San Felipe a hacer sus tr\u00e1mites. Esta pol\u00edtica de la empresa es muy positiva para las comunidades m\u00e1s peque\u00f1as como Santa Mar\u00eda, as\u00ed que llamo a todos los vecinos que vengan, hagan sus consultas y sientan que todas sus inquietudes pueden ser resueltas en esta oficina\u201d.<br \/>\nPara la presidenta de la Uni\u00f3n Comunal de juntas de vecinos, Albina Marambio, esta apertura \u201cnos entrega un beneficio muy grande, ya que podremos venir a solucionar nuestros problemas sin tener que viajar o trasladarnos a otras ciudades, lo cual es muy importante para nuestra comunidad\u201d.<br \/>\nLa nueva oficina de Esval en Santa Mar\u00eda permitir\u00e1 atender consultas comerciales, dudas t\u00e9cnicas y de factibilidad para instalaciones, entre otros requerimientos. Se encuentra ubicada en avenida Almirante Latorre n\u00b0 659 y atiendelos lunes y mi\u00e9rcoles, de 10:00 a 13:00 horas.<\/p>\n","protected":false},"excerpt":{"rendered":"<p>SANTA MARIA.-Los vecinos de la comuna de Santa Mar\u00eda ya cuentan con una nueva oficina comercial de Esval, tras la inauguraci\u00f3n del recinto, que permitir\u00e1 beneficiar a m\u00e1s de 3 mil clientes&#8230;<\/p>\n","protected":false},"author":482,"featured_media":61797,"comment_status":"open","ping_status":"open","sticky":false,"template":"","format":"standard","meta":{"advanced_seo_description":"","jetpack_seo_html_title":"","jetpack_seo_noindex":false,"_jetpack_memberships_contains_paid_content":false,"footnotes":""},"categories":[15],"tags":[],"class_list":["post-61796","post","type-post","status-publish","format-standard","has-post-thumbnail","hentry","category-comunidad"],"jetpack_featured_media_url":"https:\/\/i0.wp.com\/eltrabajo.cl\/portal\/wp-content\/uploads\/2015\/09\/inauguracion-sede-esval-Santa-Maria.jpg?fit=528%2C350&ssl=1","jetpack_sharing_enabled":true,"jetpack_likes_enabled":true,"jetpack-related-posts":[],"_links":{"self":[{"href":"https:\/\/eltrabajo.cl\/portal\/wp-json\/wp\/v2\/posts\/61796","targetHints":{"allow":["GET"]}}],"collection":[{"href":"https:\/\/eltrabajo.cl\/portal\/wp-json\/wp\/v2\/posts"}],"about":[{"href":"https:\/\/eltrabajo.cl\/portal\/wp-json\/wp\/v2\/types\/post"}],"author":[{"embeddable":true,"href":"https:\/\/eltrabajo.cl\/portal\/wp-json\/wp\/v2\/users\/482"}],"replies":[{"embeddable":true,"href":"https:\/\/eltrabajo.cl\/portal\/wp-json\/wp\/v2\/comments?post=61796"}],"version-history":[{"count":0,"href":"https:\/\/eltrabajo.cl\/portal\/wp-json\/wp\/v2\/posts\/61796\/revisions"}],"wp:featuredmedia":[{"embeddable":true,"href":"https:\/\/eltrabajo.cl\/portal\/wp-json\/wp\/v2\/media\/61797"}],"wp:attachment":[{"href":"https:\/\/eltrabajo.cl\/portal\/wp-json\/wp\/v2\/media?parent=61796"}],"wp:term":[{"taxonomy":"category","embeddable":true,"href":"https:\/\/eltrabajo.cl\/portal\/wp-json\/wp\/v2\/categories?post=61796"},{"taxonomy":"post_tag","embeddable":true,"href":"https:\/\/eltrabajo.cl\/portal\/wp-json\/wp\/v2\/tags?post=61796"}],"curies":[{"name":"wp","href":"https:\/\/api.w.org\/{rel}","templated":true}]}}