{"id":61805,"date":"2015-09-09T09:18:20","date_gmt":"2015-09-09T12:18:20","guid":{"rendered":"http:\/\/www.eltrabajo.cl\/portal\/?p=61805"},"modified":"2015-09-09T09:18:20","modified_gmt":"2015-09-09T12:18:20","slug":"vecino-convaleciente-no-pudo-entrar-a-su-casa-por-camino-en-mal-estado","status":"publish","type":"post","link":"https:\/\/eltrabajo.cl\/portal\/vecino-convaleciente-no-pudo-entrar-a-su-casa-por-camino-en-mal-estado\/","title":{"rendered":"Vecino convaleciente no pudo entrar a su casa por camino en mal estado"},"content":{"rendered":"<figure id=\"attachment_61806\" aria-describedby=\"caption-attachment-61806\" style=\"width: 300px\" class=\"wp-caption alignleft\"><a href=\"https:\/\/i0.wp.com\/www.eltrabajo.cl\/portal\/wp-content\/uploads\/2015\/09\/DENUNCIA-SUBIDA-CALLE-CAMUS-1.jpg\"><img data-recalc-dims=\"1\" loading=\"lazy\" decoding=\"async\" class=\"wp-image-61806 size-medium\" src=\"https:\/\/i0.wp.com\/www.eltrabajo.cl\/portal\/wp-content\/uploads\/2015\/09\/DENUNCIA-SUBIDA-CALLE-CAMUS-1-300x198.jpg?resize=300%2C198\" alt=\"Gracias a personal del Samu que llev\u00f3 a don Fernando Herrera en una manta, es que pudo llegar a su casa a descansar luego de que le amputaran una pierna.\" width=\"300\" height=\"198\" srcset=\"https:\/\/i0.wp.com\/eltrabajo.cl\/portal\/wp-content\/uploads\/2015\/09\/DENUNCIA-SUBIDA-CALLE-CAMUS-1.jpg?resize=300%2C198&amp;ssl=1 300w, https:\/\/i0.wp.com\/eltrabajo.cl\/portal\/wp-content\/uploads\/2015\/09\/DENUNCIA-SUBIDA-CALLE-CAMUS-1.jpg?resize=200%2C132&amp;ssl=1 200w, https:\/\/i0.wp.com\/eltrabajo.cl\/portal\/wp-content\/uploads\/2015\/09\/DENUNCIA-SUBIDA-CALLE-CAMUS-1.jpg?resize=228%2C150&amp;ssl=1 228w, https:\/\/i0.wp.com\/eltrabajo.cl\/portal\/wp-content\/uploads\/2015\/09\/DENUNCIA-SUBIDA-CALLE-CAMUS-1.jpg?resize=400%2C263&amp;ssl=1 400w, https:\/\/i0.wp.com\/eltrabajo.cl\/portal\/wp-content\/uploads\/2015\/09\/DENUNCIA-SUBIDA-CALLE-CAMUS-1.jpg?w=530&amp;ssl=1 530w\" sizes=\"auto, (max-width: 300px) 100vw, 300px\" \/><\/a><figcaption id=\"caption-attachment-61806\" class=\"wp-caption-text\">Gracias a personal del Samu que llev\u00f3 a don Fernando Herrera en una manta, es que pudo llegar a su casa a descansar luego de que le amputaran una pierna.<\/figcaption><\/figure>\n<p><strong>PUTAENDO<\/strong>.- Una grave denuncia realizaron familiares de un conocido vecino de la ciudad, que lamentablemente debi\u00f3 sufrir la amputaci\u00f3n de una de sus piernas producto de una diabetes, y al ser dado de alta para volver a su hogar, fue trasladado en condiciones inhumanas debido a la alteraci\u00f3n del camino que conduce a la Gruta de Lourdes en el centro de Putaendo.<br \/>\nLa Sra. Silvia L\u00f3pez, esposa de don Fernando Herrera, visiblemente afectada narr\u00f3 que producto de una severa diabetes su esposo sufri\u00f3 la amputaci\u00f3n de una pierna, y este martes fue dado de alta en el Hospital San Camilo y llevado en el veh\u00edculo de un familiar hasta su casa, ubicada a un costado de la Gruta de Lourdes.<br \/>\nL\u00f3pez declar\u00f3 que cuando el autom\u00f3vil intent\u00f3 subir por la pendiente de Calle Camus, que es el camino que conduce a su hogar, no pudo seguir avanzando pues qued\u00f3 enterrado en el barro. Ante esta situaci\u00f3n debieron bajar a don Fernando, el cual con muletas comenz\u00f3 a subir hacia su casa, lo que no pudo lograr pues cay\u00f3 al suelo, generando con ello que los \u2018puntos\u2019 que le fueron aplicados tras la amputaci\u00f3n nuevamente se abrieran, obligando a su traslado hasta el Hospital San Antonio de Putaendo.<\/p>\n<figure id=\"attachment_61807\" aria-describedby=\"caption-attachment-61807\" style=\"width: 300px\" class=\"wp-caption alignright\"><a href=\"https:\/\/i0.wp.com\/www.eltrabajo.cl\/portal\/wp-content\/uploads\/2015\/09\/DENUNCIA-SUBIDA-CALLE-CAMUS-3.jpg\"><img data-recalc-dims=\"1\" loading=\"lazy\" decoding=\"async\" class=\"wp-image-61807 size-medium\" src=\"https:\/\/i0.wp.com\/www.eltrabajo.cl\/portal\/wp-content\/uploads\/2015\/09\/DENUNCIA-SUBIDA-CALLE-CAMUS-3-300x198.jpg?resize=300%2C198\" alt=\"Por el p\u00e9simo estado del camino, la ambulancia del hospital de Putaendo tampoco pudo llegar a la vivienda de la Sra. Silvia.\" width=\"300\" height=\"198\" srcset=\"https:\/\/i0.wp.com\/eltrabajo.cl\/portal\/wp-content\/uploads\/2015\/09\/DENUNCIA-SUBIDA-CALLE-CAMUS-3.jpg?resize=300%2C198&amp;ssl=1 300w, https:\/\/i0.wp.com\/eltrabajo.cl\/portal\/wp-content\/uploads\/2015\/09\/DENUNCIA-SUBIDA-CALLE-CAMUS-3.jpg?resize=200%2C132&amp;ssl=1 200w, https:\/\/i0.wp.com\/eltrabajo.cl\/portal\/wp-content\/uploads\/2015\/09\/DENUNCIA-SUBIDA-CALLE-CAMUS-3.jpg?resize=228%2C150&amp;ssl=1 228w, https:\/\/i0.wp.com\/eltrabajo.cl\/portal\/wp-content\/uploads\/2015\/09\/DENUNCIA-SUBIDA-CALLE-CAMUS-3.jpg?resize=400%2C263&amp;ssl=1 400w, https:\/\/i0.wp.com\/eltrabajo.cl\/portal\/wp-content\/uploads\/2015\/09\/DENUNCIA-SUBIDA-CALLE-CAMUS-3.jpg?w=530&amp;ssl=1 530w\" sizes=\"auto, (max-width: 300px) 100vw, 300px\" \/><\/a><figcaption id=\"caption-attachment-61807\" class=\"wp-caption-text\">Por el p\u00e9simo estado del camino, la ambulancia del hospital de Putaendo tampoco pudo llegar a la vivienda de la Sra. Silvia.<\/figcaption><\/figure>\n<p>La denunciante expres\u00f3 que tras recibir las atenciones de salud pertinentes, una ambulancia del Samu lo llev\u00f3 hasta su hogar, enfrentando la misma dificultad del veh\u00edculo de su familiar, y a pesar del esfuerzo y destreza del conductor de la ambulancia, el m\u00f3vil de emergencia tambi\u00e9n qued\u00f3 estancada en medio de la subida de Calle Camus, incluso corriendo el riesgo de resbalarse cerro abajo.<br \/>\nDespu\u00e9s de este segundo intento fallido para poder llevar a don Fernando hasta su hogar para comenzar su recuperaci\u00f3n y reposo, fueron los propios funcionarios del Samu quienes intentaron llevarlo en una primera instancia en camilla, lo que tampoco fue factible, por lo que debieron cargarlo es una \u2018manta\u2019 especial hasta su vivienda.<br \/>\nSilvia L\u00f3pez quiso expresar su p\u00fablica gratitud hacia funcionarios del Samu por la dedicaci\u00f3n y compromiso que tuvieron hacia su esposo, agregando que esta situaci\u00f3n se debi\u00f3 a que la empresa que desarrolla las obras de hermoseamiento de la subida a Nueva Chacabuco acumul\u00f3 material e incluso escombros, los que fueron arrastrados con la \u00faltima lluvia hasta la subida de Calle Ambrosio Camus, generando esta desagradable situaci\u00f3n para ella y su esposo.<br \/>\nFinalmente, la afectada hizo un llamado a la Municipalidad de Putaendo a tomar medidas responsables ante esta circunstancia, agregando: \u201c\u00bfQu\u00e9 va a pasar entonces si mi esposo se descompensa y tengo que llevarlo a urgencias? \u00bfTendr\u00e9 que llamar a bomberos para poder sacarlo de la casa para ir al Hospital?, y si un incendio afecta alg\u00fan vecino de Calle Nueva Chacabuco, \u00bfBomberos no podr\u00e1 llegar porque seguramente sus carros no podr\u00e1n subir por el material que la empresa dej\u00f3 ah\u00ed?, Cuestion\u00f3 la Sra. Silvia L\u00f3pez.<br \/>\n<strong>Patricio Gallardo M.<\/strong><\/p>\n","protected":false},"excerpt":{"rendered":"<p>PUTAENDO.- Una grave denuncia realizaron familiares de un conocido vecino de la ciudad, que lamentablemente debi\u00f3 sufrir la amputaci\u00f3n de una de sus piernas producto de una diabetes, y al ser dado&#8230;<\/p>\n","protected":false},"author":482,"featured_media":61806,"comment_status":"open","ping_status":"open","sticky":false,"template":"","format":"standard","meta":{"advanced_seo_description":"","jetpack_seo_html_title":"","jetpack_seo_noindex":false,"_jetpack_memberships_contains_paid_content":false,"footnotes":""},"categories":[15],"tags":[],"class_list":["post-61805","post","type-post","status-publish","format-standard","has-post-thumbnail","hentry","category-comunidad"],"jetpack_featured_media_url":"https:\/\/i0.wp.com\/eltrabajo.cl\/portal\/wp-content\/uploads\/2015\/09\/DENUNCIA-SUBIDA-CALLE-CAMUS-1.jpg?fit=530%2C349&ssl=1","jetpack_sharing_enabled":true,"jetpack_likes_enabled":true,"jetpack-related-posts":[],"_links":{"self":[{"href":"https:\/\/eltrabajo.cl\/portal\/wp-json\/wp\/v2\/posts\/61805","targetHints":{"allow":["GET"]}}],"collection":[{"href":"https:\/\/eltrabajo.cl\/portal\/wp-json\/wp\/v2\/posts"}],"about":[{"href":"https:\/\/eltrabajo.cl\/portal\/wp-json\/wp\/v2\/types\/post"}],"author":[{"embeddable":true,"href":"https:\/\/eltrabajo.cl\/portal\/wp-json\/wp\/v2\/users\/482"}],"replies":[{"embeddable":true,"href":"https:\/\/eltrabajo.cl\/portal\/wp-json\/wp\/v2\/comments?post=61805"}],"version-history":[{"count":0,"href":"https:\/\/eltrabajo.cl\/portal\/wp-json\/wp\/v2\/posts\/61805\/revisions"}],"wp:featuredmedia":[{"embeddable":true,"href":"https:\/\/eltrabajo.cl\/portal\/wp-json\/wp\/v2\/media\/61806"}],"wp:attachment":[{"href":"https:\/\/eltrabajo.cl\/portal\/wp-json\/wp\/v2\/media?parent=61805"}],"wp:term":[{"taxonomy":"category","embeddable":true,"href":"https:\/\/eltrabajo.cl\/portal\/wp-json\/wp\/v2\/categories?post=61805"},{"taxonomy":"post_tag","embeddable":true,"href":"https:\/\/eltrabajo.cl\/portal\/wp-json\/wp\/v2\/tags?post=61805"}],"curies":[{"name":"wp","href":"https:\/\/api.w.org\/{rel}","templated":true}]}}