{"id":61828,"date":"2015-09-09T09:30:39","date_gmt":"2015-09-09T12:30:39","guid":{"rendered":"http:\/\/www.eltrabajo.cl\/portal\/?p=61828"},"modified":"2015-09-09T09:31:37","modified_gmt":"2015-09-09T12:31:37","slug":"nos-sirvio-como-bombero-por-15-anos-y-ahora-necesita-nuestra-ayuda","status":"publish","type":"post","link":"https:\/\/eltrabajo.cl\/portal\/nos-sirvio-como-bombero-por-15-anos-y-ahora-necesita-nuestra-ayuda\/","title":{"rendered":"Nos sirvi\u00f3 como bombero por 15 a\u00f1os y ahora necesita nuestra ayuda"},"content":{"rendered":"<figure id=\"attachment_61829\" aria-describedby=\"caption-attachment-61829\" style=\"width: 300px\" class=\"wp-caption alignleft\"><a href=\"https:\/\/i0.wp.com\/www.eltrabajo.cl\/portal\/wp-content\/uploads\/2015\/09\/Carlos-Camu.jpg\"><img data-recalc-dims=\"1\" loading=\"lazy\" decoding=\"async\" class=\"wp-image-61829 size-medium\" src=\"https:\/\/i0.wp.com\/www.eltrabajo.cl\/portal\/wp-content\/uploads\/2015\/09\/Carlos-Camu-300x198.jpg?resize=300%2C198\" alt=\"Carlos Camu Collantes, bombero sanfelipe\u00f1o que espera tu ayuda este s\u00e1bado.\" width=\"300\" height=\"198\" srcset=\"https:\/\/i0.wp.com\/eltrabajo.cl\/portal\/wp-content\/uploads\/2015\/09\/Carlos-Camu.jpg?resize=300%2C198&amp;ssl=1 300w, https:\/\/i0.wp.com\/eltrabajo.cl\/portal\/wp-content\/uploads\/2015\/09\/Carlos-Camu.jpg?resize=200%2C132&amp;ssl=1 200w, https:\/\/i0.wp.com\/eltrabajo.cl\/portal\/wp-content\/uploads\/2015\/09\/Carlos-Camu.jpg?resize=227%2C150&amp;ssl=1 227w, https:\/\/i0.wp.com\/eltrabajo.cl\/portal\/wp-content\/uploads\/2015\/09\/Carlos-Camu.jpg?resize=400%2C264&amp;ssl=1 400w, https:\/\/i0.wp.com\/eltrabajo.cl\/portal\/wp-content\/uploads\/2015\/09\/Carlos-Camu.jpg?w=530&amp;ssl=1 530w\" sizes=\"auto, (max-width: 300px) 100vw, 300px\" \/><\/a><figcaption id=\"caption-attachment-61829\" class=\"wp-caption-text\">Carlos Camu Collantes, bombero sanfelipe\u00f1o que espera tu ayuda este s\u00e1bado.<\/figcaption><\/figure>\n<p>El hombre que durante 20 a\u00f1os ofreci\u00f3 su vida para enfrentar las emergencias que le correspondi\u00f3 atender en calidad de bombero; el sanfelipe\u00f1o que supo usar sus talentos, fuerza y juventud en beneficio de la instituci\u00f3n bomberil que le abrig\u00f3 como una gran familia, hoy se encuentra perdiendo la batalla por su vida frente a un agresivo tumor cerebral.<\/p>\n<p><strong>MUY SERVICIAL<\/strong><br \/>\nEs por ello que sus compa\u00f1eros, bomberos de la 1\u00aa Compa\u00f1\u00eda de San Felipe, han organizado un solidario Bingo a realizarse este s\u00e1bado en la 2\u00aa C\u00eda. en calle Tacna, para recaudar los fondos que le permitan a Carlos Camu Collantes, de 35 a\u00f1os, financiar sus gastos personales y de transporte a los hospitales en donde, desde hace varios meses \u00e9l busca atenciones paliativas a este mal incurable.<br \/>\n\u00abCarlos ha servido en nuestra Compa\u00f1\u00eda desde hace 15 a\u00f1os. \u00c9l es rescatista urbano, vehicular, incendios, y emergencias generales, su esp\u00edritu de servicio definitivamente es muy grande, es por eso que ahora tenemos la oportunidad los aconcag\u00fcinos de devolverle la mano\u00bb, coment\u00f3 a Diario El Trabajo el director de la 1\u00aa Compa\u00f1\u00eda de Bomberos de San Felipe, Hern\u00e1n Herrera Caballero.<br \/>\nEl talento y disposici\u00f3n de Carlos no tiene l\u00edmites, pues seg\u00fan nos explic\u00f3 el Jefe Herrera, \u00ab\u00e9l restaur\u00f3 nuestra bomba a palanca, la primera que oper\u00f3 en Valpara\u00edso; invent\u00f3 con sus manos un organigrama de nuestra Compa\u00f1\u00eda, en donde us\u00f3 fotos de todos quienes laboramos ac\u00e1; cre\u00f3 esculturas en madera y metal; supo dar ese abrazo cari\u00f1oso a los ni\u00f1os cuando le miraban en incendios, supo amar y supo servir a sus semejantes sin pedir algo a cambio\u00bb, agreg\u00f3 emocionado el jefe de Compa\u00f1\u00eda.<br \/>\n<strong>Roberto Gonz\u00e1lez Short<\/strong><br \/>\n<strong>rgonzalez@eltrabajo.cl<\/strong><\/p>\n<div class=\"tiled-gallery type-rectangular tiled-gallery-unresized\" data-original-width=\"640\" data-carousel-extra='null' itemscope itemtype=\"http:\/\/schema.org\/ImageGallery\" > <div class=\"gallery-row\" style=\"width: 640px; height: 212px;\" data-original-width=\"640\" data-original-height=\"212\" > <div class=\"gallery-group images-1\" style=\"width: 321px; height: 212px;\" data-original-width=\"321\" data-original-height=\"212\" > <div class=\"tiled-gallery-item tiled-gallery-item-large\" itemprop=\"associatedMedia\" itemscope itemtype=\"http:\/\/schema.org\/ImageObject\"> <a href=\"https:\/\/eltrabajo.cl\/portal\/nos-sirvio-como-bombero-por-15-anos-y-ahora-necesita-nuestra-ayuda\/casillero1\/\" border=\"0\" itemprop=\"url\"> <meta itemprop=\"width\" content=\"317\"> <meta itemprop=\"height\" content=\"208\"> <img decoding=\"async\" class=\"\" data-attachment-id=\"61830\" data-orig-file=\"https:\/\/eltrabajo.cl\/portal\/wp-content\/uploads\/2015\/09\/Casillero1.jpg\" data-orig-size=\"530,348\" data-comments-opened=\"1\" data-image-meta=\"{&quot;aperture&quot;:&quot;0&quot;,&quot;credit&quot;:&quot;&quot;,&quot;camera&quot;:&quot;&quot;,&quot;caption&quot;:&quot;&quot;,&quot;created_timestamp&quot;:&quot;0&quot;,&quot;copyright&quot;:&quot;&quot;,&quot;focal_length&quot;:&quot;0&quot;,&quot;iso&quot;:&quot;0&quot;,&quot;shutter_speed&quot;:&quot;0&quot;,&quot;title&quot;:&quot;&quot;,&quot;orientation&quot;:&quot;0&quot;}\" data-image-title=\"Casillero1\" data-image-description=\"&lt;p&gt;MUCHO TALENTO.- Este organigrama con los nombres y fotos de cada bombero, fue hecho por Carlos Camu. Lo muestran a Diario El Trabajo sus compa\u00f1eros de labores.&lt;\/p&gt; \" data-medium-file=\"https:\/\/i0.wp.com\/eltrabajo.cl\/portal\/wp-content\/uploads\/2015\/09\/Casillero1.jpg?fit=300%2C197&#038;ssl=1\" data-large-file=\"https:\/\/i0.wp.com\/eltrabajo.cl\/portal\/wp-content\/uploads\/2015\/09\/Casillero1.jpg?fit=530%2C348&#038;ssl=1\" src=\"https:\/\/i0.wp.com\/eltrabajo.cl\/portal\/wp-content\/uploads\/2015\/09\/Casillero1.jpg?w=317&#038;h=208&#038;ssl=1\" srcset=\"https:\/\/i0.wp.com\/eltrabajo.cl\/portal\/wp-content\/uploads\/2015\/09\/Casillero1.jpg?w=530&amp;ssl=1 530w, https:\/\/i0.wp.com\/eltrabajo.cl\/portal\/wp-content\/uploads\/2015\/09\/Casillero1.jpg?resize=200%2C131&amp;ssl=1 200w, https:\/\/i0.wp.com\/eltrabajo.cl\/portal\/wp-content\/uploads\/2015\/09\/Casillero1.jpg?resize=300%2C197&amp;ssl=1 300w, https:\/\/i0.wp.com\/eltrabajo.cl\/portal\/wp-content\/uploads\/2015\/09\/Casillero1.jpg?resize=228%2C150&amp;ssl=1 228w, https:\/\/i0.wp.com\/eltrabajo.cl\/portal\/wp-content\/uploads\/2015\/09\/Casillero1.jpg?resize=400%2C263&amp;ssl=1 400w\" width=\"317\" height=\"208\" loading=\"lazy\" data-original-width=\"317\" data-original-height=\"208\" itemprop=\"http:\/\/schema.org\/image\" title=\"Casillero1\" alt=\"MUCHO TALENTO.- Este organigrama con los nombres y fotos de cada bombero, fue hecho por Carlos Camu. Lo muestran a Diario El Trabajo sus compa\u00f1eros de labores.\" style=\"width: 317px; height: 208px;\" \/> <\/a> <div class=\"tiled-gallery-caption\" itemprop=\"caption description\"> SU CASILLERO.- El jefe de la 1\u00aa Compa\u00f1\u00eda de Bomberos, Hern\u00e1n Herrera, muestra a Diario El Trabajo el casillero vac\u00edo que usaba Carlos Camu. Cada Bingo te da derecho a diez juegos, tiene un valor de $2.000 y se realizar\u00e1 este s\u00e1bado desde las 18:00 horas en dependencias de la 2\u00aa Compa\u00f1\u00eda, Tacna Norte 22, antiguo matadero. <\/div> <\/div> <\/div> <!-- close group --> <div class=\"gallery-group images-1\" style=\"width: 319px; height: 212px;\" data-original-width=\"319\" data-original-height=\"212\" > <div class=\"tiled-gallery-item tiled-gallery-item-large\" itemprop=\"associatedMedia\" itemscope itemtype=\"http:\/\/schema.org\/ImageObject\"> <a href=\"https:\/\/eltrabajo.cl\/portal\/nos-sirvio-como-bombero-por-15-anos-y-ahora-necesita-nuestra-ayuda\/organigrama1\/\" border=\"0\" itemprop=\"url\"> <meta itemprop=\"width\" content=\"315\"> <meta itemprop=\"height\" content=\"208\"> <img decoding=\"async\" class=\"\" data-attachment-id=\"61831\" data-orig-file=\"https:\/\/eltrabajo.cl\/portal\/wp-content\/uploads\/2015\/09\/Organigrama1.jpg\" data-orig-size=\"530,350\" data-comments-opened=\"1\" data-image-meta=\"{&quot;aperture&quot;:&quot;0&quot;,&quot;credit&quot;:&quot;&quot;,&quot;camera&quot;:&quot;&quot;,&quot;caption&quot;:&quot;&quot;,&quot;created_timestamp&quot;:&quot;0&quot;,&quot;copyright&quot;:&quot;&quot;,&quot;focal_length&quot;:&quot;0&quot;,&quot;iso&quot;:&quot;0&quot;,&quot;shutter_speed&quot;:&quot;0&quot;,&quot;title&quot;:&quot;&quot;,&quot;orientation&quot;:&quot;0&quot;}\" data-image-title=\"Organigrama1\" data-image-description=\"&lt;p&gt;SU CASILLERO.- El jefe de la 1\u00aa Compa\u00f1\u00eda de Bomberos, Hern\u00e1n Herrera, muestra a Diario El Trabajo el casillero vac\u00edo que usaba Carlos Camu. Cada Bingo te da derecho a diez juegos, tiene un valor de $2.000 y se realizar\u00e1 este s\u00e1bado desde las 18:00 horas en dependencias de la 2\u00aa Compa\u00f1\u00eda, Tacna Norte 22, antiguo matadero.&lt;\/p&gt; \" data-medium-file=\"https:\/\/i0.wp.com\/eltrabajo.cl\/portal\/wp-content\/uploads\/2015\/09\/Organigrama1.jpg?fit=300%2C198&#038;ssl=1\" data-large-file=\"https:\/\/i0.wp.com\/eltrabajo.cl\/portal\/wp-content\/uploads\/2015\/09\/Organigrama1.jpg?fit=530%2C350&#038;ssl=1\" src=\"https:\/\/i0.wp.com\/eltrabajo.cl\/portal\/wp-content\/uploads\/2015\/09\/Organigrama1.jpg?w=315&#038;h=208&#038;ssl=1\" srcset=\"https:\/\/i0.wp.com\/eltrabajo.cl\/portal\/wp-content\/uploads\/2015\/09\/Organigrama1.jpg?w=530&amp;ssl=1 530w, https:\/\/i0.wp.com\/eltrabajo.cl\/portal\/wp-content\/uploads\/2015\/09\/Organigrama1.jpg?resize=200%2C132&amp;ssl=1 200w, https:\/\/i0.wp.com\/eltrabajo.cl\/portal\/wp-content\/uploads\/2015\/09\/Organigrama1.jpg?resize=300%2C198&amp;ssl=1 300w, https:\/\/i0.wp.com\/eltrabajo.cl\/portal\/wp-content\/uploads\/2015\/09\/Organigrama1.jpg?resize=227%2C150&amp;ssl=1 227w, https:\/\/i0.wp.com\/eltrabajo.cl\/portal\/wp-content\/uploads\/2015\/09\/Organigrama1.jpg?resize=400%2C264&amp;ssl=1 400w\" width=\"315\" height=\"208\" loading=\"lazy\" data-original-width=\"315\" data-original-height=\"208\" itemprop=\"http:\/\/schema.org\/image\" title=\"Organigrama1\" alt=\"SU CASILLERO.- El jefe de la 1\u00aa Compa\u00f1\u00eda de Bomberos, Hern\u00e1n Herrera, muestra a Diario El Trabajo el casillero vac\u00edo que usaba Carlos Camu. Cada Bingo te da derecho a diez juegos, tiene un valor de $2.000 y se realizar\u00e1 este s\u00e1bado desde las 18:00 horas en dependencias de la 2\u00aa Compa\u00f1\u00eda, Tacna Norte 22, antiguo matadero.\" style=\"width: 315px; height: 208px;\" \/> <\/a> <div class=\"tiled-gallery-caption\" itemprop=\"caption description\"> MUCHO TALENTO.- Este organigrama con los nombres y fotos de cada bombero, fue hecho por Carlos Camu. Lo muestran a Diario El Trabajo sus compa\u00f1eros de labores. <\/div> <\/div> <\/div> <!-- close group --> <\/div> <!-- close row --> <\/div>\n","protected":false},"excerpt":{"rendered":"<p>El hombre que durante 20 a\u00f1os ofreci\u00f3 su vida para enfrentar las emergencias que le correspondi\u00f3 atender en calidad de bombero; el sanfelipe\u00f1o que supo usar sus talentos, fuerza y juventud en&#8230;<\/p>\n","protected":false},"author":482,"featured_media":61829,"comment_status":"open","ping_status":"open","sticky":false,"template":"","format":"standard","meta":{"advanced_seo_description":"","jetpack_seo_html_title":"","jetpack_seo_noindex":false,"_jetpack_memberships_contains_paid_content":false,"footnotes":""},"categories":[15],"tags":[],"class_list":["post-61828","post","type-post","status-publish","format-standard","has-post-thumbnail","hentry","category-comunidad"],"jetpack_featured_media_url":"https:\/\/i0.wp.com\/eltrabajo.cl\/portal\/wp-content\/uploads\/2015\/09\/Carlos-Camu.jpg?fit=530%2C350&ssl=1","jetpack_sharing_enabled":true,"jetpack_likes_enabled":true,"jetpack-related-posts":[],"_links":{"self":[{"href":"https:\/\/eltrabajo.cl\/portal\/wp-json\/wp\/v2\/posts\/61828","targetHints":{"allow":["GET"]}}],"collection":[{"href":"https:\/\/eltrabajo.cl\/portal\/wp-json\/wp\/v2\/posts"}],"about":[{"href":"https:\/\/eltrabajo.cl\/portal\/wp-json\/wp\/v2\/types\/post"}],"author":[{"embeddable":true,"href":"https:\/\/eltrabajo.cl\/portal\/wp-json\/wp\/v2\/users\/482"}],"replies":[{"embeddable":true,"href":"https:\/\/eltrabajo.cl\/portal\/wp-json\/wp\/v2\/comments?post=61828"}],"version-history":[{"count":0,"href":"https:\/\/eltrabajo.cl\/portal\/wp-json\/wp\/v2\/posts\/61828\/revisions"}],"wp:featuredmedia":[{"embeddable":true,"href":"https:\/\/eltrabajo.cl\/portal\/wp-json\/wp\/v2\/media\/61829"}],"wp:attachment":[{"href":"https:\/\/eltrabajo.cl\/portal\/wp-json\/wp\/v2\/media?parent=61828"}],"wp:term":[{"taxonomy":"category","embeddable":true,"href":"https:\/\/eltrabajo.cl\/portal\/wp-json\/wp\/v2\/categories?post=61828"},{"taxonomy":"post_tag","embeddable":true,"href":"https:\/\/eltrabajo.cl\/portal\/wp-json\/wp\/v2\/tags?post=61828"}],"curies":[{"name":"wp","href":"https:\/\/api.w.org\/{rel}","templated":true}]}}