{"id":61841,"date":"2015-09-10T09:22:58","date_gmt":"2015-09-10T12:22:58","guid":{"rendered":"http:\/\/www.eltrabajo.cl\/portal\/?p=61841"},"modified":"2015-09-10T09:22:58","modified_gmt":"2015-09-10T12:22:58","slug":"concejo-se-reune-con-familias-de-comites-nuevo-amanecer-y-panquehue-centro","status":"publish","type":"post","link":"https:\/\/eltrabajo.cl\/portal\/concejo-se-reune-con-familias-de-comites-nuevo-amanecer-y-panquehue-centro\/","title":{"rendered":"Concejo se re\u00fane con familias de comit\u00e9s \u2018Nuevo Amanecer\u2019 y Panquehue Centro"},"content":{"rendered":"<figure id=\"attachment_61842\" aria-describedby=\"caption-attachment-61842\" style=\"width: 300px\" class=\"wp-caption alignleft\"><a href=\"https:\/\/i0.wp.com\/www.eltrabajo.cl\/portal\/wp-content\/uploads\/2015\/09\/reunion-municipio-panquehue.jpg\"><img data-recalc-dims=\"1\" loading=\"lazy\" decoding=\"async\" class=\"wp-image-61842 size-medium\" src=\"https:\/\/i0.wp.com\/www.eltrabajo.cl\/portal\/wp-content\/uploads\/2015\/09\/reunion-municipio-panquehue-300x199.jpg?resize=300%2C199\" alt=\"La reuni\u00f3n precedida por el alcalde Pradenas busc\u00f3 recoger las inquietudes de las familias de estos dos comit\u00e9s habitacionales panquehuinos. \" width=\"300\" height=\"199\" srcset=\"https:\/\/i0.wp.com\/eltrabajo.cl\/portal\/wp-content\/uploads\/2015\/09\/reunion-municipio-panquehue.jpg?resize=300%2C199&amp;ssl=1 300w, https:\/\/i0.wp.com\/eltrabajo.cl\/portal\/wp-content\/uploads\/2015\/09\/reunion-municipio-panquehue.jpg?resize=200%2C133&amp;ssl=1 200w, https:\/\/i0.wp.com\/eltrabajo.cl\/portal\/wp-content\/uploads\/2015\/09\/reunion-municipio-panquehue.jpg?resize=226%2C150&amp;ssl=1 226w, https:\/\/i0.wp.com\/eltrabajo.cl\/portal\/wp-content\/uploads\/2015\/09\/reunion-municipio-panquehue.jpg?resize=400%2C265&amp;ssl=1 400w, https:\/\/i0.wp.com\/eltrabajo.cl\/portal\/wp-content\/uploads\/2015\/09\/reunion-municipio-panquehue.jpg?w=528&amp;ssl=1 528w\" sizes=\"auto, (max-width: 300px) 100vw, 300px\" \/><\/a><figcaption id=\"caption-attachment-61842\" class=\"wp-caption-text\">La reuni\u00f3n precedida por el alcalde Pradenas busc\u00f3 recoger las inquietudes de las familias de estos dos comit\u00e9s habitacionales panquehuinos.<\/figcaption><\/figure>\n<ul>\n<li><strong>En la reuni\u00f3n, se analiz\u00f3 la solicitud de un grupo de 20 vecinos para ser incorporados en el APR de Panquehue Centro y la inquietud de los vecinos del comit\u00e9 Nuevo Amanecer en la construcci\u00f3n de sus viviendas.<\/strong><\/li>\n<\/ul>\n<p><strong>PANQUEHUE.<\/strong>&#8211; El concejo municipal que estuvo presidido por su alcalde Luis Pradenas, recibi\u00f3 en su sesi\u00f3n a un grupo de vecinos del comit\u00e9 habitacional \u2018Nuevo Amanecer\u2019, con el fin de conocer sus inquietudes en relaci\u00f3n a los plazos para la construcci\u00f3n de sus viviendas en el sector de Lo Campo.<br \/>\nLa directiva de este comit\u00e9 manifest\u00f3 su inquietud por la tramitaci\u00f3n en la actualizaci\u00f3n del nuevo plano regulador, pues de no ser efectivo, el proyecto podr\u00eda quedar postergado al no concretar el cambio del uso de suelo de rural a urbano, sin embargo el alcalde Pradenas, reiter\u00f3 el compromiso que existe de parte de la municipalidad y dicho proyecto habitacional se concretar\u00e1 de acuerdo a los plazos establecidos.<br \/>\nEn segunda instancia se escuch\u00f3 a un grupo de 15 vecinos del sector de Panquehue centro, quienes han solicitado al municipio interceder para que la administraci\u00f3n del APR del lugar, acceda a conectarlos al sistema, instancia que han estado esperando por largos a\u00f1os.<br \/>\nLos vecinos explicaron al concejo que ellos han esperado por casi 35 a\u00f1os una soluci\u00f3n al proceso de conexi\u00f3n a la red del APR, sin embargo esto no se ha hecho, aludiendo altos costos, lo que deben ser asumidos por los propios usuarios.<br \/>\nTras escuchar las posturas de los vecinos y de la directiva del APR, se lleg\u00f3 al acuerdo de efectuar un estudio de factibilidad t\u00e9cnica para la conexi\u00f3n, donde la municipalidad prestar\u00e1 todo su apoyo para los trabajos de los respectivos.<\/p>\n","protected":false},"excerpt":{"rendered":"<p>En la reuni\u00f3n, se analiz\u00f3 la solicitud de un grupo de 20 vecinos para ser incorporados en el APR de Panquehue Centro y la inquietud de los vecinos del comit\u00e9 Nuevo Amanecer&#8230;<\/p>\n","protected":false},"author":482,"featured_media":61842,"comment_status":"open","ping_status":"open","sticky":false,"template":"","format":"standard","meta":{"advanced_seo_description":"","jetpack_seo_html_title":"","jetpack_seo_noindex":false,"_jetpack_memberships_contains_paid_content":false,"footnotes":""},"categories":[15],"tags":[],"class_list":["post-61841","post","type-post","status-publish","format-standard","has-post-thumbnail","hentry","category-comunidad"],"jetpack_featured_media_url":"https:\/\/i0.wp.com\/eltrabajo.cl\/portal\/wp-content\/uploads\/2015\/09\/reunion-municipio-panquehue.jpg?fit=528%2C350&ssl=1","jetpack_sharing_enabled":true,"jetpack_likes_enabled":true,"jetpack-related-posts":[],"_links":{"self":[{"href":"https:\/\/eltrabajo.cl\/portal\/wp-json\/wp\/v2\/posts\/61841","targetHints":{"allow":["GET"]}}],"collection":[{"href":"https:\/\/eltrabajo.cl\/portal\/wp-json\/wp\/v2\/posts"}],"about":[{"href":"https:\/\/eltrabajo.cl\/portal\/wp-json\/wp\/v2\/types\/post"}],"author":[{"embeddable":true,"href":"https:\/\/eltrabajo.cl\/portal\/wp-json\/wp\/v2\/users\/482"}],"replies":[{"embeddable":true,"href":"https:\/\/eltrabajo.cl\/portal\/wp-json\/wp\/v2\/comments?post=61841"}],"version-history":[{"count":0,"href":"https:\/\/eltrabajo.cl\/portal\/wp-json\/wp\/v2\/posts\/61841\/revisions"}],"wp:featuredmedia":[{"embeddable":true,"href":"https:\/\/eltrabajo.cl\/portal\/wp-json\/wp\/v2\/media\/61842"}],"wp:attachment":[{"href":"https:\/\/eltrabajo.cl\/portal\/wp-json\/wp\/v2\/media?parent=61841"}],"wp:term":[{"taxonomy":"category","embeddable":true,"href":"https:\/\/eltrabajo.cl\/portal\/wp-json\/wp\/v2\/categories?post=61841"},{"taxonomy":"post_tag","embeddable":true,"href":"https:\/\/eltrabajo.cl\/portal\/wp-json\/wp\/v2\/tags?post=61841"}],"curies":[{"name":"wp","href":"https:\/\/api.w.org\/{rel}","templated":true}]}}