{"id":61844,"date":"2015-09-10T09:24:55","date_gmt":"2015-09-10T12:24:55","guid":{"rendered":"http:\/\/www.eltrabajo.cl\/portal\/?p=61844"},"modified":"2015-09-10T09:24:55","modified_gmt":"2015-09-10T12:24:55","slug":"escuela-naciones-unidas-participo-de-campeonato-deportivo-en-santiago","status":"publish","type":"post","link":"https:\/\/eltrabajo.cl\/portal\/escuela-naciones-unidas-participo-de-campeonato-deportivo-en-santiago\/","title":{"rendered":"Escuela Naciones Unidas particip\u00f3 de campeonato deportivo en Santiago"},"content":{"rendered":"<figure id=\"attachment_61845\" aria-describedby=\"caption-attachment-61845\" style=\"width: 300px\" class=\"wp-caption alignleft\"><a href=\"https:\/\/i0.wp.com\/www.eltrabajo.cl\/portal\/wp-content\/uploads\/2015\/09\/Escuela-Naciones-Unidas.jpg\"><img data-recalc-dims=\"1\" loading=\"lazy\" decoding=\"async\" class=\"wp-image-61845 size-medium\" src=\"https:\/\/i0.wp.com\/www.eltrabajo.cl\/portal\/wp-content\/uploads\/2015\/09\/Escuela-Naciones-Unidas-300x199.jpg?resize=300%2C199\" alt=\"Los estudiantes participaron de diferentes pruebas deportivas obteniendo medallas y lugares destacados en las premiaciones.\" width=\"300\" height=\"199\" srcset=\"https:\/\/i0.wp.com\/eltrabajo.cl\/portal\/wp-content\/uploads\/2015\/09\/Escuela-Naciones-Unidas.jpg?resize=300%2C199&amp;ssl=1 300w, https:\/\/i0.wp.com\/eltrabajo.cl\/portal\/wp-content\/uploads\/2015\/09\/Escuela-Naciones-Unidas.jpg?resize=200%2C133&amp;ssl=1 200w, https:\/\/i0.wp.com\/eltrabajo.cl\/portal\/wp-content\/uploads\/2015\/09\/Escuela-Naciones-Unidas.jpg?resize=226%2C150&amp;ssl=1 226w, https:\/\/i0.wp.com\/eltrabajo.cl\/portal\/wp-content\/uploads\/2015\/09\/Escuela-Naciones-Unidas.jpg?resize=400%2C265&amp;ssl=1 400w, https:\/\/i0.wp.com\/eltrabajo.cl\/portal\/wp-content\/uploads\/2015\/09\/Escuela-Naciones-Unidas.jpg?w=528&amp;ssl=1 528w\" sizes=\"auto, (max-width: 300px) 100vw, 300px\" \/><\/a><figcaption id=\"caption-attachment-61845\" class=\"wp-caption-text\">Los estudiantes participaron de diferentes pruebas deportivas obteniendo medallas y lugares destacados en las premiaciones.<\/figcaption><\/figure>\n<p><strong>LLAY LLAY.<\/strong>&#8211; Los alumnos de la Escuela Naciones Unidas participaron en el Campeonato \u2018Preparando para el Futuro Elite\u2019, realizado en el recinto deportivo del Saint George College. El Campeonato se realiz\u00f3 en la ciudad de Santiago el pasado s\u00e1bado 5 de septiembre de 2015.<br \/>\nEn el evento participaron colegios de diferentes ciudades del pa\u00eds como Vi\u00f1a del Mar, Parral, Santiago, Llay-Llay, San Felipe, etc.<br \/>\nLa competencia se realiz\u00f3 en diferentes categor\u00edas, tales como: Mini, Sub-penecas, Penecas, Sub-Preparatoria y Preparatoria.<\/p>\n<figure id=\"attachment_61846\" aria-describedby=\"caption-attachment-61846\" style=\"width: 300px\" class=\"wp-caption alignright\"><a href=\"https:\/\/i0.wp.com\/www.eltrabajo.cl\/portal\/wp-content\/uploads\/2015\/09\/Escuela-Naciones-Unidas-1.jpg\"><img data-recalc-dims=\"1\" loading=\"lazy\" decoding=\"async\" class=\"wp-image-61846 size-medium\" src=\"https:\/\/i0.wp.com\/www.eltrabajo.cl\/portal\/wp-content\/uploads\/2015\/09\/Escuela-Naciones-Unidas-1-300x199.jpg?resize=300%2C199\" alt=\"Como se puede apreciar, hubo competencias de diversas categor\u00edas en las que compitieron estudiantes de diferentes edades.\" width=\"300\" height=\"199\" srcset=\"https:\/\/i0.wp.com\/eltrabajo.cl\/portal\/wp-content\/uploads\/2015\/09\/Escuela-Naciones-Unidas-1.jpg?resize=300%2C199&amp;ssl=1 300w, https:\/\/i0.wp.com\/eltrabajo.cl\/portal\/wp-content\/uploads\/2015\/09\/Escuela-Naciones-Unidas-1.jpg?resize=200%2C133&amp;ssl=1 200w, https:\/\/i0.wp.com\/eltrabajo.cl\/portal\/wp-content\/uploads\/2015\/09\/Escuela-Naciones-Unidas-1.jpg?resize=226%2C150&amp;ssl=1 226w, https:\/\/i0.wp.com\/eltrabajo.cl\/portal\/wp-content\/uploads\/2015\/09\/Escuela-Naciones-Unidas-1.jpg?resize=400%2C265&amp;ssl=1 400w, https:\/\/i0.wp.com\/eltrabajo.cl\/portal\/wp-content\/uploads\/2015\/09\/Escuela-Naciones-Unidas-1.jpg?w=528&amp;ssl=1 528w\" sizes=\"auto, (max-width: 300px) 100vw, 300px\" \/><\/a><figcaption id=\"caption-attachment-61846\" class=\"wp-caption-text\">Como se puede apreciar, hubo competencias de diversas categor\u00edas en las que compitieron estudiantes de diferentes edades.<\/figcaption><\/figure>\n<p>Los alumnos de la Escuela Naciones Unidas demostraron sus habilidades deportivas en las diferentes categor\u00edas, obteniendo medallas y lugares destacados.<br \/>\nEn la categor\u00eda Mini obtuvo 2\u00b0 Lugar en Lanzamiento de la Pelotita Ad\u00e1n Nieto Salinas. En la categor\u00eda Sub-penecas, logr\u00f3 el 2\u00b0 Lugar Carlos Escobar Espinoza en la competencia de Lanzamiento de la Pelotita y 600 mts. con obst\u00e1culos. En la categor\u00eda Preparatoria, tambi\u00e9n obtuvo el 2\u00b0 Lugar Javier Mar\u00edn Vergara en 800 mts. con obst\u00e1culos.<br \/>\nDurante este campeonato los profesores Juan Gonz\u00e1lez Guerra, Roxana Mesina Ojeda y Juan Fuentes Pimentel estuvieron a cargo de los estudiantes que participaron del evento.<\/p>\n","protected":false},"excerpt":{"rendered":"<p>LLAY LLAY.&#8211; Los alumnos de la Escuela Naciones Unidas participaron en el Campeonato \u2018Preparando para el Futuro Elite\u2019, realizado en el recinto deportivo del Saint George College. El Campeonato se realiz\u00f3 en&#8230;<\/p>\n","protected":false},"author":482,"featured_media":61845,"comment_status":"open","ping_status":"open","sticky":false,"template":"","format":"standard","meta":{"advanced_seo_description":"","jetpack_seo_html_title":"","jetpack_seo_noindex":false,"_jetpack_memberships_contains_paid_content":false,"footnotes":""},"categories":[15],"tags":[],"class_list":["post-61844","post","type-post","status-publish","format-standard","has-post-thumbnail","hentry","category-comunidad"],"jetpack_featured_media_url":"https:\/\/i0.wp.com\/eltrabajo.cl\/portal\/wp-content\/uploads\/2015\/09\/Escuela-Naciones-Unidas.jpg?fit=528%2C350&ssl=1","jetpack_sharing_enabled":true,"jetpack_likes_enabled":true,"jetpack-related-posts":[],"_links":{"self":[{"href":"https:\/\/eltrabajo.cl\/portal\/wp-json\/wp\/v2\/posts\/61844","targetHints":{"allow":["GET"]}}],"collection":[{"href":"https:\/\/eltrabajo.cl\/portal\/wp-json\/wp\/v2\/posts"}],"about":[{"href":"https:\/\/eltrabajo.cl\/portal\/wp-json\/wp\/v2\/types\/post"}],"author":[{"embeddable":true,"href":"https:\/\/eltrabajo.cl\/portal\/wp-json\/wp\/v2\/users\/482"}],"replies":[{"embeddable":true,"href":"https:\/\/eltrabajo.cl\/portal\/wp-json\/wp\/v2\/comments?post=61844"}],"version-history":[{"count":0,"href":"https:\/\/eltrabajo.cl\/portal\/wp-json\/wp\/v2\/posts\/61844\/revisions"}],"wp:featuredmedia":[{"embeddable":true,"href":"https:\/\/eltrabajo.cl\/portal\/wp-json\/wp\/v2\/media\/61845"}],"wp:attachment":[{"href":"https:\/\/eltrabajo.cl\/portal\/wp-json\/wp\/v2\/media?parent=61844"}],"wp:term":[{"taxonomy":"category","embeddable":true,"href":"https:\/\/eltrabajo.cl\/portal\/wp-json\/wp\/v2\/categories?post=61844"},{"taxonomy":"post_tag","embeddable":true,"href":"https:\/\/eltrabajo.cl\/portal\/wp-json\/wp\/v2\/tags?post=61844"}],"curies":[{"name":"wp","href":"https:\/\/api.w.org\/{rel}","templated":true}]}}