{"id":61848,"date":"2015-09-10T09:27:30","date_gmt":"2015-09-10T12:27:30","guid":{"rendered":"http:\/\/www.eltrabajo.cl\/portal\/?p=61848"},"modified":"2015-09-10T09:27:55","modified_gmt":"2015-09-10T12:27:55","slug":"autoridades-destacan-implementacion-de-programa-pace-en-seis-establecimientos-de-la-provincia","status":"publish","type":"post","link":"https:\/\/eltrabajo.cl\/portal\/autoridades-destacan-implementacion-de-programa-pace-en-seis-establecimientos-de-la-provincia\/","title":{"rendered":"Autoridades destacan implementaci\u00f3n de programa Pace en seis establecimientos de la Provincia"},"content":{"rendered":"<figure id=\"attachment_61849\" aria-describedby=\"caption-attachment-61849\" style=\"width: 300px\" class=\"wp-caption alignleft\"><a href=\"https:\/\/i0.wp.com\/www.eltrabajo.cl\/portal\/wp-content\/uploads\/2015\/09\/Reunion-pace.jpg\"><img data-recalc-dims=\"1\" loading=\"lazy\" decoding=\"async\" class=\"wp-image-61849 size-medium\" src=\"https:\/\/i0.wp.com\/www.eltrabajo.cl\/portal\/wp-content\/uploads\/2015\/09\/Reunion-pace-300x198.jpg?resize=300%2C198\" alt=\"El gobernador Eduardo Le\u00f3n en reuni\u00f3n con Suy\u00e9n Quezada, directora Ejecutiva Pace para el Valle de Aconcagua de la UV.\" width=\"300\" height=\"198\" srcset=\"https:\/\/i0.wp.com\/eltrabajo.cl\/portal\/wp-content\/uploads\/2015\/09\/Reunion-pace.jpg?resize=300%2C198&amp;ssl=1 300w, https:\/\/i0.wp.com\/eltrabajo.cl\/portal\/wp-content\/uploads\/2015\/09\/Reunion-pace.jpg?resize=200%2C132&amp;ssl=1 200w, https:\/\/i0.wp.com\/eltrabajo.cl\/portal\/wp-content\/uploads\/2015\/09\/Reunion-pace.jpg?resize=227%2C150&amp;ssl=1 227w, https:\/\/i0.wp.com\/eltrabajo.cl\/portal\/wp-content\/uploads\/2015\/09\/Reunion-pace.jpg?resize=400%2C264&amp;ssl=1 400w, https:\/\/i0.wp.com\/eltrabajo.cl\/portal\/wp-content\/uploads\/2015\/09\/Reunion-pace.jpg?w=530&amp;ssl=1 530w\" sizes=\"auto, (max-width: 300px) 100vw, 300px\" \/><\/a><figcaption id=\"caption-attachment-61849\" class=\"wp-caption-text\">El gobernador Eduardo Le\u00f3n en reuni\u00f3n con Suy\u00e9n Quezada, directora Ejecutiva Pace para el Valle de Aconcagua de la UV.<\/figcaption><\/figure>\n<ul>\n<li><strong>M\u00e1xima autoridad provincial se reuni\u00f3 con equipo de profesionales de la Universidad de Valpara\u00edso que lleva adelante esta iniciativa Presidencial en todas las comunas.<\/strong><\/li>\n<\/ul>\n<p>Durante la ma\u00f1ana de ayer mi\u00e9rcoles, el gobernador Eduardo Le\u00f3n se reuni\u00f3 con Suy\u00e9n Quezada, directora Ejecutiva Pace para el Valle de Aconcagua de la Universidad de Valpara\u00edso, para abordar una reuni\u00f3n que tuvo como prop\u00f3sito iniciar un trabajo conjunto para que de manera colaborativa se logre establecer la pol\u00edtica iniciada en el Gobierno de la Presidenta Bachelet, conocida como Programa de Acompa\u00f1amiento y Acceso Efectivo (Pace) a la Educaci\u00f3n Superior, el que est\u00e1 orientado a restituir el derecho a la educaci\u00f3n superior a estudiantes de liceos municipales.<br \/>\nEsta iniciativa permitir\u00e1 aumentar la equidad, diversidad y calidad en la educaci\u00f3n superior, preparando acad\u00e9mica, vocacional y sicol\u00f3gicamente a los alumnos a trav\u00e9s de talleres escolares y de orientaci\u00f3n.<br \/>\nEn la actualidad, son 6 los establecimientos de la Provincia que ya pasaron la etapa de diagn\u00f3stico y a mediados de este mes inicia el proceso de implementaci\u00f3n. Se trata de; Liceo Roberto Humeres de San Felipe, Liceo Dar\u00edo Salas Santa Mar\u00eda, Colegio Panquehue, Liceo Polit\u00e9cnico de Llay Llay, Liceo Mar\u00edn Fritis de Putaendo y Liceo Chagres de Catemu.<br \/>\nAnte esto, el Gobernador Eduardo Le\u00f3n manifest\u00f3 que \u201cse est\u00e1 cumpliendo un compromiso de la Presidenta que es facilitar el acceso a la educaci\u00f3n superior de nuestros j\u00f3venes de los liceos de la Provincia. Este programa de acceso tiene un ingreso especial, as\u00ed que agradecemos a quien ejecuta este programa que es la Universidad de Valpara\u00edso. Esperamos que m\u00e1s estudiantes con talento y capacidad puedan tener otra v\u00eda de acceso a la universidad\u201d, destac\u00f3 la autoridad.<br \/>\nEn tanto, Suy\u00e9n Quezada, Directora Ejecutiva Pace, puntualiz\u00f3 que se ha trabajado durante mucho tiempo con los establecimientos y la Direcci\u00f3n Biprovincial de Educaci\u00f3n para poder llevar a cabo esta iniciativa, que ya finaliz\u00f3 su etapa de diagn\u00f3stico. \u201cEl trabajo actualmente est\u00e1 instalado. Hemos realizado la inserci\u00f3n en los colegios de San Felipe y Los Andes, hemos trabajado con la red de liceos t\u00e9cnicos junto a la Direcci\u00f3n Provincial de Educaci\u00f3n y tambi\u00e9n visitamos, junto a nuestro equipo de profesionales, todos los establecimientos del Valle de Aconcagua y ya estamos pr\u00f3ximos a realizar la inauguraci\u00f3n en nuestro Campus\u201d, finaliz\u00f3.<\/p>\n","protected":false},"excerpt":{"rendered":"<p>M\u00e1xima autoridad provincial se reuni\u00f3 con equipo de profesionales de la Universidad de Valpara\u00edso que lleva adelante esta iniciativa Presidencial en todas las comunas. Durante la ma\u00f1ana de ayer mi\u00e9rcoles, el gobernador&#8230;<\/p>\n","protected":false},"author":482,"featured_media":61849,"comment_status":"open","ping_status":"open","sticky":false,"template":"","format":"standard","meta":{"advanced_seo_description":"","jetpack_seo_html_title":"","jetpack_seo_noindex":false,"_jetpack_memberships_contains_paid_content":false,"footnotes":""},"categories":[15],"tags":[],"class_list":["post-61848","post","type-post","status-publish","format-standard","has-post-thumbnail","hentry","category-comunidad"],"jetpack_featured_media_url":"https:\/\/i0.wp.com\/eltrabajo.cl\/portal\/wp-content\/uploads\/2015\/09\/Reunion-pace.jpg?fit=530%2C350&ssl=1","jetpack_sharing_enabled":true,"jetpack_likes_enabled":true,"jetpack-related-posts":[],"_links":{"self":[{"href":"https:\/\/eltrabajo.cl\/portal\/wp-json\/wp\/v2\/posts\/61848","targetHints":{"allow":["GET"]}}],"collection":[{"href":"https:\/\/eltrabajo.cl\/portal\/wp-json\/wp\/v2\/posts"}],"about":[{"href":"https:\/\/eltrabajo.cl\/portal\/wp-json\/wp\/v2\/types\/post"}],"author":[{"embeddable":true,"href":"https:\/\/eltrabajo.cl\/portal\/wp-json\/wp\/v2\/users\/482"}],"replies":[{"embeddable":true,"href":"https:\/\/eltrabajo.cl\/portal\/wp-json\/wp\/v2\/comments?post=61848"}],"version-history":[{"count":0,"href":"https:\/\/eltrabajo.cl\/portal\/wp-json\/wp\/v2\/posts\/61848\/revisions"}],"wp:featuredmedia":[{"embeddable":true,"href":"https:\/\/eltrabajo.cl\/portal\/wp-json\/wp\/v2\/media\/61849"}],"wp:attachment":[{"href":"https:\/\/eltrabajo.cl\/portal\/wp-json\/wp\/v2\/media?parent=61848"}],"wp:term":[{"taxonomy":"category","embeddable":true,"href":"https:\/\/eltrabajo.cl\/portal\/wp-json\/wp\/v2\/categories?post=61848"},{"taxonomy":"post_tag","embeddable":true,"href":"https:\/\/eltrabajo.cl\/portal\/wp-json\/wp\/v2\/tags?post=61848"}],"curies":[{"name":"wp","href":"https:\/\/api.w.org\/{rel}","templated":true}]}}