{"id":61852,"date":"2015-09-10T09:28:57","date_gmt":"2015-09-10T12:28:57","guid":{"rendered":"http:\/\/www.eltrabajo.cl\/portal\/?p=61852"},"modified":"2015-09-10T09:28:57","modified_gmt":"2015-09-10T12:28:57","slug":"cateminos-celebran-inicio-de-fiestas-patrias-con-fiesta-costumbrista-y-misa-a-la-chilena","status":"publish","type":"post","link":"https:\/\/eltrabajo.cl\/portal\/cateminos-celebran-inicio-de-fiestas-patrias-con-fiesta-costumbrista-y-misa-a-la-chilena\/","title":{"rendered":"Cateminos celebran inicio de fiestas patrias con fiesta costumbrista y misa a la chilena"},"content":{"rendered":"<figure id=\"attachment_61853\" aria-describedby=\"caption-attachment-61853\" style=\"width: 300px\" class=\"wp-caption alignleft\"><a href=\"https:\/\/i0.wp.com\/www.eltrabajo.cl\/portal\/wp-content\/uploads\/2015\/09\/misa-a-la-chilena.jpg\"><img data-recalc-dims=\"1\" loading=\"lazy\" decoding=\"async\" class=\"wp-image-61853 size-medium\" src=\"https:\/\/i0.wp.com\/www.eltrabajo.cl\/portal\/wp-content\/uploads\/2015\/09\/misa-a-la-chilena-300x199.jpg?resize=300%2C199\" alt=\"Durante la celebraci\u00f3n de la eucarist\u00eda, el alcalde Luksic tambi\u00e9n quiso participar bailando un pie de cueca.\" width=\"300\" height=\"199\" srcset=\"https:\/\/i0.wp.com\/eltrabajo.cl\/portal\/wp-content\/uploads\/2015\/09\/misa-a-la-chilena.jpg?resize=300%2C199&amp;ssl=1 300w, https:\/\/i0.wp.com\/eltrabajo.cl\/portal\/wp-content\/uploads\/2015\/09\/misa-a-la-chilena.jpg?resize=200%2C133&amp;ssl=1 200w, https:\/\/i0.wp.com\/eltrabajo.cl\/portal\/wp-content\/uploads\/2015\/09\/misa-a-la-chilena.jpg?resize=226%2C150&amp;ssl=1 226w, https:\/\/i0.wp.com\/eltrabajo.cl\/portal\/wp-content\/uploads\/2015\/09\/misa-a-la-chilena.jpg?resize=400%2C265&amp;ssl=1 400w, https:\/\/i0.wp.com\/eltrabajo.cl\/portal\/wp-content\/uploads\/2015\/09\/misa-a-la-chilena.jpg?w=528&amp;ssl=1 528w\" sizes=\"auto, (max-width: 300px) 100vw, 300px\" \/><\/a><figcaption id=\"caption-attachment-61853\" class=\"wp-caption-text\">Durante la celebraci\u00f3n de la eucarist\u00eda, el alcalde Luksic tambi\u00e9n quiso participar bailando un pie de cueca.<\/figcaption><\/figure>\n<p><strong>CATEMU.<\/strong>&#8211; Todo un \u00e9xito result\u00f3 la Fiesta Costumbrista 2015, y la Misa a la chilena, realizadas el pasado fin de semana en Catemu, donde la comunidad catemina acude en masa a celebrar en torno a nuestras tradiciones.<br \/>\nCon el saludo del alcalde Boris Luksic se dio por inaugurada la Fiesta Costumbrista, pasado el mediod\u00eda del s\u00e1bado, que cont\u00f3 con la presencia de los concejales, Aurora Medina, Richard Concha y Carlos Meneses; entre otros invitados y una gran cantidad de personas que durante todo el d\u00eda disfrutaron de esta instancia familiar.<br \/>\nComo ya es tradici\u00f3n las escuelas y jardines municipales ofrecen comidas t\u00edpicas en sus stands, preparados con especial dedicaci\u00f3n, de los que se elige el mejor decorado.<br \/>\nUn total de 20 artesanos cateminos tuvieron la posibilidad de exponer y comercializar sus productos en medio de esta festividad donde cientos de personas asistieron, siendo una excelente oportunidad para ellos.<br \/>\nEn medio de un ambiente dieciochero, con chinchinero y organillero incluido; con la animaci\u00f3n de Mauricio Henr\u00edquez; la presentaci\u00f3n de grupos de baile de las Escuelas y jardines de la comuna; campeonato de cueca por niveles; y para terminar la presentaci\u00f3n de los Hermanos Bustos, que hicieron bailar al p\u00fablico hasta altas horas de la noche.<br \/>\nEn esta oportunidad se present\u00f3 el Ballet folcl\u00f3rico municipal de Catemu, Munay Tusuy, realiz\u00f3 su presentaci\u00f3n estreno, ya que fue conformado este a\u00f1o y demostr\u00f3 ante el p\u00fablico la calidad de su elenco.<br \/>\nEl d\u00eda domingo se realiz\u00f3 la Misa a la Chilena organizada por el Municipio, en esta ocasi\u00f3n junto a la comunidad de Santa Isabel, a la que asisti\u00f3 el alcalde Boris Luksic, su esposa Patricia Salas; los concejales Aurora Medina, Claudio N\u00fa\u00f1ez, Richard Concha y Carlos Meneses; las dirigentes del sector Filomena Escalona y Rosa Ortega y los vecinos del sector.<br \/>\nLa Eucarist\u00eda fue guiada por el cura p\u00e1rroco de Catemu, Manuel Fajardo; los cantos estuvieron a cargo del coro de David y las ofrendas por parte de la comunidad de Santa Isabel.<br \/>\nLuego de la celebraci\u00f3n el Alcalde dio un saludo a los presentes, seguido de los tradicionales pies de cueca que bail\u00f3 una pareja huasa del sector, junto a las autoridades y luego, espont\u00e1neamente, se sum\u00f3 la comunidad.<br \/>\n\u201cComo siempre hemos organizado una serie de actividades en el marco del mes de la Patria, con el objetivo de mantener nuestras tradiciones y otorgar a nuestra gente un abanico de posibilidades sin salir de Catemu\u201d, se\u00f1al\u00f3 el alcalde Boris Luksic.<\/p>\n","protected":false},"excerpt":{"rendered":"<p>CATEMU.&#8211; Todo un \u00e9xito result\u00f3 la Fiesta Costumbrista 2015, y la Misa a la chilena, realizadas el pasado fin de semana en Catemu, donde la comunidad catemina acude en masa a celebrar&#8230;<\/p>\n","protected":false},"author":482,"featured_media":61853,"comment_status":"open","ping_status":"open","sticky":false,"template":"","format":"standard","meta":{"advanced_seo_description":"","jetpack_seo_html_title":"","jetpack_seo_noindex":false,"_jetpack_memberships_contains_paid_content":false,"footnotes":""},"categories":[1],"tags":[],"class_list":["post-61852","post","type-post","status-publish","format-standard","has-post-thumbnail","hentry","category-cronica"],"jetpack_featured_media_url":"https:\/\/i0.wp.com\/eltrabajo.cl\/portal\/wp-content\/uploads\/2015\/09\/misa-a-la-chilena.jpg?fit=528%2C350&ssl=1","jetpack_sharing_enabled":true,"jetpack_likes_enabled":true,"jetpack-related-posts":[],"_links":{"self":[{"href":"https:\/\/eltrabajo.cl\/portal\/wp-json\/wp\/v2\/posts\/61852","targetHints":{"allow":["GET"]}}],"collection":[{"href":"https:\/\/eltrabajo.cl\/portal\/wp-json\/wp\/v2\/posts"}],"about":[{"href":"https:\/\/eltrabajo.cl\/portal\/wp-json\/wp\/v2\/types\/post"}],"author":[{"embeddable":true,"href":"https:\/\/eltrabajo.cl\/portal\/wp-json\/wp\/v2\/users\/482"}],"replies":[{"embeddable":true,"href":"https:\/\/eltrabajo.cl\/portal\/wp-json\/wp\/v2\/comments?post=61852"}],"version-history":[{"count":0,"href":"https:\/\/eltrabajo.cl\/portal\/wp-json\/wp\/v2\/posts\/61852\/revisions"}],"wp:featuredmedia":[{"embeddable":true,"href":"https:\/\/eltrabajo.cl\/portal\/wp-json\/wp\/v2\/media\/61853"}],"wp:attachment":[{"href":"https:\/\/eltrabajo.cl\/portal\/wp-json\/wp\/v2\/media?parent=61852"}],"wp:term":[{"taxonomy":"category","embeddable":true,"href":"https:\/\/eltrabajo.cl\/portal\/wp-json\/wp\/v2\/categories?post=61852"},{"taxonomy":"post_tag","embeddable":true,"href":"https:\/\/eltrabajo.cl\/portal\/wp-json\/wp\/v2\/tags?post=61852"}],"curies":[{"name":"wp","href":"https:\/\/api.w.org\/{rel}","templated":true}]}}