{"id":61855,"date":"2015-09-10T09:30:07","date_gmt":"2015-09-10T12:30:07","guid":{"rendered":"http:\/\/www.eltrabajo.cl\/portal\/?p=61855"},"modified":"2015-09-10T09:30:07","modified_gmt":"2015-09-10T12:30:07","slug":"declaracion-de-alma-ata-sigue-siendo-un-rumbo-en-el-sistema-sanitario","status":"publish","type":"post","link":"https:\/\/eltrabajo.cl\/portal\/declaracion-de-alma-ata-sigue-siendo-un-rumbo-en-el-sistema-sanitario\/","title":{"rendered":"Declaraci\u00f3n de Alma Ata sigue siendo un rumbo en el sistema sanitario"},"content":{"rendered":"<figure id=\"attachment_61856\" aria-describedby=\"caption-attachment-61856\" style=\"width: 300px\" class=\"wp-caption alignleft\"><a href=\"https:\/\/i0.wp.com\/www.eltrabajo.cl\/portal\/wp-content\/uploads\/2015\/09\/Dra.-Vilma-Olave-2.jpg\"><img data-recalc-dims=\"1\" loading=\"lazy\" decoding=\"async\" class=\"wp-image-61856 size-medium\" src=\"https:\/\/i0.wp.com\/www.eltrabajo.cl\/portal\/wp-content\/uploads\/2015\/09\/Dra.-Vilma-Olave-2-300x197.jpg?resize=300%2C197\" alt=\"Dra. Vilma Olave, directora del Servicio de Salud Aconcagua.\" width=\"300\" height=\"197\" srcset=\"https:\/\/i0.wp.com\/eltrabajo.cl\/portal\/wp-content\/uploads\/2015\/09\/Dra.-Vilma-Olave-2.jpg?resize=300%2C197&amp;ssl=1 300w, https:\/\/i0.wp.com\/eltrabajo.cl\/portal\/wp-content\/uploads\/2015\/09\/Dra.-Vilma-Olave-2.jpg?resize=200%2C131&amp;ssl=1 200w, https:\/\/i0.wp.com\/eltrabajo.cl\/portal\/wp-content\/uploads\/2015\/09\/Dra.-Vilma-Olave-2.jpg?resize=228%2C150&amp;ssl=1 228w, https:\/\/i0.wp.com\/eltrabajo.cl\/portal\/wp-content\/uploads\/2015\/09\/Dra.-Vilma-Olave-2.jpg?resize=400%2C263&amp;ssl=1 400w, https:\/\/i0.wp.com\/eltrabajo.cl\/portal\/wp-content\/uploads\/2015\/09\/Dra.-Vilma-Olave-2.jpg?w=530&amp;ssl=1 530w\" sizes=\"auto, (max-width: 300px) 100vw, 300px\" \/><\/a><figcaption id=\"caption-attachment-61856\" class=\"wp-caption-text\">Dra. Vilma Olave, directora del Servicio de Salud Aconcagua.<\/figcaption><\/figure>\n<p>En estos d\u00edas que los establecimientos de atenci\u00f3n primaria de salud del pa\u00eds celebran un nuevo aniversario, la Dra. Vilma Olave se\u00f1al\u00f3 que los principios morales que la sustentan 37 a\u00f1os despu\u00e9s est\u00e1n completamente vigentes en el Programa de Gobierno de la Presidenta Bachelet.<br \/>\nLa Directora del Servicio de Salud Aconcagua, Dra. Vilma Olave, pr\u00f3ximo a conmemorarse 37 a\u00f1os de la Conferencia Internacional sobre Atenci\u00f3n Primaria de Salud celebrada en 1978 en Alma Ata, afirm\u00f3 que por primera vez la salud en esa oportunidad se reconoc\u00eda como un derecho humano fundamental y lograr su grado m\u00e1s alto posible fue un objetivo p\u00fablico social.<br \/>\nElementos que precisamente inspiran al Programa de Salud del Gobierno de la Presidenta Michelle Bachelet, agreg\u00f3 la profesional, y que la Ministra de Salud, Dra. Carmen Castillo, la Subsecretaria de Redes Asistenciales, Dra. Ang\u00e9lica Verdugo, junto a la ex Ministra de Salud Dra. Helia Molina, fueron las principales autoras para formular las actuales pol\u00edticas, asentando con ello un proceso pol\u00edtico e institucional para fortalecer esta estrategia y cuya realizaci\u00f3n es responsabilidad de todos los actores sociales, econ\u00f3micos y pol\u00edticos.<br \/>\n\u201cPara resolver las profundas desigualdades y ser verdaderamente una sociedad desarrollada necesitamos superar la segregaci\u00f3n social y promover un sistema sanitario integral, que favorezca la inclusi\u00f3n y la humanizaci\u00f3n como valores centrales. Declaraciones que son los pilares en cada una de las reformas planteadas por la Presidenta Bachelet y que en salud en nada se distancian de la declaraci\u00f3n de la Conferencia Internacional que hace 37 a\u00f1os atr\u00e1s algunas naciones del mundo formularon en la ciudad de Alma Ata.<br \/>\n\u201cAhora que conmemoramos un a\u00f1o m\u00e1s, tenemos que rescatar y validar esta pol\u00edtica de atenci\u00f3n primaria de salud con enfoque de derechos. Tenemos que avanzar hacia un sistema de salud eficaz e integrado, que proporcione servicios de promoci\u00f3n, prevenci\u00f3n, curaci\u00f3n y rehabilitaci\u00f3n. Una atenci\u00f3n de salud que responda a las prioridades nacionales y locales, que disponga de servicios b\u00e1sicos para todas las comunidades del pa\u00eds, que incorpore la educaci\u00f3n en materia de salud en las mallas escolares y que promueva una participaci\u00f3n inclusiva, documentada y activa de la comunidad. Es la forma de garantizar accesibilidad para todos, ricos y pobres, grupos \u00e9tnicos, para los que viven en zonas urbanas y rurales y tambi\u00e9n para las comunidades m\u00e1s desfavorecidas.<br \/>\n\u201cUna estrategia que para este gobierno ha sido vital y que lo ha manifestado con el apoyo t\u00e9cnico y financiero entregado estos dos \u00faltimos a\u00f1os. En m\u00e1s de una oportunidad en Aconcagua hemos anunciado la construcci\u00f3n de dos Sapu de Alta Resolutividad, SAR, que este a\u00f1o comenzaremos a construir en Los Andes y el pr\u00f3ximo en San Felipe. El aumento de equipos y de tecnolog\u00eda que hemos adquirido e incorporado en toda la red de establecimientos de salud primaria, junto al aumento y entrega gratuita de medicamentos que hoy d\u00eda garantizamos su entrega a trav\u00e9s de los Cesfam. La ampliaci\u00f3n de programas de salud primaria, principalmente odontol\u00f3gicos, que desde el a\u00f1o pasado entregamos a toda su poblaci\u00f3n beneficiaria, junto al aumento del recurso humano, especialmente de m\u00e9dicos de salud familiar, que tambi\u00e9n hemos ido dotando en los centros de salud primaria de la zona.<br \/>\n\u201cCompromisos que hemos ido sosteniendo simult\u00e1neamente con la reposici\u00f3n de todos los establecimientos de atenci\u00f3n primaria de salud de Aconcagua. Entre este y el pr\u00f3ximo a\u00f1o iniciaremos las obras de ejecuci\u00f3n de construcci\u00f3n de las obras del nuevo Cesfam de Panquehue y Calle Larga, respectivamente. Desde el pr\u00f3ximo 21 de septiembre en toda la red de atenci\u00f3n primaria incorporaremos el servicio de Gesti\u00f3n de la Demanda Asistencial, GDA, para que la gente por tel\u00e9fono pida su hora de atenci\u00f3n m\u00e9dica y evite la fila, el tiempo de espera y el gasto de locomoci\u00f3n que normalmente tiene que realizar. Del mismo modo, tambi\u00e9n nuestro inter\u00e9s es que pronto podamos anunciar la derivaci\u00f3n de especialistas a los centros de salud familiar, Cesfam, para mejorar la accesibilidad y oportunidad de la atenci\u00f3n m\u00e9dica en este nivel de atenci\u00f3n.<br \/>\n\u201cHoy en d\u00eda, nadie puede desconocer que la salud es un derecho fundamental de los ciudadanos y que el Estado debe garantizar. Tampoco es posible desconocer el enorme trabajo sanitario que como pa\u00eds se ha desarrollado, teniendo presente las Garant\u00edas Explicitas en Salud, la implementaci\u00f3n en todos los establecimientos de atenci\u00f3n primaria de los Programas por Infecciones Respiratorias Agudas, IRA, y Enfermedades Respiratorias Agudas, ERA, el programa Chile Crece Contigo, programas preventivos para la poblaci\u00f3n adulto mayor y adultos con factores de riesgo cardiovascular y \u00faltimamente la incorporaci\u00f3n de terapias de rehabilitaci\u00f3n que favorezcan la funcionalidad del paciente.<br \/>\n\u201cPlanes de salud de nuestro pa\u00eds que tienen un enfoque social y que responde a estos conceptos fundamentales contenidos en la declaraci\u00f3n de Alma Ata y que seguiremos trabajando con el mismo inter\u00e9s y responsabilidad en Aconcagua. Llamo a los equipos de salud y a todos los actores sociales, econ\u00f3micos y pol\u00edticos, a continuar trabajando en la promoci\u00f3n, prevenci\u00f3n, tratamiento y rehabilitaci\u00f3n de la salud. A fomentar la autorresponsabilidad y la participaci\u00f3n de la comunidad y del individuo en la planificaci\u00f3n, la organizaci\u00f3n, el funcionamiento y el control. Especialmente ahora, donde el gobierno y el ministerio han movilizado recursos importantes para la atenci\u00f3n primaria de salud, prop\u00f3sito clave para alcanzar un mayor desarrollo de la justicia social\u201d, concluy\u00f3 la Directora del Servicio de Salud Aconcagua, Dra. Vilma Olave.<\/p>\n","protected":false},"excerpt":{"rendered":"<p>En estos d\u00edas que los establecimientos de atenci\u00f3n primaria de salud del pa\u00eds celebran un nuevo aniversario, la Dra. Vilma Olave se\u00f1al\u00f3 que los principios morales que la sustentan 37 a\u00f1os despu\u00e9s&#8230;<\/p>\n","protected":false},"author":482,"featured_media":61856,"comment_status":"open","ping_status":"open","sticky":false,"template":"","format":"standard","meta":{"advanced_seo_description":"","jetpack_seo_html_title":"","jetpack_seo_noindex":false,"_jetpack_memberships_contains_paid_content":false,"footnotes":""},"categories":[1],"tags":[],"class_list":["post-61855","post","type-post","status-publish","format-standard","has-post-thumbnail","hentry","category-cronica"],"jetpack_featured_media_url":"https:\/\/i0.wp.com\/eltrabajo.cl\/portal\/wp-content\/uploads\/2015\/09\/Dra.-Vilma-Olave-2.jpg?fit=530%2C348&ssl=1","jetpack_sharing_enabled":true,"jetpack_likes_enabled":true,"jetpack-related-posts":[],"_links":{"self":[{"href":"https:\/\/eltrabajo.cl\/portal\/wp-json\/wp\/v2\/posts\/61855","targetHints":{"allow":["GET"]}}],"collection":[{"href":"https:\/\/eltrabajo.cl\/portal\/wp-json\/wp\/v2\/posts"}],"about":[{"href":"https:\/\/eltrabajo.cl\/portal\/wp-json\/wp\/v2\/types\/post"}],"author":[{"embeddable":true,"href":"https:\/\/eltrabajo.cl\/portal\/wp-json\/wp\/v2\/users\/482"}],"replies":[{"embeddable":true,"href":"https:\/\/eltrabajo.cl\/portal\/wp-json\/wp\/v2\/comments?post=61855"}],"version-history":[{"count":0,"href":"https:\/\/eltrabajo.cl\/portal\/wp-json\/wp\/v2\/posts\/61855\/revisions"}],"wp:featuredmedia":[{"embeddable":true,"href":"https:\/\/eltrabajo.cl\/portal\/wp-json\/wp\/v2\/media\/61856"}],"wp:attachment":[{"href":"https:\/\/eltrabajo.cl\/portal\/wp-json\/wp\/v2\/media?parent=61855"}],"wp:term":[{"taxonomy":"category","embeddable":true,"href":"https:\/\/eltrabajo.cl\/portal\/wp-json\/wp\/v2\/categories?post=61855"},{"taxonomy":"post_tag","embeddable":true,"href":"https:\/\/eltrabajo.cl\/portal\/wp-json\/wp\/v2\/tags?post=61855"}],"curies":[{"name":"wp","href":"https:\/\/api.w.org\/{rel}","templated":true}]}}