{"id":61858,"date":"2015-09-10T09:33:08","date_gmt":"2015-09-10T12:33:08","guid":{"rendered":"http:\/\/www.eltrabajo.cl\/portal\/?p=61858"},"modified":"2015-09-10T09:33:08","modified_gmt":"2015-09-10T12:33:08","slug":"bloqueando-el-acceso-a-saladillo-trabajadores-de-andina-inician-huelga-general","status":"publish","type":"post","link":"https:\/\/eltrabajo.cl\/portal\/bloqueando-el-acceso-a-saladillo-trabajadores-de-andina-inician-huelga-general\/","title":{"rendered":"Bloqueando el acceso a Saladillo trabajadores de Andina inician huelga general"},"content":{"rendered":"<figure id=\"attachment_61859\" aria-describedby=\"caption-attachment-61859\" style=\"width: 300px\" class=\"wp-caption alignleft\"><a href=\"https:\/\/i0.wp.com\/www.eltrabajo.cl\/portal\/wp-content\/uploads\/2015\/09\/Protestas-trabajadores-andina.-2.jpg\"><img data-recalc-dims=\"1\" loading=\"lazy\" decoding=\"async\" class=\"wp-image-61859 size-medium\" src=\"https:\/\/i0.wp.com\/www.eltrabajo.cl\/portal\/wp-content\/uploads\/2015\/09\/Protestas-trabajadores-andina.-2-300x199.jpg?resize=300%2C199\" alt=\"Como parte del bloqueo del camino, los trabajadores hicieron barricadas con neum\u00e1ticos.\" width=\"300\" height=\"199\" srcset=\"https:\/\/i0.wp.com\/eltrabajo.cl\/portal\/wp-content\/uploads\/2015\/09\/Protestas-trabajadores-andina.-2.jpg?resize=300%2C199&amp;ssl=1 300w, https:\/\/i0.wp.com\/eltrabajo.cl\/portal\/wp-content\/uploads\/2015\/09\/Protestas-trabajadores-andina.-2.jpg?resize=200%2C133&amp;ssl=1 200w, https:\/\/i0.wp.com\/eltrabajo.cl\/portal\/wp-content\/uploads\/2015\/09\/Protestas-trabajadores-andina.-2.jpg?resize=226%2C150&amp;ssl=1 226w, https:\/\/i0.wp.com\/eltrabajo.cl\/portal\/wp-content\/uploads\/2015\/09\/Protestas-trabajadores-andina.-2.jpg?resize=400%2C265&amp;ssl=1 400w, https:\/\/i0.wp.com\/eltrabajo.cl\/portal\/wp-content\/uploads\/2015\/09\/Protestas-trabajadores-andina.-2.jpg?w=528&amp;ssl=1 528w\" sizes=\"auto, (max-width: 300px) 100vw, 300px\" \/><\/a><figcaption id=\"caption-attachment-61859\" class=\"wp-caption-text\">Como parte del bloqueo del camino, los trabajadores hicieron barricadas con neum\u00e1ticos.<\/figcaption><\/figure>\n<ul>\n<li><strong>Casino ubicado en el campamento minero tambi\u00e9n fue tomado.<\/strong><\/li>\n<\/ul>\n<p><strong>LOS ANDES<\/strong>.- Con un bloqueo del acceso a Saladillo y el camino al \u00e1rea industrial se inici\u00f3 a contar de las 6 de la ma\u00f1ana de este mi\u00e9rcoles, la movilizaci\u00f3n de los trabajadores contratistas de la Divisi\u00f3n Andina de Codelco.<br \/>\nCerca de un centenar de trabajadores comenzaron a levantar barricadas en diversos puntos a fin de impedir el ingreso o salida de los turnos.<br \/>\nParalelo a ello un grupo de trabajadores se tom\u00f3 las instalaciones del casino ubicado al interior de Saladillo.<br \/>\nDe esta manera los trabajadores dieron inicio a la huelga general de los trabajadores contratistas de Codelco a nivel nacional, en protesta por no llegar a acuerdos en la mesa negociadora que busca revalidar el acuerdo marco y mejorar sus derechos laborales.<\/p>\n<figure id=\"attachment_61860\" aria-describedby=\"caption-attachment-61860\" style=\"width: 300px\" class=\"wp-caption alignright\"><a href=\"https:\/\/i0.wp.com\/www.eltrabajo.cl\/portal\/wp-content\/uploads\/2015\/09\/Protestas-trabajadores-andina.jpg\"><img data-recalc-dims=\"1\" loading=\"lazy\" decoding=\"async\" class=\"wp-image-61860 size-medium\" src=\"https:\/\/i0.wp.com\/www.eltrabajo.cl\/portal\/wp-content\/uploads\/2015\/09\/Protestas-trabajadores-andina-300x197.jpg?resize=300%2C197\" alt=\"A las 6 de la ma\u00f1ana, trabajadores contratistas de Andina hab\u00edan bloqueado algunos caminos, dando inicio a las movilizaciones por el nuevo paro nacional.\" width=\"300\" height=\"197\" srcset=\"https:\/\/i0.wp.com\/eltrabajo.cl\/portal\/wp-content\/uploads\/2015\/09\/Protestas-trabajadores-andina.jpg?resize=300%2C197&amp;ssl=1 300w, https:\/\/i0.wp.com\/eltrabajo.cl\/portal\/wp-content\/uploads\/2015\/09\/Protestas-trabajadores-andina.jpg?resize=200%2C131&amp;ssl=1 200w, https:\/\/i0.wp.com\/eltrabajo.cl\/portal\/wp-content\/uploads\/2015\/09\/Protestas-trabajadores-andina.jpg?resize=228%2C150&amp;ssl=1 228w, https:\/\/i0.wp.com\/eltrabajo.cl\/portal\/wp-content\/uploads\/2015\/09\/Protestas-trabajadores-andina.jpg?resize=400%2C263&amp;ssl=1 400w, https:\/\/i0.wp.com\/eltrabajo.cl\/portal\/wp-content\/uploads\/2015\/09\/Protestas-trabajadores-andina.jpg?w=530&amp;ssl=1 530w\" sizes=\"auto, (max-width: 300px) 100vw, 300px\" \/><\/a><figcaption id=\"caption-attachment-61860\" class=\"wp-caption-text\">A las 6 de la ma\u00f1ana, trabajadores contratistas de Andina hab\u00edan bloqueado algunos caminos, dando inicio a las movilizaciones por el nuevo paro nacional.<\/figcaption><\/figure>\n<p>El Presidente de la Fetramin, Guillermo Candia, indic\u00f3 que llevar\u00e1n adelante diversas acciones de protesta hasta lograr que Codelco entregue una propuesta que satisfaga las demandas de los contratistas.<br \/>\nPara impedir el acceso de las Fuerzas Especiales de Carabineros, los trabajadores cruzaron algunos veh\u00edculos e incendiaron parcialmente un bus, produci\u00e9ndose algunos enfrentamientos que no dejaron lesionados ni tampoco detenidos.<\/p>\n<p><strong>REACCI\u00d3N DE CODELCO<\/strong><br \/>\nAnte estos violentos hechos, Codelco manifest\u00f3 su repudio contra estas acciones que se alejan completamente del llamado al di\u00e1logo y hacen retroceder las conversaciones entre los trabajadores movilizados y las empresas contratistas. Cabe recordar que la semana pasada la dirigencia de la CTC abandon\u00f3 unilateralmente la mesa de di\u00e1logo tras rechazar la propuesta de la Asociaci\u00f3n Gremial de Empresas de la Miner\u00eda y Rubros Afines (Agema), que inclu\u00eda el incremento de un 60% del incentivo actual referido a metas de productividad.<br \/>\nLas movilizaciones de la CTC han significado una merma de US$80 millones a Codelco, p\u00e9rdida que se agrega a la disminuci\u00f3n de sus utilidades como consecuencia de la ca\u00edda del precio del cobre, fruto de lo cual ha disminuido sus excedentes al Estado en un 33% en el \u00faltimo per\u00edodo.<br \/>\nPatricio Ch\u00e1vez, vicepresidente de Asuntos P\u00fablicos y Sustentabilidad, recalc\u00f3 que \u201cestas movilizaciones son injustificadas considerando que sobre la mesa hay un plan de trabajo elaborado por Agema que incluye beneficios sustantivos para todos los trabajadores contratistas\u201d. Adem\u00e1s, se\u00f1al\u00f3 que hasta la fecha, \u201cla CTC no ha formulado ninguna propuesta concreta u observaciones a lo presentado por Agema\u201d.<br \/>\nPor su parte, el di\u00e1logo contin\u00faa dentro del marco institucional con dos de las tres agrupaciones de sindicatos de contratistas: la Coordinadora Nacional de Trabajadores Contratistas del Cobre (CNTC) y la Asociaci\u00f3n de Sindicatos Base (ASIB). Ambas agrupaciones han manifestado sus inquietudes a la estatal, la que en coordinaci\u00f3n con las empresas contratistas est\u00e1 trabajando en la mejor f\u00f3rmula para abordar el conjunto de desaf\u00edos, buscando soluciones de largo plazo, que generen valor para Codelco, para las empresas contratistas, los trabajadores y para Chile.<\/p>\n<p><strong>UN TRABAJADOR HERIDO<\/strong><br \/>\nHasta ahora, han dejado un herido las movilizaciones de los contratistas en el camino de acceso a Saladillo y el \u00e1rea industrial de Codelco Andina.<br \/>\nJunto a las barricadas, durante la ma\u00f1ana los trabajadores movilizados cruzaron furgones y buses en la ruta para impedir la llegada de Fuerzas Especiales de Carabineros, lo que finalmente se concret\u00f3 pasadas las 13 horas.<br \/>\nEn primera instancia los manifestantes intentaron quemar un bus de la empresa JM que presta servicios para la minera, no logrando su cometido, ni tampoco resultando el chofer y otras personas lesionadas.<br \/>\nTras ello se produjo el inevitable enfrentamiento entre trabajadores y fuerzas policiales, resultando un contratista herido en el rostro al recibir el impacto de una bomba lacrim\u00f3gena, debiendo ser asistido por sus compa\u00f1eros y trasladado hasta el policl\u00ednico de Saladillo.<\/p>\n","protected":false},"excerpt":{"rendered":"<p>Casino ubicado en el campamento minero tambi\u00e9n fue tomado. LOS ANDES.- Con un bloqueo del acceso a Saladillo y el camino al \u00e1rea industrial se inici\u00f3 a contar de las 6 de&#8230;<\/p>\n","protected":false},"author":482,"featured_media":61859,"comment_status":"open","ping_status":"open","sticky":false,"template":"","format":"standard","meta":{"advanced_seo_description":"","jetpack_seo_html_title":"","jetpack_seo_noindex":false,"_jetpack_memberships_contains_paid_content":false,"footnotes":""},"categories":[1],"tags":[],"class_list":["post-61858","post","type-post","status-publish","format-standard","has-post-thumbnail","hentry","category-cronica"],"jetpack_featured_media_url":"https:\/\/i0.wp.com\/eltrabajo.cl\/portal\/wp-content\/uploads\/2015\/09\/Protestas-trabajadores-andina.-2.jpg?fit=528%2C350&ssl=1","jetpack_sharing_enabled":true,"jetpack_likes_enabled":true,"jetpack-related-posts":[],"_links":{"self":[{"href":"https:\/\/eltrabajo.cl\/portal\/wp-json\/wp\/v2\/posts\/61858","targetHints":{"allow":["GET"]}}],"collection":[{"href":"https:\/\/eltrabajo.cl\/portal\/wp-json\/wp\/v2\/posts"}],"about":[{"href":"https:\/\/eltrabajo.cl\/portal\/wp-json\/wp\/v2\/types\/post"}],"author":[{"embeddable":true,"href":"https:\/\/eltrabajo.cl\/portal\/wp-json\/wp\/v2\/users\/482"}],"replies":[{"embeddable":true,"href":"https:\/\/eltrabajo.cl\/portal\/wp-json\/wp\/v2\/comments?post=61858"}],"version-history":[{"count":0,"href":"https:\/\/eltrabajo.cl\/portal\/wp-json\/wp\/v2\/posts\/61858\/revisions"}],"wp:featuredmedia":[{"embeddable":true,"href":"https:\/\/eltrabajo.cl\/portal\/wp-json\/wp\/v2\/media\/61859"}],"wp:attachment":[{"href":"https:\/\/eltrabajo.cl\/portal\/wp-json\/wp\/v2\/media?parent=61858"}],"wp:term":[{"taxonomy":"category","embeddable":true,"href":"https:\/\/eltrabajo.cl\/portal\/wp-json\/wp\/v2\/categories?post=61858"},{"taxonomy":"post_tag","embeddable":true,"href":"https:\/\/eltrabajo.cl\/portal\/wp-json\/wp\/v2\/tags?post=61858"}],"curies":[{"name":"wp","href":"https:\/\/api.w.org\/{rel}","templated":true}]}}