{"id":61862,"date":"2015-09-10T09:36:20","date_gmt":"2015-09-10T12:36:20","guid":{"rendered":"http:\/\/www.eltrabajo.cl\/portal\/?p=61862"},"modified":"2015-09-10T09:36:20","modified_gmt":"2015-09-10T12:36:20","slug":"cenas-y-colaciones-entregaron-autoridades-en-visita-a-personas-en-situacion-de-calle","status":"publish","type":"post","link":"https:\/\/eltrabajo.cl\/portal\/cenas-y-colaciones-entregaron-autoridades-en-visita-a-personas-en-situacion-de-calle\/","title":{"rendered":"Cenas y colaciones entregaron autoridades en visita a personas en situaci\u00f3n de calle"},"content":{"rendered":"<figure id=\"attachment_61863\" aria-describedby=\"caption-attachment-61863\" style=\"width: 300px\" class=\"wp-caption alignleft\"><a href=\"https:\/\/i0.wp.com\/www.eltrabajo.cl\/portal\/wp-content\/uploads\/2015\/09\/ruta-de-calle.jpg\"><img data-recalc-dims=\"1\" loading=\"lazy\" decoding=\"async\" class=\"wp-image-61863 size-medium\" src=\"https:\/\/i0.wp.com\/www.eltrabajo.cl\/portal\/wp-content\/uploads\/2015\/09\/ruta-de-calle-300x197.jpg?resize=300%2C197\" alt=\"El alcalde Patricio Freire junto al concejal Rodolfo Silva realizaron un recorrido por distintos sectores de la comuna de San Felipe, conociendo el testimonio de personas que se encuentran en situaci\u00f3n de calle.\" width=\"300\" height=\"197\" srcset=\"https:\/\/i0.wp.com\/eltrabajo.cl\/portal\/wp-content\/uploads\/2015\/09\/ruta-de-calle.jpg?resize=300%2C197&amp;ssl=1 300w, https:\/\/i0.wp.com\/eltrabajo.cl\/portal\/wp-content\/uploads\/2015\/09\/ruta-de-calle.jpg?resize=200%2C131&amp;ssl=1 200w, https:\/\/i0.wp.com\/eltrabajo.cl\/portal\/wp-content\/uploads\/2015\/09\/ruta-de-calle.jpg?resize=228%2C150&amp;ssl=1 228w, https:\/\/i0.wp.com\/eltrabajo.cl\/portal\/wp-content\/uploads\/2015\/09\/ruta-de-calle.jpg?resize=400%2C263&amp;ssl=1 400w, https:\/\/i0.wp.com\/eltrabajo.cl\/portal\/wp-content\/uploads\/2015\/09\/ruta-de-calle.jpg?w=530&amp;ssl=1 530w\" sizes=\"auto, (max-width: 300px) 100vw, 300px\" \/><\/a><figcaption id=\"caption-attachment-61863\" class=\"wp-caption-text\">El alcalde Patricio Freire junto al concejal Rodolfo Silva realizaron un recorrido por distintos sectores de la comuna de San Felipe, conociendo el testimonio de personas que se encuentran en situaci\u00f3n de calle.<\/figcaption><\/figure>\n<ul>\n<li><strong>Alcalde Patricio Freire junto al concejal Rodolfo Silva visitaron a vecinos que deben enfrentar la lluvia y las bajas temperaturas producto del invierno.<\/strong><\/li>\n<\/ul>\n<p>Un recorrido por distintos sectores de la comuna de San Felipe, donde se encuentran personas en situaci\u00f3n de calle realiz\u00f3 hace unos d\u00edas el alcalde Patricio Freire junto al concejal Rodolfo Silva.<br \/>\nLa salida a terreno se inici\u00f3 pasadas las 21 horas y fue una instancia en que ambas autoridades compartieron con los vecinos que viven esta cruda realidad de enfrentar las bajas temperaturas y la lluvia que se ha registrado en el \u00faltimo tiempo en San Felipe, teniendo condiciones muy precarias en los lugares que habitan.<br \/>\nLa ruta comenz\u00f3 en la l\u00ednea del tren, sector donde pernoctan habitualmente tres personas, que llevan viviendo varios a\u00f1os en el lugar y quienes reconocen lo dif\u00edcil que es llevar este estilo de vida. El recorrido continu\u00f3 en la entrada de San Felipe, donde las autoridades encontraron un ruco donde compart\u00edan tres personas, con quienes tanto el Alcalde como el concejal conversaron por varios minutos, conociendo algo m\u00e1s de sus vidas.<br \/>\nPosteriormente el recorrido continu\u00f3 en el sector de Enc\u00f3n, donde las autoridades fueron recibidas por una pareja que habitaba un ruco a la orilla del cerro. Junto a ellos compartieron la colaci\u00f3n y la cena que se les entreg\u00f3 y tambi\u00e9n pudieron conocer un poco m\u00e1s de la realidad que deben vivir d\u00eda a d\u00eda.<br \/>\nEl alcalde Freire y el concejal Silva conocieron la historia de varios de los vecinos que viven en esta situaci\u00f3n, quienes deben enfrentar condiciones de vida bastante dificiles.<br \/>\n\u201cEn San Felipe tenemos bastante gente que vive en situaci\u00f3n de calle, por lo que desde el municipio estamos trabajando para ayudarlos a soportar esta situaci\u00f3n tan dura que se puede apreciar en algunos sectores y por ello vamos a buscar la forma de ayudar a estas familias que se encuentren viviendo en la calle\u201d, se\u00f1al\u00f3 el alcalde Patricio Freire, mientras que el concejal se\u00f1al\u00f3 que \u201chay una pobreza oculta que renace en la noche solamente y por ello con el Alcalde hemos pensado en cambiar esta realidad. Hay grupos de personas que realmente van a ser dif\u00edcil sacarlas, pero podemos traerles alimentos y abrigo, sin embargo hay otro grupo de personas que quieren salir y como municipio las podemos ayudar\u201d.<br \/>\nTanto el alcalde Freire como el concejal Silva manifestaron el inter\u00e9s de continuar realizando este tipo de visitas a estos vecinos.<\/p>\n","protected":false},"excerpt":{"rendered":"<p>Alcalde Patricio Freire junto al concejal Rodolfo Silva visitaron a vecinos que deben enfrentar la lluvia y las bajas temperaturas producto del invierno. Un recorrido por distintos sectores de la comuna de&#8230;<\/p>\n","protected":false},"author":482,"featured_media":61863,"comment_status":"open","ping_status":"open","sticky":false,"template":"","format":"standard","meta":{"advanced_seo_description":"","jetpack_seo_html_title":"","jetpack_seo_noindex":false,"_jetpack_memberships_contains_paid_content":false,"footnotes":""},"categories":[1],"tags":[],"class_list":["post-61862","post","type-post","status-publish","format-standard","has-post-thumbnail","hentry","category-cronica"],"jetpack_featured_media_url":"https:\/\/i0.wp.com\/eltrabajo.cl\/portal\/wp-content\/uploads\/2015\/09\/ruta-de-calle.jpg?fit=530%2C348&ssl=1","jetpack_sharing_enabled":true,"jetpack_likes_enabled":true,"jetpack-related-posts":[],"_links":{"self":[{"href":"https:\/\/eltrabajo.cl\/portal\/wp-json\/wp\/v2\/posts\/61862","targetHints":{"allow":["GET"]}}],"collection":[{"href":"https:\/\/eltrabajo.cl\/portal\/wp-json\/wp\/v2\/posts"}],"about":[{"href":"https:\/\/eltrabajo.cl\/portal\/wp-json\/wp\/v2\/types\/post"}],"author":[{"embeddable":true,"href":"https:\/\/eltrabajo.cl\/portal\/wp-json\/wp\/v2\/users\/482"}],"replies":[{"embeddable":true,"href":"https:\/\/eltrabajo.cl\/portal\/wp-json\/wp\/v2\/comments?post=61862"}],"version-history":[{"count":0,"href":"https:\/\/eltrabajo.cl\/portal\/wp-json\/wp\/v2\/posts\/61862\/revisions"}],"wp:featuredmedia":[{"embeddable":true,"href":"https:\/\/eltrabajo.cl\/portal\/wp-json\/wp\/v2\/media\/61863"}],"wp:attachment":[{"href":"https:\/\/eltrabajo.cl\/portal\/wp-json\/wp\/v2\/media?parent=61862"}],"wp:term":[{"taxonomy":"category","embeddable":true,"href":"https:\/\/eltrabajo.cl\/portal\/wp-json\/wp\/v2\/categories?post=61862"},{"taxonomy":"post_tag","embeddable":true,"href":"https:\/\/eltrabajo.cl\/portal\/wp-json\/wp\/v2\/tags?post=61862"}],"curies":[{"name":"wp","href":"https:\/\/api.w.org\/{rel}","templated":true}]}}