{"id":61865,"date":"2015-09-10T09:39:23","date_gmt":"2015-09-10T12:39:23","guid":{"rendered":"http:\/\/www.eltrabajo.cl\/portal\/?p=61865"},"modified":"2015-09-10T09:39:23","modified_gmt":"2015-09-10T12:39:23","slug":"sacan-de-circulacion-cerca-de-500-dosis-de-pasta-base-de-cocaina","status":"publish","type":"post","link":"https:\/\/eltrabajo.cl\/portal\/sacan-de-circulacion-cerca-de-500-dosis-de-pasta-base-de-cocaina\/","title":{"rendered":"Sacan de circulaci\u00f3n cerca de 500 dosis de pasta base de coca\u00edna"},"content":{"rendered":"<figure id=\"attachment_61866\" aria-describedby=\"caption-attachment-61866\" style=\"width: 300px\" class=\"wp-caption alignleft\"><a href=\"https:\/\/i0.wp.com\/www.eltrabajo.cl\/portal\/wp-content\/uploads\/2015\/09\/DROGA.jpg\"><img data-recalc-dims=\"1\" loading=\"lazy\" decoding=\"async\" class=\"wp-image-61866 size-medium\" src=\"https:\/\/i0.wp.com\/www.eltrabajo.cl\/portal\/wp-content\/uploads\/2015\/09\/DROGA-300x198.jpg?resize=300%2C198\" alt=\"Esta es parte de la droga incautada por personal de OS7 de Carabineros de San Felipe tras el allanamiento a tres inmuebles desplegado durante el lunes y martes pasado.\" width=\"300\" height=\"198\" srcset=\"https:\/\/i0.wp.com\/eltrabajo.cl\/portal\/wp-content\/uploads\/2015\/09\/DROGA.jpg?resize=300%2C198&amp;ssl=1 300w, https:\/\/i0.wp.com\/eltrabajo.cl\/portal\/wp-content\/uploads\/2015\/09\/DROGA.jpg?resize=200%2C132&amp;ssl=1 200w, https:\/\/i0.wp.com\/eltrabajo.cl\/portal\/wp-content\/uploads\/2015\/09\/DROGA.jpg?resize=227%2C150&amp;ssl=1 227w, https:\/\/i0.wp.com\/eltrabajo.cl\/portal\/wp-content\/uploads\/2015\/09\/DROGA.jpg?resize=400%2C264&amp;ssl=1 400w, https:\/\/i0.wp.com\/eltrabajo.cl\/portal\/wp-content\/uploads\/2015\/09\/DROGA.jpg?w=530&amp;ssl=1 530w\" sizes=\"auto, (max-width: 300px) 100vw, 300px\" \/><\/a><figcaption id=\"caption-attachment-61866\" class=\"wp-caption-text\">Esta es parte de la droga incautada por personal de OS7 de Carabineros de San Felipe tras el allanamiento a tres inmuebles desplegado durante el lunes y martes pasado.<\/figcaption><\/figure>\n<ul>\n<li><strong>Una de las acusadas qued\u00f3 en prisi\u00f3n preventiva por su reincidencia en el delito de microtr\u00e1fico, tras ser detenida por Carabineros de OS7 de San Felipe durante operativos del lunes y martes pasado.<\/strong><\/li>\n<\/ul>\n<p>Tres distintos operativos desplegados por los efectivos de OS7 de Carabineros de San Felipe, permitieron retirar de circulaci\u00f3n cerca de 500 dosis de pasta base de coca\u00edna que se distribu\u00edan en pleno centro de la ciudad, en villa El Totoral y en un domicilio en Santa Mar\u00eda. En este \u00faltimo lugar fueron detenidas tres mujeres que quedaron a disposici\u00f3n de la Fiscal\u00eda para las investigaciones de los delitos.<br \/>\nLos procedimientos se iniciaron este lunes, ya que efectivos policiales manten\u00edan informaci\u00f3n de una mujer que comercializaba pasta base de coca\u00edna desde su domicilio en la villa El Totoral de San Felipe, lugar donde se incautaron peque\u00f1as cantidades del estupefaciente, una pesa digital, un tel\u00e9fono celular, municiones y dinero en efectivo atribuible a la comercializaci\u00f3n de estas sustancias il\u00edcitas; resultando detenida por estos hechos una mujer identificada como Sandra Torrales Cort\u00e9s que fue formalizada por la Fiscal\u00eda quedando bajo las cautelares de firma mensual en Carabineros.<\/p>\n<figure id=\"attachment_61867\" aria-describedby=\"caption-attachment-61867\" style=\"width: 300px\" class=\"wp-caption alignright\"><a href=\"https:\/\/i0.wp.com\/www.eltrabajo.cl\/portal\/wp-content\/uploads\/2015\/09\/PAPELILLOS.jpg\"><img data-recalc-dims=\"1\" loading=\"lazy\" decoding=\"async\" class=\"wp-image-61867 size-medium\" src=\"https:\/\/i0.wp.com\/www.eltrabajo.cl\/portal\/wp-content\/uploads\/2015\/09\/PAPELILLOS-300x198.jpg?resize=300%2C198\" alt=\"Efectivos de Carabineros incautaron la droga escondida en monederos, donde adem\u00e1s se incaut\u00f3 dinero en efectivo, municiones y elementos para la dosificaci\u00f3n de las sustancias il\u00edcitas.     \" width=\"300\" height=\"198\" srcset=\"https:\/\/i0.wp.com\/eltrabajo.cl\/portal\/wp-content\/uploads\/2015\/09\/PAPELILLOS.jpg?resize=300%2C198&amp;ssl=1 300w, https:\/\/i0.wp.com\/eltrabajo.cl\/portal\/wp-content\/uploads\/2015\/09\/PAPELILLOS.jpg?resize=200%2C132&amp;ssl=1 200w, https:\/\/i0.wp.com\/eltrabajo.cl\/portal\/wp-content\/uploads\/2015\/09\/PAPELILLOS.jpg?resize=227%2C150&amp;ssl=1 227w, https:\/\/i0.wp.com\/eltrabajo.cl\/portal\/wp-content\/uploads\/2015\/09\/PAPELILLOS.jpg?resize=400%2C264&amp;ssl=1 400w, https:\/\/i0.wp.com\/eltrabajo.cl\/portal\/wp-content\/uploads\/2015\/09\/PAPELILLOS.jpg?w=530&amp;ssl=1 530w\" sizes=\"auto, (max-width: 300px) 100vw, 300px\" \/><\/a><figcaption id=\"caption-attachment-61867\" class=\"wp-caption-text\">Efectivos de Carabineros incautaron la droga escondida en monederos, donde adem\u00e1s se incaut\u00f3 dinero en efectivo, municiones y elementos para la dosificaci\u00f3n de las sustancias il\u00edcitas.<\/figcaption><\/figure>\n<p>En el segundo caso, una mujer result\u00f3 detenida por el delito de microtr\u00e1fico, identificada como Perla Cataldo, tras la incautaci\u00f3n de papelillos de pasta base desde el interior de su domicilio ubicado en el centro de la comuna de San Felipe, espec\u00edficamente en calle Portus. En este sentido la imputada, quien se encontraba con medida cautelar de firma por este mismo delito, fue nuevamente formalizada en el Juzgado de Garant\u00eda de San Felipe, donde el Ministerio P\u00fablico requiri\u00f3 prisi\u00f3n preventiva, medida que fue acogida por el Tribunal, decretando un plazo de 90 d\u00edas para la investigaci\u00f3n del caso.<br \/>\nAsimismo, un tercer episodio de microtr\u00e1fico de drogas se registr\u00f3 la tarde de este martes en la comuna de Santa Mar\u00eda, lugar donde una mujer identificada como Yessenia Lazo comercializaba papelillos de sustancias il\u00edcitas, siendo detenida y formalizada por este delito que investigar\u00e1 la Fiscal\u00eda, requiriendo adem\u00e1s ante el Tribunal las cautelares de firma mensual en Carabineros y arraigo nacional por un plazo de 90 d\u00edas.<br \/>\nEl Capit\u00e1n a cargo de la Secci\u00f3n de OS7 de Carabineros, Freddy Kopp, catalog\u00f3 las diligencias como exitosas, se\u00f1alando que las imputadas son madres de menores de edad que dedicaban su tiempo al microtr\u00e1fico de drogas en ambas comunas se\u00f1aladas.<br \/>\n\u00abSe logr\u00f3 dar t\u00e9rmino a estas diligencias con el allanamiento de tres inmuebles, uno en la comuna de Santa Mar\u00eda y dos en San Felipe, logrando la detenci\u00f3n de las imputadas y la incautaci\u00f3n de aproximadamente 500 dosis de pasta base de coca\u00edna, una cantidad importante de dinero en efectivo, medios utilizados para dosificar y vender esta droga\u00bb, afirm\u00f3 el oficial policial.<br \/>\nKopp agreg\u00f3 que a\u00fan se mantienen diligencias tendientes al esclarecimiento de estos hechos, acotando que no existir\u00eda relaci\u00f3n entre los delitos de cada una de las imputadas, pero existen antecedentes de personas conocidas de las acusadas que participan de estos mismos il\u00edcitos.<br \/>\n<strong>Pablo Salinas Sald\u00edas<\/strong><\/p>\n","protected":false},"excerpt":{"rendered":"<p>Una de las acusadas qued\u00f3 en prisi\u00f3n preventiva por su reincidencia en el delito de microtr\u00e1fico, tras ser detenida por Carabineros de OS7 de San Felipe durante operativos del lunes y martes&#8230;<\/p>\n","protected":false},"author":482,"featured_media":61866,"comment_status":"open","ping_status":"open","sticky":false,"template":"","format":"standard","meta":{"advanced_seo_description":"","jetpack_seo_html_title":"","jetpack_seo_noindex":false,"_jetpack_memberships_contains_paid_content":false,"footnotes":""},"categories":[21],"tags":[],"class_list":["post-61865","post","type-post","status-publish","format-standard","has-post-thumbnail","hentry","category-policial"],"jetpack_featured_media_url":"https:\/\/i0.wp.com\/eltrabajo.cl\/portal\/wp-content\/uploads\/2015\/09\/DROGA.jpg?fit=530%2C350&ssl=1","jetpack_sharing_enabled":true,"jetpack_likes_enabled":true,"jetpack-related-posts":[],"_links":{"self":[{"href":"https:\/\/eltrabajo.cl\/portal\/wp-json\/wp\/v2\/posts\/61865","targetHints":{"allow":["GET"]}}],"collection":[{"href":"https:\/\/eltrabajo.cl\/portal\/wp-json\/wp\/v2\/posts"}],"about":[{"href":"https:\/\/eltrabajo.cl\/portal\/wp-json\/wp\/v2\/types\/post"}],"author":[{"embeddable":true,"href":"https:\/\/eltrabajo.cl\/portal\/wp-json\/wp\/v2\/users\/482"}],"replies":[{"embeddable":true,"href":"https:\/\/eltrabajo.cl\/portal\/wp-json\/wp\/v2\/comments?post=61865"}],"version-history":[{"count":0,"href":"https:\/\/eltrabajo.cl\/portal\/wp-json\/wp\/v2\/posts\/61865\/revisions"}],"wp:featuredmedia":[{"embeddable":true,"href":"https:\/\/eltrabajo.cl\/portal\/wp-json\/wp\/v2\/media\/61866"}],"wp:attachment":[{"href":"https:\/\/eltrabajo.cl\/portal\/wp-json\/wp\/v2\/media?parent=61865"}],"wp:term":[{"taxonomy":"category","embeddable":true,"href":"https:\/\/eltrabajo.cl\/portal\/wp-json\/wp\/v2\/categories?post=61865"},{"taxonomy":"post_tag","embeddable":true,"href":"https:\/\/eltrabajo.cl\/portal\/wp-json\/wp\/v2\/tags?post=61865"}],"curies":[{"name":"wp","href":"https:\/\/api.w.org\/{rel}","templated":true}]}}