{"id":61869,"date":"2015-09-10T09:42:55","date_gmt":"2015-09-10T12:42:55","guid":{"rendered":"http:\/\/www.eltrabajo.cl\/portal\/?p=61869"},"modified":"2015-09-10T09:42:55","modified_gmt":"2015-09-10T12:42:55","slug":"hogar-trivelli-celebra-37-anos-de-socorrer-al-adulto-mayor","status":"publish","type":"post","link":"https:\/\/eltrabajo.cl\/portal\/hogar-trivelli-celebra-37-anos-de-socorrer-al-adulto-mayor\/","title":{"rendered":"Hogar Trivelli celebra 37 a\u00f1os de socorrer al Adulto Mayor"},"content":{"rendered":"<figure id=\"attachment_61870\" aria-describedby=\"caption-attachment-61870\" style=\"width: 300px\" class=\"wp-caption alignleft\"><a href=\"https:\/\/i0.wp.com\/www.eltrabajo.cl\/portal\/wp-content\/uploads\/2015\/09\/Trivelli1.jpg\"><img data-recalc-dims=\"1\" loading=\"lazy\" decoding=\"async\" class=\"wp-image-61870 size-medium\" src=\"https:\/\/i0.wp.com\/www.eltrabajo.cl\/portal\/wp-content\/uploads\/2015\/09\/Trivelli1-300x198.jpg?resize=300%2C198\" alt=\"SIEMPRE EL TRIVELLI.- Ellos son parte de los 36 usuarios del Hogar Trivelli de San Felipe, quienes celebraron esta semana el 37\u00ba aniversario de su instituci\u00f3n.\" width=\"300\" height=\"198\" srcset=\"https:\/\/i0.wp.com\/eltrabajo.cl\/portal\/wp-content\/uploads\/2015\/09\/Trivelli1.jpg?resize=300%2C198&amp;ssl=1 300w, https:\/\/i0.wp.com\/eltrabajo.cl\/portal\/wp-content\/uploads\/2015\/09\/Trivelli1.jpg?resize=200%2C132&amp;ssl=1 200w, https:\/\/i0.wp.com\/eltrabajo.cl\/portal\/wp-content\/uploads\/2015\/09\/Trivelli1.jpg?resize=227%2C150&amp;ssl=1 227w, https:\/\/i0.wp.com\/eltrabajo.cl\/portal\/wp-content\/uploads\/2015\/09\/Trivelli1.jpg?resize=400%2C264&amp;ssl=1 400w, https:\/\/i0.wp.com\/eltrabajo.cl\/portal\/wp-content\/uploads\/2015\/09\/Trivelli1.jpg?w=530&amp;ssl=1 530w\" sizes=\"auto, (max-width: 300px) 100vw, 300px\" \/><\/a><figcaption id=\"caption-attachment-61870\" class=\"wp-caption-text\">SIEMPRE EL TRIVELLI.- Ellos son parte de los 36 usuarios del Hogar Trivelli de San Felipe, quienes celebraron esta semana el 37\u00ba aniversario de su instituci\u00f3n.<\/figcaption><\/figure>\n<p>Esta semana se realiz\u00f3 en las dependencias de Hogar Trivelli de San Felipe, ubicado en el camino Tocornal, la celebraci\u00f3n del 37\u00ba aniversario de ese centro de atenci\u00f3n a los 36 adultos mayores que ah\u00ed son atendidos.<br \/>\nSeg\u00fan explic\u00f3 Luis Rojas a Diario El Trabajo, presidente de Fundaci\u00f3n Trivelli, \u00abdurante este \u00faltimo a\u00f1o de existencia se ha brindado un servicio de atenci\u00f3n integral, m\u00e9dico, social y emocional permanente a 36 hombres y mujeres mayores de 60 a\u00f1os de edad, provenientes de las distintas comunas del valle, ellos son originarios de familias que por razones propias no pod\u00edan atender directamente a sus adultos mayores, y que por razones sociales no contaban con los medios para proveer los cuidados necesarios en sus propios hogares o ingresarlos a lugares de cuidado privados, as\u00ed como tambi\u00e9n casos derivados por los tribunales de familia y que han encontrado en este hogar, todo el cari\u00f1o, la atenci\u00f3n y comprensi\u00f3n que necesitan para vivir dignamente esta etapa de sus vidas\u00bb.<\/p>\n<figure id=\"attachment_61871\" aria-describedby=\"caption-attachment-61871\" style=\"width: 200px\" class=\"wp-caption alignright\"><a href=\"https:\/\/i0.wp.com\/www.eltrabajo.cl\/portal\/wp-content\/uploads\/2015\/09\/Luis-Rojas.jpg\"><img data-recalc-dims=\"1\" loading=\"lazy\" decoding=\"async\" class=\"wp-image-61871 size-thumbnail\" src=\"https:\/\/i0.wp.com\/www.eltrabajo.cl\/portal\/wp-content\/uploads\/2015\/09\/Luis-Rojas-200x131.jpg?resize=200%2C131\" alt=\"Luis Rojas, presidente de Fundaci\u00f3n Trivelli de San Felipe.\" width=\"200\" height=\"131\" srcset=\"https:\/\/i0.wp.com\/eltrabajo.cl\/portal\/wp-content\/uploads\/2015\/09\/Luis-Rojas.jpg?resize=200%2C131&amp;ssl=1 200w, https:\/\/i0.wp.com\/eltrabajo.cl\/portal\/wp-content\/uploads\/2015\/09\/Luis-Rojas.jpg?resize=300%2C197&amp;ssl=1 300w, https:\/\/i0.wp.com\/eltrabajo.cl\/portal\/wp-content\/uploads\/2015\/09\/Luis-Rojas.jpg?resize=228%2C150&amp;ssl=1 228w, https:\/\/i0.wp.com\/eltrabajo.cl\/portal\/wp-content\/uploads\/2015\/09\/Luis-Rojas.jpg?resize=400%2C263&amp;ssl=1 400w, https:\/\/i0.wp.com\/eltrabajo.cl\/portal\/wp-content\/uploads\/2015\/09\/Luis-Rojas.jpg?w=530&amp;ssl=1 530w\" sizes=\"auto, (max-width: 200px) 100vw, 200px\" \/><\/a><figcaption id=\"caption-attachment-61871\" class=\"wp-caption-text\">Luis Rojas, presidente de Fundaci\u00f3n Trivelli de San Felipe.<\/figcaption><\/figure>\n<p><strong>UNA VIDA DIGNA<\/strong><br \/>\nHoy d\u00eda la Fundaci\u00f3n Trivelli cumple un rol social relevante para ciudad de San Felipe y sus comunas, ya que atiende a residentes de todas ellas; personas que no tendr\u00edan donde vivir dignamente si no existiera esta fundaci\u00f3n. Finalmente Rojas dijo que \u00abno queremos que los adultos mayores mueran con dignidad; queremos que nuestros usuarios vivan hasta el \u00faltimo segundo de su existencia con dignidad\u00bb.<br \/>\n<strong>Roberto Gonz\u00e1lez Short<\/strong><br \/>\n<strong>rgonzalez@eltrabajo.cl<\/strong><\/p>\n","protected":false},"excerpt":{"rendered":"<p>Esta semana se realiz\u00f3 en las dependencias de Hogar Trivelli de San Felipe, ubicado en el camino Tocornal, la celebraci\u00f3n del 37\u00ba aniversario de ese centro de atenci\u00f3n a los 36 adultos&#8230;<\/p>\n","protected":false},"author":482,"featured_media":61870,"comment_status":"open","ping_status":"open","sticky":false,"template":"","format":"standard","meta":{"advanced_seo_description":"","jetpack_seo_html_title":"","jetpack_seo_noindex":false,"_jetpack_memberships_contains_paid_content":false,"footnotes":""},"categories":[15],"tags":[],"class_list":["post-61869","post","type-post","status-publish","format-standard","has-post-thumbnail","hentry","category-comunidad"],"jetpack_featured_media_url":"https:\/\/i0.wp.com\/eltrabajo.cl\/portal\/wp-content\/uploads\/2015\/09\/Trivelli1.jpg?fit=530%2C350&ssl=1","jetpack_sharing_enabled":true,"jetpack_likes_enabled":true,"jetpack-related-posts":[],"_links":{"self":[{"href":"https:\/\/eltrabajo.cl\/portal\/wp-json\/wp\/v2\/posts\/61869","targetHints":{"allow":["GET"]}}],"collection":[{"href":"https:\/\/eltrabajo.cl\/portal\/wp-json\/wp\/v2\/posts"}],"about":[{"href":"https:\/\/eltrabajo.cl\/portal\/wp-json\/wp\/v2\/types\/post"}],"author":[{"embeddable":true,"href":"https:\/\/eltrabajo.cl\/portal\/wp-json\/wp\/v2\/users\/482"}],"replies":[{"embeddable":true,"href":"https:\/\/eltrabajo.cl\/portal\/wp-json\/wp\/v2\/comments?post=61869"}],"version-history":[{"count":0,"href":"https:\/\/eltrabajo.cl\/portal\/wp-json\/wp\/v2\/posts\/61869\/revisions"}],"wp:featuredmedia":[{"embeddable":true,"href":"https:\/\/eltrabajo.cl\/portal\/wp-json\/wp\/v2\/media\/61870"}],"wp:attachment":[{"href":"https:\/\/eltrabajo.cl\/portal\/wp-json\/wp\/v2\/media?parent=61869"}],"wp:term":[{"taxonomy":"category","embeddable":true,"href":"https:\/\/eltrabajo.cl\/portal\/wp-json\/wp\/v2\/categories?post=61869"},{"taxonomy":"post_tag","embeddable":true,"href":"https:\/\/eltrabajo.cl\/portal\/wp-json\/wp\/v2\/tags?post=61869"}],"curies":[{"name":"wp","href":"https:\/\/api.w.org\/{rel}","templated":true}]}}