{"id":61899,"date":"2015-09-11T09:22:35","date_gmt":"2015-09-11T12:22:35","guid":{"rendered":"http:\/\/www.eltrabajo.cl\/portal\/?p=61899"},"modified":"2015-09-11T09:22:35","modified_gmt":"2015-09-11T12:22:35","slug":"establecimientos-inician-celebraciones-de-fiestas-patrias-con-muestra-de-cueca","status":"publish","type":"post","link":"https:\/\/eltrabajo.cl\/portal\/establecimientos-inician-celebraciones-de-fiestas-patrias-con-muestra-de-cueca\/","title":{"rendered":"Establecimientos inician celebraciones de fiestas patrias con muestra de cueca"},"content":{"rendered":"<figure id=\"attachment_61900\" aria-describedby=\"caption-attachment-61900\" style=\"width: 300px\" class=\"wp-caption alignleft\"><a href=\"https:\/\/i0.wp.com\/www.eltrabajo.cl\/portal\/wp-content\/uploads\/2015\/09\/Fiestas-patrias-Putaendo-1.jpg\"><img data-recalc-dims=\"1\" loading=\"lazy\" decoding=\"async\" class=\"wp-image-61900 size-medium\" src=\"https:\/\/i0.wp.com\/www.eltrabajo.cl\/portal\/wp-content\/uploads\/2015\/09\/Fiestas-patrias-Putaendo-1-300x198.jpg?resize=300%2C198\" alt=\"Alumnos premiados en la categor\u00eda educaci\u00f3n media: Daniela Arancibia y Sebasti\u00e1n Gallardo del Centro de Apoyo a la Educaci\u00f3n Especial, el Director de la Daem de Putaendo Patricio Moreno, Karina Gonz\u00e1lez y  Pablo Reyes del Liceo Manuel Mar\u00edn Fritis y Fernanda Galvez y Jorge Lepe del Liceo Rep. Estados Unidos\" width=\"300\" height=\"198\" srcset=\"https:\/\/i0.wp.com\/eltrabajo.cl\/portal\/wp-content\/uploads\/2015\/09\/Fiestas-patrias-Putaendo-1.jpg?resize=300%2C198&amp;ssl=1 300w, https:\/\/i0.wp.com\/eltrabajo.cl\/portal\/wp-content\/uploads\/2015\/09\/Fiestas-patrias-Putaendo-1.jpg?resize=200%2C132&amp;ssl=1 200w, https:\/\/i0.wp.com\/eltrabajo.cl\/portal\/wp-content\/uploads\/2015\/09\/Fiestas-patrias-Putaendo-1.jpg?resize=227%2C150&amp;ssl=1 227w, https:\/\/i0.wp.com\/eltrabajo.cl\/portal\/wp-content\/uploads\/2015\/09\/Fiestas-patrias-Putaendo-1.jpg?resize=400%2C264&amp;ssl=1 400w, https:\/\/i0.wp.com\/eltrabajo.cl\/portal\/wp-content\/uploads\/2015\/09\/Fiestas-patrias-Putaendo-1.jpg?w=530&amp;ssl=1 530w\" sizes=\"auto, (max-width: 300px) 100vw, 300px\" \/><\/a><figcaption id=\"caption-attachment-61900\" class=\"wp-caption-text\">Alumnos premiados en la categor\u00eda educaci\u00f3n media: Daniela Arancibia y Sebasti\u00e1n Gallardo del Centro de Apoyo a la Educaci\u00f3n Especial, el Director de la Daem de Putaendo Patricio Moreno, Karina Gonz\u00e1lez y Pablo Reyes del Liceo Manuel Mar\u00edn Fritis y Fernanda Galvez y Jorge Lepe del Liceo Rep. Estados Unidos<\/figcaption><\/figure>\n<ul>\n<li><strong>La actividad fue convocada por el Departamento de Educaci\u00f3n Municipal, a trav\u00e9s de la Coordinaci\u00f3n Comunal Educaci\u00f3n Extraescolar y organizada por el Liceo Rep. Estados Unidos de Rda de Silva.<\/strong><\/li>\n<\/ul>\n<p><strong>PUTAENDO<\/strong>.- Con una bonita ornamentaci\u00f3n dieciochena se realiz\u00f3 la \u2018Muestra Comunal de Cueca Escolar 2015\u2019, en las dependencias del Liceo Rep\u00fablica de Estados Unidos de Rinconada de Silva que dirige la Sra. Alicia Fabres O., quien junto a sus profesores, asistentes de la educaci\u00f3n, padres y apoderados, se prepararon y dieron muestra del trabajo en equipo en todo lo realizado para este evento.<\/p>\n<figure id=\"attachment_61901\" aria-describedby=\"caption-attachment-61901\" style=\"width: 300px\" class=\"wp-caption alignright\"><a href=\"https:\/\/i0.wp.com\/www.eltrabajo.cl\/portal\/wp-content\/uploads\/2015\/09\/Fiestas-patrias-Putaendo-2.jpg\"><img data-recalc-dims=\"1\" loading=\"lazy\" decoding=\"async\" class=\"wp-image-61901 size-medium\" src=\"https:\/\/i0.wp.com\/www.eltrabajo.cl\/portal\/wp-content\/uploads\/2015\/09\/Fiestas-patrias-Putaendo-2-300x198.jpg?resize=300%2C198\" alt=\"Los alumnos premiados Charlott Urbina y Hugo Lemus de Escuela Alegr\u00eda Catan; Constanza Carvajal y Harold Firgueroa de Liceo Manuel Marin Fritis; Sra. Alicia Fabres Orellana Directora Liceo Rep. Estados Unidos, Krishna y Fernando Olgu\u00edn V. del Liceo Rep. Estados Unidos.\" width=\"300\" height=\"198\" srcset=\"https:\/\/i0.wp.com\/eltrabajo.cl\/portal\/wp-content\/uploads\/2015\/09\/Fiestas-patrias-Putaendo-2.jpg?resize=300%2C198&amp;ssl=1 300w, https:\/\/i0.wp.com\/eltrabajo.cl\/portal\/wp-content\/uploads\/2015\/09\/Fiestas-patrias-Putaendo-2.jpg?resize=200%2C132&amp;ssl=1 200w, https:\/\/i0.wp.com\/eltrabajo.cl\/portal\/wp-content\/uploads\/2015\/09\/Fiestas-patrias-Putaendo-2.jpg?resize=227%2C150&amp;ssl=1 227w, https:\/\/i0.wp.com\/eltrabajo.cl\/portal\/wp-content\/uploads\/2015\/09\/Fiestas-patrias-Putaendo-2.jpg?resize=400%2C264&amp;ssl=1 400w, https:\/\/i0.wp.com\/eltrabajo.cl\/portal\/wp-content\/uploads\/2015\/09\/Fiestas-patrias-Putaendo-2.jpg?w=530&amp;ssl=1 530w\" sizes=\"auto, (max-width: 300px) 100vw, 300px\" \/><\/a><figcaption id=\"caption-attachment-61901\" class=\"wp-caption-text\">Los alumnos premiados Charlott Urbina y Hugo Lemus de Escuela Alegr\u00eda Catan; Constanza Carvajal y Harold Firgueroa de Liceo Manuel Marin Fritis; Sra. Alicia Fabres Orellana Directora Liceo Rep. Estados Unidos, Krishna y Fernando Olgu\u00edn V. del Liceo Rep. Estados Unidos.<\/figcaption><\/figure>\n<p>La Muestra se dividi\u00f3 en categor\u00edas seg\u00fan la edad de los participantes, quienes representaron a los 11 establecimientos educacionales municipalizados de Putaendo con un total de 78 parejas de cueca (156 ni\u00f1os), correcta y coloridamente vestidos para la ocasi\u00f3n.<br \/>\nParticiparon parejas de ense\u00f1anza pre b\u00e1sica, primer y segundo ciclo b\u00e1sico, ense\u00f1anza media y educaci\u00f3n especial quienes, luego de la presentaci\u00f3n bailaron la cueca de calentamiento, buscando cada uno mostrar lo mejor de s\u00ed por medio de t\u00e9cnica y gracia.<br \/>\nEn cada categor\u00eda, el Departamento de Educaci\u00f3n hizo entrega de un obsequio a los tres primeros lugares que escogi\u00f3 el jurado de la ocasi\u00f3n integrado por Roberto Parra y Sandra Vilches, m\u00e1s diploma de participaci\u00f3n a cada alumno de la muestra.<br \/>\nJornada que cont\u00f3 con la presencia del Administrador Municipal Fabi\u00e1n Mu\u00f1oz, Director de la Daem Patricio Moreno, directores de las Escuelas Mar\u00eda Leiva, Eduardo Becerra y Paso Hist\u00f3rico, del Centro de Apoyo a la Educaci\u00f3n Especial, del Liceo Manuel Mar\u00edn Fritis y Rep. Estados Unidos, docentes y finalizo con un peque\u00f1o \u00e1gape para las visitas.<br \/>\nSin embargo, esta actividad era solo una Muestra, ya que no hay evento ni provincial ni regional debido a la falta de recursos desde el nivel central para este tradicional evento que se realizaba a\u00f1o a a\u00f1o.<br \/>\nDe todas maneras, el compromiso es para que el pr\u00f3ximo mi\u00e9rcoles 16 todas estas parejas den el gran cuecazo ante las autoridades durante el Desfile de aniversario de la Patria<\/p>\n","protected":false},"excerpt":{"rendered":"<p>La actividad fue convocada por el Departamento de Educaci\u00f3n Municipal, a trav\u00e9s de la Coordinaci\u00f3n Comunal Educaci\u00f3n Extraescolar y organizada por el Liceo Rep. Estados Unidos de Rda de Silva. PUTAENDO.- Con&#8230;<\/p>\n","protected":false},"author":482,"featured_media":61900,"comment_status":"open","ping_status":"open","sticky":false,"template":"","format":"standard","meta":{"advanced_seo_description":"","jetpack_seo_html_title":"","jetpack_seo_noindex":false,"_jetpack_memberships_contains_paid_content":false,"footnotes":""},"categories":[1],"tags":[],"class_list":["post-61899","post","type-post","status-publish","format-standard","has-post-thumbnail","hentry","category-cronica"],"jetpack_featured_media_url":"https:\/\/i0.wp.com\/eltrabajo.cl\/portal\/wp-content\/uploads\/2015\/09\/Fiestas-patrias-Putaendo-1.jpg?fit=530%2C350&ssl=1","jetpack_sharing_enabled":true,"jetpack_likes_enabled":true,"jetpack-related-posts":[],"_links":{"self":[{"href":"https:\/\/eltrabajo.cl\/portal\/wp-json\/wp\/v2\/posts\/61899","targetHints":{"allow":["GET"]}}],"collection":[{"href":"https:\/\/eltrabajo.cl\/portal\/wp-json\/wp\/v2\/posts"}],"about":[{"href":"https:\/\/eltrabajo.cl\/portal\/wp-json\/wp\/v2\/types\/post"}],"author":[{"embeddable":true,"href":"https:\/\/eltrabajo.cl\/portal\/wp-json\/wp\/v2\/users\/482"}],"replies":[{"embeddable":true,"href":"https:\/\/eltrabajo.cl\/portal\/wp-json\/wp\/v2\/comments?post=61899"}],"version-history":[{"count":0,"href":"https:\/\/eltrabajo.cl\/portal\/wp-json\/wp\/v2\/posts\/61899\/revisions"}],"wp:featuredmedia":[{"embeddable":true,"href":"https:\/\/eltrabajo.cl\/portal\/wp-json\/wp\/v2\/media\/61900"}],"wp:attachment":[{"href":"https:\/\/eltrabajo.cl\/portal\/wp-json\/wp\/v2\/media?parent=61899"}],"wp:term":[{"taxonomy":"category","embeddable":true,"href":"https:\/\/eltrabajo.cl\/portal\/wp-json\/wp\/v2\/categories?post=61899"},{"taxonomy":"post_tag","embeddable":true,"href":"https:\/\/eltrabajo.cl\/portal\/wp-json\/wp\/v2\/tags?post=61899"}],"curies":[{"name":"wp","href":"https:\/\/api.w.org\/{rel}","templated":true}]}}