{"id":61903,"date":"2015-09-11T09:24:19","date_gmt":"2015-09-11T12:24:19","guid":{"rendered":"http:\/\/www.eltrabajo.cl\/portal\/?p=61903"},"modified":"2015-09-11T09:24:19","modified_gmt":"2015-09-11T12:24:19","slug":"alumnos-de-escuela-de-tierras-blancas-reciben-valiosa-donacion","status":"publish","type":"post","link":"https:\/\/eltrabajo.cl\/portal\/alumnos-de-escuela-de-tierras-blancas-reciben-valiosa-donacion\/","title":{"rendered":"Alumnos de escuela de Tierras Blancas reciben valiosa donaci\u00f3n"},"content":{"rendered":"<figure id=\"attachment_61904\" aria-describedby=\"caption-attachment-61904\" style=\"width: 300px\" class=\"wp-caption alignleft\"><a href=\"https:\/\/i0.wp.com\/www.eltrabajo.cl\/portal\/wp-content\/uploads\/2015\/09\/Entrega1.jpg\"><img data-recalc-dims=\"1\" loading=\"lazy\" decoding=\"async\" class=\"wp-image-61904 size-medium\" src=\"https:\/\/i0.wp.com\/www.eltrabajo.cl\/portal\/wp-content\/uploads\/2015\/09\/Entrega1-300x198.jpg?resize=300%2C198\" alt=\"LA DONACI\u00d3N.- Momentos en que los peque\u00f1os recibieron las dos carretillas met\u00e1licas negras; una pala chica; un rastrillo; un sacho con dos puntas y ocho juegos de herramientas para jardiner\u00eda.\" width=\"300\" height=\"198\" srcset=\"https:\/\/i0.wp.com\/eltrabajo.cl\/portal\/wp-content\/uploads\/2015\/09\/Entrega1.jpg?resize=300%2C198&amp;ssl=1 300w, https:\/\/i0.wp.com\/eltrabajo.cl\/portal\/wp-content\/uploads\/2015\/09\/Entrega1.jpg?resize=200%2C132&amp;ssl=1 200w, https:\/\/i0.wp.com\/eltrabajo.cl\/portal\/wp-content\/uploads\/2015\/09\/Entrega1.jpg?resize=227%2C150&amp;ssl=1 227w, https:\/\/i0.wp.com\/eltrabajo.cl\/portal\/wp-content\/uploads\/2015\/09\/Entrega1.jpg?resize=400%2C264&amp;ssl=1 400w, https:\/\/i0.wp.com\/eltrabajo.cl\/portal\/wp-content\/uploads\/2015\/09\/Entrega1.jpg?w=530&amp;ssl=1 530w\" sizes=\"auto, (max-width: 300px) 100vw, 300px\" \/><\/a><figcaption id=\"caption-attachment-61904\" class=\"wp-caption-text\">LA DONACI\u00d3N.- Momentos en que los peque\u00f1os recibieron las dos carretillas met\u00e1licas negras; una pala chica; un rastrillo; un sacho con dos puntas y ocho juegos de herramientas para jardiner\u00eda.<\/figcaption><\/figure>\n<p>Los estudiantes de la Escuela Mateo Cockjlat de Tierras Blancas, est\u00e1n muy contentos, pues esta semana su escuela recibi\u00f3 una importante donaci\u00f3n para realizar sus tareas agr\u00edcolas. Se trata un aporte realizado a esa casa de estudios por parte de CrediChile Los Andes y san Felipe.<br \/>\nSe trata de dos carretillas met\u00e1licas negras; una pala chica; un rastrillo; un sacho con dos puntas y ocho juegos de herramientas para jardiner\u00eda (rastrillo, pala de mano angosta y pala de mano ancha).<\/p>\n<figure id=\"attachment_61905\" aria-describedby=\"caption-attachment-61905\" style=\"width: 300px\" class=\"wp-caption alignright\"><a href=\"https:\/\/i0.wp.com\/www.eltrabajo.cl\/portal\/wp-content\/uploads\/2015\/09\/Huerta1.jpg\"><img data-recalc-dims=\"1\" loading=\"lazy\" decoding=\"async\" class=\"wp-image-61905 size-medium\" src=\"https:\/\/i0.wp.com\/www.eltrabajo.cl\/portal\/wp-content\/uploads\/2015\/09\/Huerta1-300x198.jpg?resize=300%2C198\" alt=\"HUERTA ESCOLAR.- Ellos son parte de los estudiantes involucrados en este proyecto de huerta escolar, quienes est\u00e1n felices con estas nuevas herramientas. Les acompa\u00f1a su profesor  Mario David C\u00e9spedes Paz.\" width=\"300\" height=\"198\" srcset=\"https:\/\/i0.wp.com\/eltrabajo.cl\/portal\/wp-content\/uploads\/2015\/09\/Huerta1.jpg?resize=300%2C198&amp;ssl=1 300w, https:\/\/i0.wp.com\/eltrabajo.cl\/portal\/wp-content\/uploads\/2015\/09\/Huerta1.jpg?resize=200%2C132&amp;ssl=1 200w, https:\/\/i0.wp.com\/eltrabajo.cl\/portal\/wp-content\/uploads\/2015\/09\/Huerta1.jpg?resize=227%2C150&amp;ssl=1 227w, https:\/\/i0.wp.com\/eltrabajo.cl\/portal\/wp-content\/uploads\/2015\/09\/Huerta1.jpg?resize=400%2C264&amp;ssl=1 400w, https:\/\/i0.wp.com\/eltrabajo.cl\/portal\/wp-content\/uploads\/2015\/09\/Huerta1.jpg?w=530&amp;ssl=1 530w\" sizes=\"auto, (max-width: 300px) 100vw, 300px\" \/><\/a><figcaption id=\"caption-attachment-61905\" class=\"wp-caption-text\">HUERTA ESCOLAR.- Ellos son parte de los estudiantes involucrados en este proyecto de huerta escolar, quienes est\u00e1n felices con estas nuevas herramientas. Les acompa\u00f1a su profesor Mario David C\u00e9spedes Paz.<\/figcaption><\/figure>\n<p>La entrega fue hecha por Daniela Botto, agente de CrediChile Los Andes, junto a su par de la oficina de San Felipe, Ver\u00f3nica Caro, m\u00e1s todo el personal administrativo de ambas oficinas.<br \/>\nEste donativo es de especial relevancia para dicha escuela, pues ya se conoce el trabajo saludable y medioambiental que realiza .Todo el personal de las oficinas ya mencionadas, anualmente y como aniversario y actividad social, realizan aportes como este a distintos centros educativos.<br \/>\nCabe destacar que esta noble causa s\u00f3lo es posible de realizar gracias al aporte en dinero de los funcionarios de CrediChile de Los Andes y San Felipe, no de la instituci\u00f3n, cuyo gestor es Cristian Rojas, funcionario administrativo de la oficina de Los Andes.<br \/>\n<strong>Roberto Gonz\u00e1lez Short<\/strong><br \/>\n<strong>rgonzalez@eltrabajo.c<\/strong>l<\/p>\n","protected":false},"excerpt":{"rendered":"<p>Los estudiantes de la Escuela Mateo Cockjlat de Tierras Blancas, est\u00e1n muy contentos, pues esta semana su escuela recibi\u00f3 una importante donaci\u00f3n para realizar sus tareas agr\u00edcolas. Se trata un aporte realizado&#8230;<\/p>\n","protected":false},"author":482,"featured_media":61904,"comment_status":"open","ping_status":"open","sticky":false,"template":"","format":"standard","meta":{"advanced_seo_description":"","jetpack_seo_html_title":"","jetpack_seo_noindex":false,"_jetpack_memberships_contains_paid_content":false,"footnotes":""},"categories":[15],"tags":[],"class_list":["post-61903","post","type-post","status-publish","format-standard","has-post-thumbnail","hentry","category-comunidad"],"jetpack_featured_media_url":"https:\/\/i0.wp.com\/eltrabajo.cl\/portal\/wp-content\/uploads\/2015\/09\/Entrega1.jpg?fit=530%2C350&ssl=1","jetpack_sharing_enabled":true,"jetpack_likes_enabled":true,"jetpack-related-posts":[],"_links":{"self":[{"href":"https:\/\/eltrabajo.cl\/portal\/wp-json\/wp\/v2\/posts\/61903","targetHints":{"allow":["GET"]}}],"collection":[{"href":"https:\/\/eltrabajo.cl\/portal\/wp-json\/wp\/v2\/posts"}],"about":[{"href":"https:\/\/eltrabajo.cl\/portal\/wp-json\/wp\/v2\/types\/post"}],"author":[{"embeddable":true,"href":"https:\/\/eltrabajo.cl\/portal\/wp-json\/wp\/v2\/users\/482"}],"replies":[{"embeddable":true,"href":"https:\/\/eltrabajo.cl\/portal\/wp-json\/wp\/v2\/comments?post=61903"}],"version-history":[{"count":0,"href":"https:\/\/eltrabajo.cl\/portal\/wp-json\/wp\/v2\/posts\/61903\/revisions"}],"wp:featuredmedia":[{"embeddable":true,"href":"https:\/\/eltrabajo.cl\/portal\/wp-json\/wp\/v2\/media\/61904"}],"wp:attachment":[{"href":"https:\/\/eltrabajo.cl\/portal\/wp-json\/wp\/v2\/media?parent=61903"}],"wp:term":[{"taxonomy":"category","embeddable":true,"href":"https:\/\/eltrabajo.cl\/portal\/wp-json\/wp\/v2\/categories?post=61903"},{"taxonomy":"post_tag","embeddable":true,"href":"https:\/\/eltrabajo.cl\/portal\/wp-json\/wp\/v2\/tags?post=61903"}],"curies":[{"name":"wp","href":"https:\/\/api.w.org\/{rel}","templated":true}]}}