{"id":61907,"date":"2015-09-11T09:25:56","date_gmt":"2015-09-11T12:25:56","guid":{"rendered":"http:\/\/www.eltrabajo.cl\/portal\/?p=61907"},"modified":"2015-09-11T09:25:56","modified_gmt":"2015-09-11T12:25:56","slug":"realizaran-estricto-control-de-transito-en-ruta-60ch-en-feriado-de-fiestas-patrias","status":"publish","type":"post","link":"https:\/\/eltrabajo.cl\/portal\/realizaran-estricto-control-de-transito-en-ruta-60ch-en-feriado-de-fiestas-patrias\/","title":{"rendered":"Realizar\u00e1n estricto control de tr\u00e1nsito en ruta 60CH en feriado de fiestas patrias"},"content":{"rendered":"<figure id=\"attachment_61908\" aria-describedby=\"caption-attachment-61908\" style=\"width: 300px\" class=\"wp-caption alignleft\"><a href=\"https:\/\/i0.wp.com\/www.eltrabajo.cl\/portal\/wp-content\/uploads\/2015\/09\/Controles-panquehue-2.jpg\"><img data-recalc-dims=\"1\" loading=\"lazy\" decoding=\"async\" class=\"wp-image-61908 size-medium\" src=\"https:\/\/i0.wp.com\/www.eltrabajo.cl\/portal\/wp-content\/uploads\/2015\/09\/Controles-panquehue-2-300x197.jpg?resize=300%2C197\" alt=\"Los funcionarios policiales est\u00e1n realizando diversos controles policiales en gran parte de la ruta 60CH, entre el 15 y 20 de septiembre pr\u00f3ximo.\" width=\"300\" height=\"197\" srcset=\"https:\/\/i0.wp.com\/eltrabajo.cl\/portal\/wp-content\/uploads\/2015\/09\/Controles-panquehue-2.jpg?resize=300%2C197&amp;ssl=1 300w, https:\/\/i0.wp.com\/eltrabajo.cl\/portal\/wp-content\/uploads\/2015\/09\/Controles-panquehue-2.jpg?resize=200%2C131&amp;ssl=1 200w, https:\/\/i0.wp.com\/eltrabajo.cl\/portal\/wp-content\/uploads\/2015\/09\/Controles-panquehue-2.jpg?resize=228%2C150&amp;ssl=1 228w, https:\/\/i0.wp.com\/eltrabajo.cl\/portal\/wp-content\/uploads\/2015\/09\/Controles-panquehue-2.jpg?resize=400%2C263&amp;ssl=1 400w, https:\/\/i0.wp.com\/eltrabajo.cl\/portal\/wp-content\/uploads\/2015\/09\/Controles-panquehue-2.jpg?w=530&amp;ssl=1 530w\" sizes=\"auto, (max-width: 300px) 100vw, 300px\" \/><\/a><figcaption id=\"caption-attachment-61908\" class=\"wp-caption-text\">Los funcionarios policiales est\u00e1n realizando diversos controles policiales en gran parte de la ruta 60CH, entre el 15 y 20 de septiembre pr\u00f3ximo.<\/figcaption><\/figure>\n<ul>\n<li><strong>El jefe del Reten Panquehue el Suboficial Mayor Marco Flores, se\u00f1al\u00f3 que habr\u00e1 controles de velocidad y de Intoxilyzer a los conductores.<\/strong><\/li>\n<\/ul>\n<p><strong>PANQUEHUE<\/strong>.- Evitar al m\u00e1ximo los accidentes de tr\u00e1nsito y las causas de muerte producto de los mismos, es la misi\u00f3n que se ha abocado personal del reten Panquehue de Carabineros, para el feriado de fiestas patrias.<br \/>\nPara hacer efectiva tal medida, los funcionarios policiales est\u00e1n realizando estrictos controles policiales en gran parte de la ruta 60CH, entre el 15 y 20 de septiembre pr\u00f3ximo.<br \/>\nTras reunirse el alcalde Luis Pradenas con el jefe del ret\u00e9n el Suboficial Marco Flores, se recogi\u00f3 la inquietud y preocupaci\u00f3n de la autoridad comunal, en el sentido de evitar los accidentes de tr\u00e1nsito durante el feriado de fiestas ya sea por excesos de velocidad de los automovilistas o la ingesta de alcohol de los mismos conductores.<br \/>\nEn tal sentido el suboficial de carabineros explic\u00f3 que se ha dispuesto por orden de la Prefectura de Aconcagua llevar a cabo controles de transito que consideran el control de las velocidades, registro de documentaci\u00f3n tanto del veh\u00edculo como de los conductores y por sobre todo el uso del Intoxilyzer.<br \/>\n\u201cVamos a ser muy estrictos en nuestros controles, sabemos que la ruta 60CH es causante de una gran cantidad de accidentes de tr\u00e1nsito, muchos de ellos con causa de muerte, ya sea por atropellos o colisiones, por los mismo tendremos abocado todo nuestro personal para realizar un servicio especial en el feriado de fiestas patrias.<br \/>\n\u201cNos preocupada que los conductores lo hagan bajo el consumo de alcohol, por lo mismo se ha dispuesto hacer controles en distintos puntos de la ruta CH 60\u201d, cursando las infracciones a quienes infrinjan la normativa de legal\u201d.<br \/>\nJuan Carlos Fern\u00e1ndez, uno de los conductores fiscalizados por personal de carabineros del ret\u00e9n Panquehue, consider\u00f3 la medida como muy efectiva, pues permite evitar la causa de accidentes por ingesta de alcohol.<br \/>\n\u201cMe parece muy bueno lo que est\u00e1 haciendo carabineros, ojal\u00e1 esto se haga en varios puntos de la ruta, porque por culpa de algunos irresponsables, que manejan con alcohol producen accidentes, involucrando a gente inocente\u201d.<br \/>\nEn el caso de los controles de velocidad, el uso de radares, permitir\u00e1 saber si se respeta las zonas se\u00f1alizadas en la carretera, en tanto con el uso del Intoxilyzer, al momento de registrarse una muestra superior a 0,3 el conductor es detenido y puesto a disposici\u00f3n de los tribunales por manejo bajo los efectos del alcohol.<\/p>\n","protected":false},"excerpt":{"rendered":"<p>El jefe del Reten Panquehue el Suboficial Mayor Marco Flores, se\u00f1al\u00f3 que habr\u00e1 controles de velocidad y de Intoxilyzer a los conductores. PANQUEHUE.- Evitar al m\u00e1ximo los accidentes de tr\u00e1nsito y las&#8230;<\/p>\n","protected":false},"author":482,"featured_media":61908,"comment_status":"open","ping_status":"open","sticky":false,"template":"","format":"standard","meta":{"advanced_seo_description":"","jetpack_seo_html_title":"","jetpack_seo_noindex":false,"_jetpack_memberships_contains_paid_content":false,"footnotes":""},"categories":[1],"tags":[],"class_list":["post-61907","post","type-post","status-publish","format-standard","has-post-thumbnail","hentry","category-cronica"],"jetpack_featured_media_url":"https:\/\/i0.wp.com\/eltrabajo.cl\/portal\/wp-content\/uploads\/2015\/09\/Controles-panquehue-2.jpg?fit=530%2C348&ssl=1","jetpack_sharing_enabled":true,"jetpack_likes_enabled":true,"jetpack-related-posts":[],"_links":{"self":[{"href":"https:\/\/eltrabajo.cl\/portal\/wp-json\/wp\/v2\/posts\/61907","targetHints":{"allow":["GET"]}}],"collection":[{"href":"https:\/\/eltrabajo.cl\/portal\/wp-json\/wp\/v2\/posts"}],"about":[{"href":"https:\/\/eltrabajo.cl\/portal\/wp-json\/wp\/v2\/types\/post"}],"author":[{"embeddable":true,"href":"https:\/\/eltrabajo.cl\/portal\/wp-json\/wp\/v2\/users\/482"}],"replies":[{"embeddable":true,"href":"https:\/\/eltrabajo.cl\/portal\/wp-json\/wp\/v2\/comments?post=61907"}],"version-history":[{"count":0,"href":"https:\/\/eltrabajo.cl\/portal\/wp-json\/wp\/v2\/posts\/61907\/revisions"}],"wp:featuredmedia":[{"embeddable":true,"href":"https:\/\/eltrabajo.cl\/portal\/wp-json\/wp\/v2\/media\/61908"}],"wp:attachment":[{"href":"https:\/\/eltrabajo.cl\/portal\/wp-json\/wp\/v2\/media?parent=61907"}],"wp:term":[{"taxonomy":"category","embeddable":true,"href":"https:\/\/eltrabajo.cl\/portal\/wp-json\/wp\/v2\/categories?post=61907"},{"taxonomy":"post_tag","embeddable":true,"href":"https:\/\/eltrabajo.cl\/portal\/wp-json\/wp\/v2\/tags?post=61907"}],"curies":[{"name":"wp","href":"https:\/\/api.w.org\/{rel}","templated":true}]}}