{"id":61910,"date":"2015-09-11T09:27:10","date_gmt":"2015-09-11T12:27:10","guid":{"rendered":"http:\/\/www.eltrabajo.cl\/portal\/?p=61910"},"modified":"2015-09-11T09:27:10","modified_gmt":"2015-09-11T12:27:10","slug":"municipio-adquiere-nuevo-bus-para-realizacion-de-viajes","status":"publish","type":"post","link":"https:\/\/eltrabajo.cl\/portal\/municipio-adquiere-nuevo-bus-para-realizacion-de-viajes\/","title":{"rendered":"Municipio adquiere nuevo bus para realizaci\u00f3n de viajes"},"content":{"rendered":"<figure id=\"attachment_61911\" aria-describedby=\"caption-attachment-61911\" style=\"width: 300px\" class=\"wp-caption alignleft\"><a href=\"https:\/\/i0.wp.com\/www.eltrabajo.cl\/portal\/wp-content\/uploads\/2015\/09\/moderno-bus.jpg\"><img data-recalc-dims=\"1\" loading=\"lazy\" decoding=\"async\" class=\"wp-image-61911 size-medium\" src=\"https:\/\/i0.wp.com\/www.eltrabajo.cl\/portal\/wp-content\/uploads\/2015\/09\/moderno-bus-300x198.jpg?resize=300%2C198\" alt=\"El alcalde Patricio Freire junto a dirigentes vecinales muy alegres por el nuevo bus que adquiri\u00f3 el municipio, financiado con recursos del Gobierno Regional.\" width=\"300\" height=\"198\" srcset=\"https:\/\/i0.wp.com\/eltrabajo.cl\/portal\/wp-content\/uploads\/2015\/09\/moderno-bus.jpg?resize=300%2C198&amp;ssl=1 300w, https:\/\/i0.wp.com\/eltrabajo.cl\/portal\/wp-content\/uploads\/2015\/09\/moderno-bus.jpg?resize=200%2C132&amp;ssl=1 200w, https:\/\/i0.wp.com\/eltrabajo.cl\/portal\/wp-content\/uploads\/2015\/09\/moderno-bus.jpg?resize=228%2C150&amp;ssl=1 228w, https:\/\/i0.wp.com\/eltrabajo.cl\/portal\/wp-content\/uploads\/2015\/09\/moderno-bus.jpg?resize=400%2C263&amp;ssl=1 400w, https:\/\/i0.wp.com\/eltrabajo.cl\/portal\/wp-content\/uploads\/2015\/09\/moderno-bus.jpg?w=530&amp;ssl=1 530w\" sizes=\"auto, (max-width: 300px) 100vw, 300px\" \/><\/a><figcaption id=\"caption-attachment-61911\" class=\"wp-caption-text\">El alcalde Patricio Freire junto a dirigentes vecinales muy alegres por el nuevo bus que adquiri\u00f3 el municipio, financiado con recursos del Gobierno Regional.<\/figcaption><\/figure>\n<ul>\n<li><strong>Alcalde Freire agradeci\u00f3 a consejeros regionales por respaldar la iniciativa que permiti\u00f3 adquirir un moderno bus de 158 millones de pesos.<\/strong><\/li>\n<\/ul>\n<p>Capacidad para 46 pasajeros, tiene el bus que adquiri\u00f3 la municipalidad de San Felipe, gracias a un proyecto gestionado por el alcalde Patricio Freire y financiado con recursos de la Circular 33 del Gobierno Regional, que se traduce en una inversi\u00f3n de 158 millones de pesos.<br \/>\nEste jueves el jefe comunal, acompa\u00f1ado de dirigentes vecinales y funcionarios municipales, recibi\u00f3 el bus, el que seg\u00fan asever\u00f3 prestar\u00e1 una enorme utilidad, ya que ser\u00e1 puesto a disposici\u00f3n de la comunidad organizada, para el traslado de delegaciones que realizan paseos; as\u00ed como para campeonatos y actividades que se desarrollan fuera de la comuna de San Felipe.<br \/>\n\u201cEste era un anhelo de las instituciones deportivas, vecinales, de adultos mayores de nuestra comuna y hoy esto ya es una realidad. Lo postulamos a la Circular 33 del Gobierno Regional, as\u00ed como la adquisici\u00f3n de un cami\u00f3n tolva que tambi\u00e9n estar\u00e1 a nuestra disposici\u00f3n en las pr\u00f3ximas semanas. Esto nos pone muy contentos, ya que contamos con el respaldo de todos los consejeros regionales\u201d, se\u00f1al\u00f3 el alcalde Patricio Freire.<br \/>\nSe trata del primer bus destinado al transporte de vecinos de la comuna, que gestiona como proyecto la Municipalidad de San Felipe, iniciativa que fue valorada por los vecinos y particularmente por los dirigentes de las Uniones Comunales, en particular de la Unco de Juntas de Vecinos y Unco del Adulto Mayor, a trav\u00e9s de sus presidentes, Francisco Valenzuela y V\u00edctor Olave.<br \/>\n\u201cEsto es un gran avance para la comunidad, un gran avance para todas las organizaciones, es un beneficio enorme que vamos a tener todas las fuerzas vivas de la comuna, que podremos hacer uso de este bus que gestion\u00f3 la municipalidad\u201d, se\u00f1al\u00f3 Francisco Valenzuela.<br \/>\nEn este mismo sentido, el presidente de la Uni\u00f3n Comunal del Adulto Mayor, V\u00edctor Olave, manifest\u00f3 su esperanza de que una delegaci\u00f3n de los adultos mayores de la comuna pueda ser la primera en realizar un viaje en este bus, resaltando que \u201ces un gran orgullo porque el alcalde ha buscado un beneficio m\u00e1s para toda la comunidad, un bus es poco, pero el municipio ha conseguido un gran logro a favor de los vecinos y vecinas\u201d.<br \/>\nEl bus, cero kil\u00f3metro y con tecnolog\u00eda de punta, ya est\u00e1 en condiciones de ser utilizado para el desarrollo de actividades de transporte de vecinos, resaltando las autoridades que se espera avanzar en esta l\u00ednea, postulando proyectos similares para la adquisici\u00f3n de m\u00e1s buses que permitan satisfacer las necesidades de la comunidad sanfelipe\u00f1a.<\/p>\n","protected":false},"excerpt":{"rendered":"<p>Alcalde Freire agradeci\u00f3 a consejeros regionales por respaldar la iniciativa que permiti\u00f3 adquirir un moderno bus de 158 millones de pesos. Capacidad para 46 pasajeros, tiene el bus que adquiri\u00f3 la municipalidad&#8230;<\/p>\n","protected":false},"author":482,"featured_media":61911,"comment_status":"open","ping_status":"open","sticky":false,"template":"","format":"standard","meta":{"advanced_seo_description":"","jetpack_seo_html_title":"","jetpack_seo_noindex":false,"_jetpack_memberships_contains_paid_content":false,"footnotes":""},"categories":[1],"tags":[],"class_list":["post-61910","post","type-post","status-publish","format-standard","has-post-thumbnail","hentry","category-cronica"],"jetpack_featured_media_url":"https:\/\/i0.wp.com\/eltrabajo.cl\/portal\/wp-content\/uploads\/2015\/09\/moderno-bus.jpg?fit=530%2C349&ssl=1","jetpack_sharing_enabled":true,"jetpack_likes_enabled":true,"jetpack-related-posts":[],"_links":{"self":[{"href":"https:\/\/eltrabajo.cl\/portal\/wp-json\/wp\/v2\/posts\/61910","targetHints":{"allow":["GET"]}}],"collection":[{"href":"https:\/\/eltrabajo.cl\/portal\/wp-json\/wp\/v2\/posts"}],"about":[{"href":"https:\/\/eltrabajo.cl\/portal\/wp-json\/wp\/v2\/types\/post"}],"author":[{"embeddable":true,"href":"https:\/\/eltrabajo.cl\/portal\/wp-json\/wp\/v2\/users\/482"}],"replies":[{"embeddable":true,"href":"https:\/\/eltrabajo.cl\/portal\/wp-json\/wp\/v2\/comments?post=61910"}],"version-history":[{"count":0,"href":"https:\/\/eltrabajo.cl\/portal\/wp-json\/wp\/v2\/posts\/61910\/revisions"}],"wp:featuredmedia":[{"embeddable":true,"href":"https:\/\/eltrabajo.cl\/portal\/wp-json\/wp\/v2\/media\/61911"}],"wp:attachment":[{"href":"https:\/\/eltrabajo.cl\/portal\/wp-json\/wp\/v2\/media?parent=61910"}],"wp:term":[{"taxonomy":"category","embeddable":true,"href":"https:\/\/eltrabajo.cl\/portal\/wp-json\/wp\/v2\/categories?post=61910"},{"taxonomy":"post_tag","embeddable":true,"href":"https:\/\/eltrabajo.cl\/portal\/wp-json\/wp\/v2\/tags?post=61910"}],"curies":[{"name":"wp","href":"https:\/\/api.w.org\/{rel}","templated":true}]}}